{"id":117836,"date":"2024-06-05T08:54:57","date_gmt":"2024-06-05T11:54:57","guid":{"rendered":"https:\/\/cdnoticias.com\/?p=117836"},"modified":"2024-06-05T10:28:39","modified_gmt":"2024-06-05T13:28:39","slug":"encontraron-una-moto-en-la-via-publica-y-buscan-a-su-propietario","status":"publish","type":"post","link":"https:\/\/cdnoticias.com\/index.php\/2024\/06\/05\/encontraron-una-moto-en-la-via-publica-y-buscan-a-su-propietario\/","title":{"rendered":"Encontraron una moto en la v\u00eda p\u00fablica y buscan a su propietario"},"content":{"rendered":"\n<p>Fue hallada sin candado en la vereda de Laprida al 2100. Quien acredite su propiedad deber\u00e1 concurrir a la comisar\u00eda Segunda.<\/p>\n\n\n\n<hr class=\"wp-block-separator has-alpha-channel-opacity\"\/>\n\n\n\n<p>Personal del Comando de Patrullas Olavarr\u00eda respondi\u00f3 el martes a un llamado al 911 y retir\u00f3 de la v\u00eda p\u00fablica una <strong>moto que se encontraba desde hac\u00eda varias horas sin candado y sin aparecer el propietario.<\/strong><\/p>\n\n\n\n<p><\/p>\n\n\n\n<p>La moto Gilera 150cc de color azul, estaba en la vereda de<strong> Laprida al 2100.<\/strong><\/p>\n\n\n\n<p><\/p>\n\n\n\n<p>La persona que pueda acreditar su propiedad debe acercarse a la <strong>comisar\u00eda Segunda, ubicada en San Mart\u00edn 3846, con la documentaci\u00f3n respaldatoria<\/strong>, en el horario de <strong>9:00 a 13:00.<\/strong><\/p>\n\n\n\n<p><\/p>\n\n\n\n<p>La causa est\u00e1 caratulada como<strong> \u201challazgo\u201d <\/strong>a cargo de la UFI N\u00b010 del doctor Miguel Pi\u00f1eiro.<\/p>\n","protected":false},"excerpt":{"rendered":"<p>Fue hallada sin candado en la vereda de Laprida al 2100. Quien acredite su propiedad deber\u00e1 concurrir a la comisar\u00eda<\/p>\n","protected":false},"author":2,"featured_media":117839,"comment_status":"closed","ping_status":"closed","sticky":false,"template":"","format":"standard","meta":{"_jetpack_memberships_contains_paid_content":false,"footnotes":""},"categories":[14,1],"tags":[],"class_list":["post-117836","post","type-post","status-publish","format-standard","has-post-thumbnail","hentry","category-policiales","category-portada"],"jetpack_featured_media_url":"https:\/\/i0.wp.com\/cdnoticias.com\/wp-content\/uploads\/2024\/06\/moto-hallazgo.jpg?fit=800%2C445&ssl=1","jetpack_sharing_enabled":true,"_links":{"self":[{"href":"https:\/\/cdnoticias.com\/index.php\/wp-json\/wp\/v2\/posts\/117836","targetHints":{"allow":["GET"]}}],"collection":[{"href":"https:\/\/cdnoticias.com\/index.php\/wp-json\/wp\/v2\/posts"}],"about":[{"href":"https:\/\/cdnoticias.com\/index.php\/wp-json\/wp\/v2\/types\/post"}],"author":[{"embeddable":true,"href":"https:\/\/cdnoticias.com\/index.php\/wp-json\/wp\/v2\/users\/2"}],"replies":[{"embeddable":true,"href":"https:\/\/cdnoticias.com\/index.php\/wp-json\/wp\/v2\/comments?post=117836"}],"version-history":[{"count":0,"href":"https:\/\/cdnoticias.com\/index.php\/wp-json\/wp\/v2\/posts\/117836\/revisions"}],"wp:featuredmedia":[{"embeddable":true,"href":"https:\/\/cdnoticias.com\/index.php\/wp-json\/wp\/v2\/media\/117839"}],"wp:attachment":[{"href":"https:\/\/cdnoticias.com\/index.php\/wp-json\/wp\/v2\/media?parent=117836"}],"wp:term":[{"taxonomy":"category","embeddable":true,"href":"https:\/\/cdnoticias.com\/index.php\/wp-json\/wp\/v2\/categories?post=117836"},{"taxonomy":"post_tag","embeddable":true,"href":"https:\/\/cdnoticias.com\/index.php\/wp-json\/wp\/v2\/tags?post=117836"}],"curies":[{"name":"wp","href":"https:\/\/api.w.org\/{rel}","templated":true}]}}