{"id":117808,"date":"2024-06-04T19:09:12","date_gmt":"2024-06-04T22:09:12","guid":{"rendered":"https:\/\/cdnoticias.com\/?p=117808"},"modified":"2024-06-05T08:32:03","modified_gmt":"2024-06-05T11:32:03","slug":"presentaron-el-censo-industrial-de-olavarria-2024","status":"publish","type":"post","link":"https:\/\/cdnoticias.com\/index.php\/2024\/06\/04\/presentaron-el-censo-industrial-de-olavarria-2024\/","title":{"rendered":"Presentaron el Censo Industrial de Olavarr\u00eda 2024"},"content":{"rendered":"\n<p>Fue encabezado por el intendente Wesner junto a funcionarios y autoridades de la Facultad de Ingenier\u00eda, la Uni\u00f3n Industrial y propietarios del Parque Industrial. Buscar\u00e1n conocer informaci\u00f3n sobre producci\u00f3n, empleo, inversiones, utilizaci\u00f3n de tecnolog\u00eda y otros aspectos relevantes.<\/p>\n\n\n\n<hr class=\"wp-block-separator aligncenter has-alpha-channel-opacity\"\/>\n\n\n\n<p>En la tarde de este martes<strong>, el intendente Maximiliano Wesner encabez\u00f3 la presentaci\u00f3n del Censo Industrial Olavarr\u00eda 2024, que permitir\u00e1 obtener informaci\u00f3n clave para el dise\u00f1o de pol\u00edticas p\u00fablicas y conocer la realidad de uno de los sectores m\u00e1s importantes de la ciudad. Uno de los datos m\u00e1s fuertes es que el \u00faltimo censo se hab\u00eda realizado hace m\u00e1s de 10 a\u00f1os.<\/strong><\/p>\n\n\n\n<p>Del lanzamiento participaron adem\u00e1s el secretario de Desarrollo Econ\u00f3mico y Productivo Gast\u00f3n Sarachu, el subsecretario de Empresas e Inversiones Bernardo Baldino, la decana de la Facultad de Ingenier\u00eda Mar\u00eda Peralta, el presidente de la Uni\u00f3n Industrial de Olavarr\u00eda C\u00e9sar Longo y el presidente de la Asociaci\u00f3n de Propietarios del Parque Industrial de Olavarr\u00eda Germ\u00e1n Block.<\/p>\n\n\n\n<figure class=\"wp-block-image size-large\"><img data-recalc-dims=\"1\" loading=\"lazy\" decoding=\"async\" width=\"800\" height=\"445\" src=\"https:\/\/i0.wp.com\/cdnoticias.com\/wp-content\/uploads\/2024\/06\/censo-industria2024-4.jpg?resize=800%2C445&#038;ssl=1\" alt=\"\" class=\"wp-image-117797\" srcset=\"https:\/\/i0.wp.com\/cdnoticias.com\/wp-content\/uploads\/2024\/06\/censo-industria2024-4.jpg?resize=1024%2C570&amp;ssl=1 1024w, https:\/\/i0.wp.com\/cdnoticias.com\/wp-content\/uploads\/2024\/06\/censo-industria2024-4.jpg?resize=300%2C167&amp;ssl=1 300w, https:\/\/i0.wp.com\/cdnoticias.com\/wp-content\/uploads\/2024\/06\/censo-industria2024-4.jpg?resize=768%2C427&amp;ssl=1 768w, https:\/\/i0.wp.com\/cdnoticias.com\/wp-content\/uploads\/2024\/06\/censo-industria2024-4.jpg?resize=800%2C445&amp;ssl=1 800w, https:\/\/i0.wp.com\/cdnoticias.com\/wp-content\/uploads\/2024\/06\/censo-industria2024-4.jpg?w=1143&amp;ssl=1 1143w\" sizes=\"auto, (max-width: 800px) 100vw, 800px\" \/><\/figure>\n\n\n\n<p>Tras los saludos protocolares y el encuentro con varios integrantes de las entidades, el intendente Wesner fue el primer orador y dej\u00f3 en claro que <em>\u201ca trav\u00e9s de este trabajo buscamos tener un detalle completo del entramado productivo de nuestro Partido para trabajar de manera conjunta desde una misma matriz a partir de datos cuantitativos y cualitativos que potencien la actividad industrial de Olavarr\u00eda\u201d.<\/em><\/p>\n\n\n\n<p><em><strong>\u201cComo Municipio es un orgullo poder gestar esta herramienta tan importante no s\u00f3lo para el dise\u00f1o de pol\u00edticas p\u00fablicas sino tambi\u00e9n para ponerla a disposici\u00f3n de nuestros industriales y de las entidades. En un contexto tan adverso nos va a permitir conocer detalladamente la realidad de cada una de las pymes, atender la cadena sectorial y fundamentalmente dise\u00f1ar oportunidades para la radicaci\u00f3n de empresas, inversiones y nuevos capitales que motoricen el desarrollo econ\u00f3mico de Olavarr\u00eda\u201d<\/strong><\/em>, asegur\u00f3 el jefe comunal.<\/p>\n\n\n\n<figure class=\"wp-block-image size-large\"><img data-recalc-dims=\"1\" loading=\"lazy\" decoding=\"async\" width=\"800\" height=\"445\" src=\"https:\/\/i0.wp.com\/cdnoticias.com\/wp-content\/uploads\/2024\/06\/censo-industria2024.jpg?resize=800%2C445&#038;ssl=1\" alt=\"\" class=\"wp-image-117793\" srcset=\"https:\/\/i0.wp.com\/cdnoticias.com\/wp-content\/uploads\/2024\/06\/censo-industria2024.jpg?resize=1024%2C570&amp;ssl=1 1024w, https:\/\/i0.wp.com\/cdnoticias.com\/wp-content\/uploads\/2024\/06\/censo-industria2024.jpg?resize=300%2C167&amp;ssl=1 300w, https:\/\/i0.wp.com\/cdnoticias.com\/wp-content\/uploads\/2024\/06\/censo-industria2024.jpg?resize=768%2C427&amp;ssl=1 768w, https:\/\/i0.wp.com\/cdnoticias.com\/wp-content\/uploads\/2024\/06\/censo-industria2024.jpg?resize=800%2C445&amp;ssl=1 800w, https:\/\/i0.wp.com\/cdnoticias.com\/wp-content\/uploads\/2024\/06\/censo-industria2024.jpg?w=1143&amp;ssl=1 1143w\" sizes=\"auto, (max-width: 800px) 100vw, 800px\" \/><\/figure>\n\n\n\n<p>Durante el lanzamiento, desde el Ejecutivo local indicaron que se trata de un proceso exhaustivo de recolecci\u00f3n de datos que busca obtener informaci\u00f3n detallada sobre todas las unidades econ\u00f3micas dedicadas a actividades industriales en la regi\u00f3n. <em><strong>\u201cEste censo proporcionar\u00e1 una visi\u00f3n integral de la estructura y funcionamiento del sector industrial, incluyendo datos sobre producci\u00f3n, empleo, inversiones, utilizaci\u00f3n de tecnolog\u00eda y otros aspectos relevantes\u201d<\/strong><\/em>, detall\u00f3 el intendente Wesner.<\/p>\n\n\n\n<p>Por su parte, la decana de la Facultad de Ingenier\u00eda, Mar\u00eda Peralta, remarc\u00f3 que<em> \u201cestamos muy agradecidos de esta convocatoria porque vamos a trabajar de manera conjunta en temas que necesita la sociedad, en este caso las empresas de Olavarr\u00eda. Sabemos que, si nos juntamos el sector p\u00fablico, el sector privado y el conocimiento universitario es un desarrollo camino de trabajo important\u00edsimo para nuestra comunidad\u201d.\u00a0<\/em><\/p>\n\n\n\n<blockquote class=\"wp-block-quote is-layout-flow wp-block-quote-is-layout-flow\">\n<p>\u201cEsta propuesta colabora en la formaci\u00f3n de los futuros profesionales profundizando temas de investigaci\u00f3n con impacto concreto en el territorio y a la vez este censo permite realizar un aporte en la vinculaci\u00f3n y transferencia de conocimiento asumiendo el rol fundamental que debe tener la universidad p\u00fablica en el trabajo conjunto con las empresas, las entidades y el Municipio\u201d, consider\u00f3 la decana Mar\u00eda Peralta.<\/p>\n<\/blockquote>\n\n\n\n<p>En ese sentido, el Secretario de Desarrollo Econ\u00f3mico, Gast\u00f3n Sarachu, explic\u00f3 que<em><strong> \u201csi bien este tipo de censos se han implementado en otras ciudades y provincias del pa\u00eds, en el Partido de Olavarr\u00eda hace m\u00e1s de 10 a\u00f1os que no se llevaba adelante este registro, que es fundamental teniendo en cuenta que permite obtener informaci\u00f3n clave para pol\u00edticas p\u00fablicas, como as\u00ed tambi\u00e9n generar aportes para una asignaci\u00f3n eficiente de recursos productivos y fortalecer la toma de decisiones en materia comercial y productiva\u201d.<\/strong><\/em><\/p>\n\n\n\n<figure class=\"wp-block-image size-large\"><img data-recalc-dims=\"1\" loading=\"lazy\" decoding=\"async\" width=\"800\" height=\"445\" src=\"https:\/\/i0.wp.com\/cdnoticias.com\/wp-content\/uploads\/2024\/06\/censo-industria2024-5.jpg?resize=800%2C445&#038;ssl=1\" alt=\"\" class=\"wp-image-117798\" srcset=\"https:\/\/i0.wp.com\/cdnoticias.com\/wp-content\/uploads\/2024\/06\/censo-industria2024-5.jpg?resize=1024%2C570&amp;ssl=1 1024w, https:\/\/i0.wp.com\/cdnoticias.com\/wp-content\/uploads\/2024\/06\/censo-industria2024-5.jpg?resize=300%2C167&amp;ssl=1 300w, https:\/\/i0.wp.com\/cdnoticias.com\/wp-content\/uploads\/2024\/06\/censo-industria2024-5.jpg?resize=768%2C427&amp;ssl=1 768w, https:\/\/i0.wp.com\/cdnoticias.com\/wp-content\/uploads\/2024\/06\/censo-industria2024-5.jpg?resize=800%2C445&amp;ssl=1 800w, https:\/\/i0.wp.com\/cdnoticias.com\/wp-content\/uploads\/2024\/06\/censo-industria2024-5.jpg?w=1116&amp;ssl=1 1116w\" sizes=\"auto, (max-width: 800px) 100vw, 800px\" \/><\/figure>\n\n\n\n<p><strong>El estudio abarcar\u00e1 a m\u00e1s de 800 pymes industriales y de servicios a la industria y se desarrollar\u00e1 en formato mixto, una etapa a censar en territorio y otra que ser\u00e1 en formato virtual. <\/strong>Cabe se\u00f1alar que el \u00faltimo Censo Industrial local se realiz\u00f3 en el a\u00f1o 2011-2012, en tanto en el a\u00f1o 2022-2023 se llev\u00f3 a cabo la Encuesta al Comercio Minorista y el Censo Minero en 2023 como antecedentes inmediatos en Olavarr\u00eda.<\/p>\n\n\n\n<p>Desde la Secretar\u00eda de Desarrollo Econ\u00f3mico y Productivo de la Municipalidad se planificaron diferentes instancias que comprenden la <strong>capacitaci\u00f3n de censistas, la realizaci\u00f3n del censo en territorio, el an\u00e1lisis y procesamiento de datos, la presentaci\u00f3n de resultados y la realizaci\u00f3n de encuestas trimestrales.<\/strong><\/p>\n\n\n\n<p>Entre los aspectos que se abordar\u00e1n se encuentran: <strong>datos generales de la empresa, recursos humanos, clientes y proveedores, desempe\u00f1o, procesos y gesti\u00f3n de la innovaci\u00f3n, expectativas, madurez tecnol\u00f3gica y medio ambiente y eficiencia energ\u00e9tica.<\/strong><\/p>\n\n\n\n<p>El Censo Industrial Olavarr\u00eda 2024 es impulsado por el Municipio de Olavarr\u00eda, a trav\u00e9s de la Secretar\u00eda de Desarrollo Econ\u00f3mico y Productivo, Facultad de Ingenier\u00eda, Uni\u00f3n Industrial y Asociaci\u00f3n de Propietarios del Parque Industrial.<\/p>\n","protected":false},"excerpt":{"rendered":"<p>Fue encabezado por el intendente Wesner junto a funcionarios y autoridades de la Facultad de Ingenier\u00eda, la Uni\u00f3n Industrial y<\/p>\n","protected":false},"author":2,"featured_media":117794,"comment_status":"closed","ping_status":"closed","sticky":false,"template":"","format":"standard","meta":{"_jetpack_memberships_contains_paid_content":false,"footnotes":""},"categories":[5,1],"tags":[],"class_list":["post-117808","post","type-post","status-publish","format-standard","has-post-thumbnail","hentry","category-informacion-general","category-portada"],"jetpack_featured_media_url":"https:\/\/i0.wp.com\/cdnoticias.com\/wp-content\/uploads\/2024\/06\/censo-industria2024-1.jpg?fit=1143%2C636&ssl=1","jetpack_sharing_enabled":true,"_links":{"self":[{"href":"https:\/\/cdnoticias.com\/index.php\/wp-json\/wp\/v2\/posts\/117808","targetHints":{"allow":["GET"]}}],"collection":[{"href":"https:\/\/cdnoticias.com\/index.php\/wp-json\/wp\/v2\/posts"}],"about":[{"href":"https:\/\/cdnoticias.com\/index.php\/wp-json\/wp\/v2\/types\/post"}],"author":[{"embeddable":true,"href":"https:\/\/cdnoticias.com\/index.php\/wp-json\/wp\/v2\/users\/2"}],"replies":[{"embeddable":true,"href":"https:\/\/cdnoticias.com\/index.php\/wp-json\/wp\/v2\/comments?post=117808"}],"version-history":[{"count":0,"href":"https:\/\/cdnoticias.com\/index.php\/wp-json\/wp\/v2\/posts\/117808\/revisions"}],"wp:featuredmedia":[{"embeddable":true,"href":"https:\/\/cdnoticias.com\/index.php\/wp-json\/wp\/v2\/media\/117794"}],"wp:attachment":[{"href":"https:\/\/cdnoticias.com\/index.php\/wp-json\/wp\/v2\/media?parent=117808"}],"wp:term":[{"taxonomy":"category","embeddable":true,"href":"https:\/\/cdnoticias.com\/index.php\/wp-json\/wp\/v2\/categories?post=117808"},{"taxonomy":"post_tag","embeddable":true,"href":"https:\/\/cdnoticias.com\/index.php\/wp-json\/wp\/v2\/tags?post=117808"}],"curies":[{"name":"wp","href":"https:\/\/api.w.org\/{rel}","templated":true}]}}