{"id":117799,"date":"2024-06-05T19:30:04","date_gmt":"2024-06-05T22:30:04","guid":{"rendered":"https:\/\/cdnoticias.com\/?p=117799"},"modified":"2024-06-05T19:30:06","modified_gmt":"2024-06-05T22:30:06","slug":"carnet-hospitalario-nuevas-jornadas-de-re-empadronamiento","status":"publish","type":"post","link":"https:\/\/cdnoticias.com\/index.php\/2024\/06\/05\/carnet-hospitalario-nuevas-jornadas-de-re-empadronamiento\/","title":{"rendered":"Carnet Hospitalario: nuevas jornadas de re-empadronamiento"},"content":{"rendered":"\n<p>La primera jornada ser\u00e1 este jueves en el CAPS N\u00b03 \u201cAmoroso\u201d. Se solicita a quienes posean el carnet vencido, se acerquen con DNI propio y de todo el grupo familiar, para regularizar el mismo.<\/p>\n\n\n\n<hr class=\"wp-block-separator aligncenter has-alpha-channel-opacity\"\/>\n\n\n\n<p>El Municipio, mediante un trabajo conjunto entre el <strong>Servicio de Carnet Hospitalario <\/strong>y la Subsecretar\u00eda de Atenci\u00f3n Primaria, llevar\u00e1 adelante nuevas <strong>jornadas de re-empadronamiento.<\/strong><\/p>\n\n\n\n<p><\/p>\n\n\n\n<p>En esta oportunidad, tales jornadas se efectuar\u00e1n en funci\u00f3n del <strong>siguiente cronograma<\/strong>:<\/p>\n\n\n\n<ul class=\"wp-block-list\">\n<li>Jueves 6 de junio: CAPS N\u00b0 3 \u201cAmoroso\u201d: De 08:00 a 12:00 horas en Dean Funes y \u00c1lvaro Barros.<\/li>\n<\/ul>\n\n\n\n<ul class=\"wp-block-list\">\n<li>Jueves 13 de junio: CAPS N\u00b0 5 \u201cH. Yrigoyen\u201d: De 08:00 a 12:00 horas en Berutti y Rufino Fal.<\/li>\n<\/ul>\n\n\n\n<p><\/p>\n\n\n\n<blockquote class=\"wp-block-quote is-layout-flow wp-block-quote-is-layout-flow\">\n<p>Las jornadas de re-empadronamiento est\u00e1n destinadas a la poblaci\u00f3n de dichos CAPS; a los fines de regularizar su empadronamiento (actualizar datos y\/o carnet hospitalario).<\/p>\n<\/blockquote>\n\n\n\n<p><\/p>\n\n\n\n<p>Se solicita a quienes posean el carnet vencido, se acerquen con DNI propio y de todo el grupo familiar, para regularizar el mismo.<\/p>\n","protected":false},"excerpt":{"rendered":"<p>La primera jornada ser\u00e1 este jueves en el CAPS N\u00b03 \u201cAmoroso\u201d. Se solicita a quienes posean el carnet vencido, se<\/p>\n","protected":false},"author":6,"featured_media":1001,"comment_status":"closed","ping_status":"closed","sticky":false,"template":"","format":"standard","meta":{"_jetpack_memberships_contains_paid_content":false,"footnotes":""},"categories":[5,1],"tags":[],"class_list":["post-117799","post","type-post","status-publish","format-standard","has-post-thumbnail","hentry","category-informacion-general","category-portada"],"jetpack_featured_media_url":"https:\/\/i0.wp.com\/cdnoticias.com\/wp-content\/uploads\/2020\/09\/HospitalMunicipal02.jpg?fit=4608%2C3072&ssl=1","jetpack_sharing_enabled":true,"_links":{"self":[{"href":"https:\/\/cdnoticias.com\/index.php\/wp-json\/wp\/v2\/posts\/117799","targetHints":{"allow":["GET"]}}],"collection":[{"href":"https:\/\/cdnoticias.com\/index.php\/wp-json\/wp\/v2\/posts"}],"about":[{"href":"https:\/\/cdnoticias.com\/index.php\/wp-json\/wp\/v2\/types\/post"}],"author":[{"embeddable":true,"href":"https:\/\/cdnoticias.com\/index.php\/wp-json\/wp\/v2\/users\/6"}],"replies":[{"embeddable":true,"href":"https:\/\/cdnoticias.com\/index.php\/wp-json\/wp\/v2\/comments?post=117799"}],"version-history":[{"count":0,"href":"https:\/\/cdnoticias.com\/index.php\/wp-json\/wp\/v2\/posts\/117799\/revisions"}],"wp:featuredmedia":[{"embeddable":true,"href":"https:\/\/cdnoticias.com\/index.php\/wp-json\/wp\/v2\/media\/1001"}],"wp:attachment":[{"href":"https:\/\/cdnoticias.com\/index.php\/wp-json\/wp\/v2\/media?parent=117799"}],"wp:term":[{"taxonomy":"category","embeddable":true,"href":"https:\/\/cdnoticias.com\/index.php\/wp-json\/wp\/v2\/categories?post=117799"},{"taxonomy":"post_tag","embeddable":true,"href":"https:\/\/cdnoticias.com\/index.php\/wp-json\/wp\/v2\/tags?post=117799"}],"curies":[{"name":"wp","href":"https:\/\/api.w.org\/{rel}","templated":true}]}}