{"id":117762,"date":"2024-06-04T17:30:03","date_gmt":"2024-06-04T20:30:03","guid":{"rendered":"https:\/\/cdnoticias.com\/?p=117762"},"modified":"2024-06-04T20:40:56","modified_gmt":"2024-06-04T23:40:56","slug":"intoxicacion-con-monoxido-de-carbono-puede-traer-consecuencias-muy-graves-a-la-salud","status":"publish","type":"post","link":"https:\/\/cdnoticias.com\/index.php\/2024\/06\/04\/intoxicacion-con-monoxido-de-carbono-puede-traer-consecuencias-muy-graves-a-la-salud\/","title":{"rendered":"Intoxicaci\u00f3n con mon\u00f3xido de carbono: \u201cpuede traer consecuencias muy graves a la salud\u201d"},"content":{"rendered":"<p>Lo dijo Adri\u00e1n Guevara, subcomandante de Bomberos Voluntarios de Olavarr\u00eda. Las recomendaciones para la prevenci\u00f3n: control de los aparatos de calefacci\u00f3n y mantenimiento a cargo de un gasista matriculado.<!--more--><\/p>\n<hr \/>\n<p><strong>Adri\u00e1n Guevara, subcomandante de Bomberos Voluntarios de Olavarr\u00eda<\/strong>, habl\u00f3 de la<strong> prevenci\u00f3n de intoxicaciones por mon\u00f3xido de carbono<\/strong> en el programa Levantate por FM Sapiens (102.7). <em>\u201cEs un tema que nos preocupa en esta \u00e9poca del a\u00f1o donde los fr\u00edos comienzan a sentirse y la gente utiliza todo tipo de sistemas para calefaccionarse\u201d<\/em> dijo.<\/p>\n<p>El Ministerio de Salud bonaerense inform\u00f3 que <strong>se registraron 7 casos de intoxicaciones de este tipo en Olavarr\u00eda<\/strong> en lo que va del a\u00f1o. <a href=\"https:\/\/cdnoticias.com\/index.php\/2024\/06\/04\/en-olavarria-se-detectaron-4-casos-de-intoxicacion-por-monoxido-de-carbono\/\" target=\"_blank\" rel=\"noopener\">A nivel provincial se contaron 53 casos en total.<\/a><\/p>\n<p><strong>\u201cAnualmente se producen casi 200 muertes en Argentina por este problema y son cuestiones que pueden ser evitables\u201d<\/strong> subray\u00f3 Guevara para apuntar a la necesidad de realizar campa\u00f1as de prevenci\u00f3n. Adem\u00e1s, tuvo en cuenta que<em> \u201cse viene un invierno fr\u00edo con temperaturas por debajo de lo normal\u201d lo que aumenta el riesgo de este tipo de accidentes.<\/em><\/p>\n<blockquote><p>En ese sentido, enumer\u00f3 distintos aspectos que los usuarios deben tener en cuenta a la hora de encender y utilizar la calefacci\u00f3n: \u201cque se controle la llama, que todas las reparaciones tiene que hacerlas un gasista matriculado, que las ventilaciones son tan o m\u00e1s importante que el artefacto. El ambiente tiene que estar ventilado, tiene que entrar aire para que nosotros podamos respirar el ox\u00edgeno\u201d.<\/p><\/blockquote>\n<figure id=\"attachment_117767\" aria-describedby=\"caption-attachment-117767\" style=\"width: 630px\" class=\"wp-caption aligncenter\"><img data-recalc-dims=\"1\" loading=\"lazy\" decoding=\"async\" class=\"wp-image-117767 size-full\" src=\"https:\/\/i0.wp.com\/cdnoticias.com\/wp-content\/uploads\/2024\/06\/monoxido-de-carbono-gas-intoxicado.jpeg?resize=630%2C420&#038;ssl=1\" alt=\"\" width=\"630\" height=\"420\" srcset=\"https:\/\/i0.wp.com\/cdnoticias.com\/wp-content\/uploads\/2024\/06\/monoxido-de-carbono-gas-intoxicado.jpeg?w=630&amp;ssl=1 630w, https:\/\/i0.wp.com\/cdnoticias.com\/wp-content\/uploads\/2024\/06\/monoxido-de-carbono-gas-intoxicado.jpeg?resize=300%2C200&amp;ssl=1 300w, https:\/\/i0.wp.com\/cdnoticias.com\/wp-content\/uploads\/2024\/06\/monoxido-de-carbono-gas-intoxicado.jpeg?resize=272%2C182&amp;ssl=1 272w\" sizes=\"auto, (max-width: 630px) 100vw, 630px\" \/><figcaption id=\"caption-attachment-117767\" class=\"wp-caption-text\">El color de la llama, uno de los indicadores de la correcta combusti\u00f3n del gas.<\/figcaption><\/figure>\n<p><strong>El mon\u00f3xido de carbono es un gas que no tiene olor, ni color, ni gusto. Es t\u00f3xico para las personas<\/strong>, respirarlo puede afectar la salud y hasta producir la muerte. Por lo tanto, se requiere prestar atenci\u00f3n a su uso para mantener una correcta combusti\u00f3n en los calefactores y evitar accidentes. Guevara indic\u00f3 que debe <strong>\u201crealizarse el mantenimiento adecuado antes de encenderlo<\/strong>, podemos tener la presencia de este gas que es invisible, que no tiene olor, que no se percibe en el ambiente. <strong>La inhalaci\u00f3n de este gas venenoso puede traer consecuencias muy graves a la salud\u201d<\/strong>.<\/p>\n<p><strong>\u201cEl color de la llama es uno de los indicadores\u201d<\/strong> del buen funcionamiento de un artefacto de calefacci\u00f3n a gas. El bombero explic\u00f3 que<strong> \u201cla llama tiene que ser azul, totalmente azul, porque nos da el indicio de que esa combusti\u00f3n es completa.<\/strong> El combustible, en este caso el gas de un calefactor, en combinaci\u00f3n con el ox\u00edgeno produce esa reacci\u00f3n. La llama azul indica que el artefacto est\u00e1 funcionando de manera correcta\u201d. Por otro lado,<strong> \u201csi la llama es amarilla, anaranjada, hay que prestarle atenci\u00f3n porque seguramente ese artefacto va a necesitar alg\u00fan tipo de reparaci\u00f3n, limpieza o mantenimiento\u201d<\/strong> ya que la combusti\u00f3n no es correcta. Otro indicador que mencion\u00f3 es<strong> \u201cla pared tiznada donde se encuentra el artefacto, tambi\u00e9n hace entender que el equipo est\u00e1 trabajando mal<\/strong> y que est\u00e1 emitiendo mon\u00f3xido de carbono al ambiente, que nosotros lo respiramos\u201d.<\/p>\n<p>A\u00f1adi\u00f3 que deben utilizarse los artefactos \u201cde la manera adecuada.<strong> Lo ideal ser\u00eda tener un artefacto con tiro balanceado, que tome ox\u00edgeno desde el exterior y emita los gases hacia el exterior<\/strong>, que haya una circulaci\u00f3n en este sentido y que no consuma el ox\u00edgeno del ambiente. Mucho menos, que pueda emanar ese mon\u00f3xido al ambiente donde nosotros respiramos. <strong>Los hornos de cocina y hornallas, totalmente prohibidos para calefaccionar el hogar\u201d<\/strong>.<\/p>\n<p>Acerca de <strong>los hornos y cocinas<\/strong>, Adri\u00e1n Guevara expuso que <strong>\u201ctoman el ox\u00edgeno del ambiente para poder realizar la combusti\u00f3n y reducen el porcentaje de ox\u00edgeno en el ambiente.<\/strong> Eso hace que a la combusti\u00f3n en alg\u00fan momento le est\u00e9 faltando ox\u00edgeno y empieza a generar la llama amarilla\u201d.<\/p>\n<figure id=\"attachment_117306\" aria-describedby=\"caption-attachment-117306\" style=\"width: 800px\" class=\"wp-caption aligncenter\"><img data-recalc-dims=\"1\" loading=\"lazy\" decoding=\"async\" class=\"wp-image-117306\" src=\"https:\/\/i0.wp.com\/cdnoticias.com\/wp-content\/uploads\/2024\/05\/adrian-guevara.jpg?resize=800%2C445&#038;ssl=1\" alt=\"\" width=\"800\" height=\"445\" srcset=\"https:\/\/i0.wp.com\/cdnoticias.com\/wp-content\/uploads\/2024\/05\/adrian-guevara.jpg?w=1000&amp;ssl=1 1000w, https:\/\/i0.wp.com\/cdnoticias.com\/wp-content\/uploads\/2024\/05\/adrian-guevara.jpg?resize=300%2C167&amp;ssl=1 300w, https:\/\/i0.wp.com\/cdnoticias.com\/wp-content\/uploads\/2024\/05\/adrian-guevara.jpg?resize=768%2C427&amp;ssl=1 768w, https:\/\/i0.wp.com\/cdnoticias.com\/wp-content\/uploads\/2024\/05\/adrian-guevara.jpg?resize=800%2C445&amp;ssl=1 800w\" sizes=\"auto, (max-width: 800px) 100vw, 800px\" \/><figcaption id=\"caption-attachment-117306\" class=\"wp-caption-text\">\u201cAnualmente se producen casi 200 muertes en Argentina por este problema y son cuestiones que pueden ser evitables\u201d destac\u00f3 Guevara.<\/figcaption><\/figure>\n<h3>Intoxicaci\u00f3n con mon\u00f3xido de carbono<\/h3>\n<p>El bombero hizo hincapi\u00e9 en las <strong>dificultades para advertir la intoxicaci\u00f3n con mon\u00f3xido de carbono con los s\u00edntomas en las personas<\/strong>.<\/p>\n<blockquote><p>\u201cNos damos cuenta de que estamos intoxicados o envenenados cuando ya muchas veces puede llegar a ser tarde. Porque los s\u00edntomas se confunden con cuestiones que tienen que ver con s\u00edntomas estomacales: generan dolor de cabeza, v\u00f3mitos, mareos hasta que uno pierde la conciencia y puede correr peligro la vida\u201d explic\u00f3 Adri\u00e1n Guevara.<\/p><\/blockquote>\n<p>La recomendaci\u00f3n del experto es<strong> \u201ctener siempre, por favor, los n\u00fameros de emergencia a mano\u201d: el 100 de Bomberos y el 107 de Emergencia del Hospital<\/strong>.<\/p>\n<p><em>\u00bfC\u00f3mo proceder ante un caso de intoxicaci\u00f3n por mon\u00f3xido de carbono?<\/em> \u201cCuando uno entiende que hay alguna persona intoxicada por esta situaci\u00f3n, lo primero que tiene que hacer es <strong>retirar a la persona del ambiente para que pueda respirar aire puro<\/strong> y s\u00ed o s\u00ed <strong>llamar a los servicios de emergencia<\/strong> porque la intoxicaci\u00f3n tiene su correlato. <strong>No por abrir las ventanas la situaci\u00f3n est\u00e1 controlada.<\/strong> La persona que tiene esos s\u00edntomas debe dirigirse a un centro asistencial para que puedan brindarle la atenci\u00f3n\u201d.<\/p>\n<blockquote class=\"wp-embedded-content\" data-secret=\"mwcrHR8XVV\"><p><a href=\"https:\/\/cdnoticias.com\/index.php\/2024\/06\/04\/en-olavarria-se-detectaron-4-casos-de-intoxicacion-por-monoxido-de-carbono\/\">En Olavarr\u00eda se detectaron 4 casos de intoxicaci\u00f3n por mon\u00f3xido de carbono<\/a><\/p><\/blockquote>\n<p><iframe loading=\"lazy\" class=\"wp-embedded-content\" sandbox=\"allow-scripts\" security=\"restricted\" style=\"position: absolute; visibility: hidden;\" title=\"&#8220;En Olavarr\u00eda se detectaron 4 casos de intoxicaci\u00f3n por mon\u00f3xido de carbono&#8221; &#8212; Central de Noticias | Olavarr\u00eda\" src=\"https:\/\/cdnoticias.com\/index.php\/2024\/06\/04\/en-olavarria-se-detectaron-4-casos-de-intoxicacion-por-monoxido-de-carbono\/embed\/#?secret=P8JbLn4srB#?secret=mwcrHR8XVV\" data-secret=\"mwcrHR8XVV\" width=\"600\" height=\"338\" frameborder=\"0\" marginwidth=\"0\" marginheight=\"0\" scrolling=\"no\"><\/iframe><\/p>\n","protected":false},"excerpt":{"rendered":"<p>Lo dijo Adri\u00e1n Guevara, subcomandante de Bomberos Voluntarios de Olavarr\u00eda. Las recomendaciones para la prevenci\u00f3n: control de los aparatos de<\/p>\n","protected":false},"author":4,"featured_media":111700,"comment_status":"closed","ping_status":"closed","sticky":false,"template":"","format":"standard","meta":{"_jetpack_memberships_contains_paid_content":false,"footnotes":""},"categories":[5,1],"tags":[],"class_list":["post-117762","post","type-post","status-publish","format-standard","has-post-thumbnail","hentry","category-informacion-general","category-portada"],"jetpack_featured_media_url":"https:\/\/i0.wp.com\/cdnoticias.com\/wp-content\/uploads\/2024\/03\/conferencia-guevara-defensacivil-scaled.jpg?fit=2560%2C1424&ssl=1","jetpack_sharing_enabled":true,"_links":{"self":[{"href":"https:\/\/cdnoticias.com\/index.php\/wp-json\/wp\/v2\/posts\/117762","targetHints":{"allow":["GET"]}}],"collection":[{"href":"https:\/\/cdnoticias.com\/index.php\/wp-json\/wp\/v2\/posts"}],"about":[{"href":"https:\/\/cdnoticias.com\/index.php\/wp-json\/wp\/v2\/types\/post"}],"author":[{"embeddable":true,"href":"https:\/\/cdnoticias.com\/index.php\/wp-json\/wp\/v2\/users\/4"}],"replies":[{"embeddable":true,"href":"https:\/\/cdnoticias.com\/index.php\/wp-json\/wp\/v2\/comments?post=117762"}],"version-history":[{"count":0,"href":"https:\/\/cdnoticias.com\/index.php\/wp-json\/wp\/v2\/posts\/117762\/revisions"}],"wp:featuredmedia":[{"embeddable":true,"href":"https:\/\/cdnoticias.com\/index.php\/wp-json\/wp\/v2\/media\/111700"}],"wp:attachment":[{"href":"https:\/\/cdnoticias.com\/index.php\/wp-json\/wp\/v2\/media?parent=117762"}],"wp:term":[{"taxonomy":"category","embeddable":true,"href":"https:\/\/cdnoticias.com\/index.php\/wp-json\/wp\/v2\/categories?post=117762"},{"taxonomy":"post_tag","embeddable":true,"href":"https:\/\/cdnoticias.com\/index.php\/wp-json\/wp\/v2\/tags?post=117762"}],"curies":[{"name":"wp","href":"https:\/\/api.w.org\/{rel}","templated":true}]}}