{"id":117750,"date":"2024-06-05T09:47:01","date_gmt":"2024-06-05T12:47:01","guid":{"rendered":"https:\/\/cdnoticias.com\/?p=117750"},"modified":"2024-06-05T09:47:04","modified_gmt":"2024-06-05T12:47:04","slug":"desde-ahora-olavarria-reclaman-por-las-condiciones-edilicias-de-la-direccion-de-discapacidad","status":"publish","type":"post","link":"https:\/\/cdnoticias.com\/index.php\/2024\/06\/05\/desde-ahora-olavarria-reclaman-por-las-condiciones-edilicias-de-la-direccion-de-discapacidad\/","title":{"rendered":"Desde Ahora Olavarr\u00eda reclaman por las condiciones edilicias de la Direcci\u00f3n de Discapacidad"},"content":{"rendered":"<p>Se inform\u00f3 que los concejales visitaron tanto la sede que dej\u00f3 la oficina municipal como la nueva sede. Denunciaron \u201cproblemas estructurales\u201d y \u201cfalta de mantenimiento\u201d. El reclamo de usuarios del servicio.<\/p>\n<p><!--more--><\/p>\n<hr \/>\n<p>El <strong>bloque de concejales de Ahora Olavarr\u00eda<\/strong> dio a conocer que la semana pasada present\u00f3 un <strong>proyecto de comunicaci\u00f3n en el Concejo Deliberante<\/strong> de Olavarr\u00eda para demandar al Ejecutivo<strong> \u201cacondicionar el nuevo edificio de la Direcci\u00f3n de Discapacidad\u201d<\/strong> municipal a fin de brindar buenas condiciones al personal y a los vecinos que se acercan.<\/p>\n<p>Adem\u00e1s, se inform\u00f3 que <strong>este lunes se presentaron en el Legislativo usuarios del servicio quienes se expresaron para pedir \u201cla revisi\u00f3n urgente\u201d del cambio de sede.<\/strong><\/p>\n<p><strong>\u201cLos concejales de Ahora Olavarr\u00eda visitamos hace unos d\u00edas los dos establecimientos<\/strong>, donde funciona hasta el d\u00eda de la fecha la Direcci\u00f3n de Discapacidad y Personas Mayores y la pr\u00f3xima sede del mismo\u201d expuso a trav\u00e9s de un comunicado el bloque libertario.<\/p>\n<p>Cabe recordar que la semana pasada, <a href=\"https:\/\/cdnoticias.com\/index.php\/2024\/05\/29\/nueva-sede-de-la-direccion-de-discapacidad-y-personas-mayores\/\" target=\"_blank\" rel=\"noopener\">el Municipio inform\u00f3 que<strong> la Direcci\u00f3n se mud\u00f3 a Las Heras y La Rioja<\/strong><\/a> donde la atenci\u00f3n comenz\u00f3 este lunes de 8 a 12.<\/p>\n<p><img data-recalc-dims=\"1\" loading=\"lazy\" decoding=\"async\" class=\"size-full wp-image-117752 aligncenter\" src=\"https:\/\/i0.wp.com\/cdnoticias.com\/wp-content\/uploads\/2024\/06\/HCD-discapacidad.jpg?resize=800%2C444&#038;ssl=1\" alt=\"\" width=\"800\" height=\"444\" srcset=\"https:\/\/i0.wp.com\/cdnoticias.com\/wp-content\/uploads\/2024\/06\/HCD-discapacidad.jpg?w=800&amp;ssl=1 800w, https:\/\/i0.wp.com\/cdnoticias.com\/wp-content\/uploads\/2024\/06\/HCD-discapacidad.jpg?resize=300%2C167&amp;ssl=1 300w, https:\/\/i0.wp.com\/cdnoticias.com\/wp-content\/uploads\/2024\/06\/HCD-discapacidad.jpg?resize=768%2C426&amp;ssl=1 768w\" sizes=\"auto, (max-width: 800px) 100vw, 800px\" \/><\/p>\n<blockquote><p>Los ediles indicaron que \u201cnos encontramos no s\u00f3lo con problemas estructurales como ba\u00f1os y espacios no preparados para personas con discapacidad, sino tambi\u00e9n con humedad y falta de mantenimiento de los mismos. Las respuestas de la directora de Discapacidad a las preguntas del por qu\u00e9 cambiar\u00edan s\u00f3lo fue \u00b4por cuestiones de comodidad\u00b4, cuando en realidad es que ninguna de las dos sedes est\u00e1 ni cerca de ser un lugar apropiado para dicho fin donde se atiende personas con insuficiencias respiratorias, renales, card\u00edacas y epilepsia, sin nombrar la distancia de 50 cuadras de la nueva Direcci\u00f3n al Hospital Municipal y que en la misma no funciona guardia m\u00e9dica\u201d.<\/p><\/blockquote>\n<p>Asimismo, expusieron que<strong> este lunes \u201cse presentaron en el Concejo Deliberante personas con discapacidad y familiares pidiendo la revisi\u00f3n urgente<\/strong> de las decisiones tomadas por el Ejecutivo sobre el cambio de edificio\u201d. Seg\u00fan se detall\u00f3, <strong>se presentaron m\u00e1s de 100 firmas en apoyo a este pedido<\/strong>.<\/p>\n<p>Fueron recibidos por el <strong>concejal Marcelo Pethes<\/strong> y por <strong>el secretario del HCD, Mariano Ferro<\/strong>.<\/p>\n<h3>El proyecto de comunicaci\u00f3n<\/h3>\n<p>Los concejales de Ahora Olavarr\u00eda plantearon que<strong> recibieron \u201creiterados y crecientes reclamos por parte de pacientes y profesionales ante la mudanza de la oficina de Discapacidad\u201d<\/strong> en el proyecto presentado con fecha del 31 de mayo.<\/p>\n<blockquote><p>Por ello, manifestaron \u201cprofunda preocupaci\u00f3n por la situaci\u00f3n que atraviesan los pacientes discapacitados y los profesionales que trabajan en la Direcci\u00f3n de Discapacidad\u201d y solicitaron al Ejecutivo \u201cque arbitre los medios necesarios para acondicionar el nuevo edificio\u201d.<\/p><\/blockquote>\n<p>En los considerandos del proyecto se tuvo en cuenta que la sede donde <strong>la Direcci\u00f3n \u201cfuncion\u00f3 hasta el d\u00eda 31 de mayo<\/strong> si bien presentaba da\u00f1os y problemas estructurales, el mismo <strong>contaba con la clara ventaja de tener proximidad al Hospital H. Cura\u201d<\/strong>.<\/p>\n<p>En cuanto a<strong> la nueva sede<\/strong> se defini\u00f3 que <strong>\u201cel lugar no es apropiado\u201d<\/strong> para la atenci\u00f3n de quienes se acercan \u201cadem\u00e1s de que en la misma<strong> no funciona una guardia m\u00e9dica\u201d.<\/strong><\/p>\n","protected":false},"excerpt":{"rendered":"<p>Se inform\u00f3 que los concejales visitaron tanto la sede que dej\u00f3 la oficina municipal como la nueva sede. Denunciaron \u201cproblemas<\/p>\n","protected":false},"author":4,"featured_media":117753,"comment_status":"closed","ping_status":"closed","sticky":false,"template":"","format":"standard","meta":{"_jetpack_memberships_contains_paid_content":false,"footnotes":""},"categories":[4,1],"tags":[],"class_list":["post-117750","post","type-post","status-publish","format-standard","has-post-thumbnail","hentry","category-politica","category-portada"],"jetpack_featured_media_url":"https:\/\/i0.wp.com\/cdnoticias.com\/wp-content\/uploads\/2024\/06\/HCD-discapacidad-1.jpg?fit=800%2C445&ssl=1","jetpack_sharing_enabled":true,"_links":{"self":[{"href":"https:\/\/cdnoticias.com\/index.php\/wp-json\/wp\/v2\/posts\/117750","targetHints":{"allow":["GET"]}}],"collection":[{"href":"https:\/\/cdnoticias.com\/index.php\/wp-json\/wp\/v2\/posts"}],"about":[{"href":"https:\/\/cdnoticias.com\/index.php\/wp-json\/wp\/v2\/types\/post"}],"author":[{"embeddable":true,"href":"https:\/\/cdnoticias.com\/index.php\/wp-json\/wp\/v2\/users\/4"}],"replies":[{"embeddable":true,"href":"https:\/\/cdnoticias.com\/index.php\/wp-json\/wp\/v2\/comments?post=117750"}],"version-history":[{"count":0,"href":"https:\/\/cdnoticias.com\/index.php\/wp-json\/wp\/v2\/posts\/117750\/revisions"}],"wp:featuredmedia":[{"embeddable":true,"href":"https:\/\/cdnoticias.com\/index.php\/wp-json\/wp\/v2\/media\/117753"}],"wp:attachment":[{"href":"https:\/\/cdnoticias.com\/index.php\/wp-json\/wp\/v2\/media?parent=117750"}],"wp:term":[{"taxonomy":"category","embeddable":true,"href":"https:\/\/cdnoticias.com\/index.php\/wp-json\/wp\/v2\/categories?post=117750"},{"taxonomy":"post_tag","embeddable":true,"href":"https:\/\/cdnoticias.com\/index.php\/wp-json\/wp\/v2\/tags?post=117750"}],"curies":[{"name":"wp","href":"https:\/\/api.w.org\/{rel}","templated":true}]}}