{"id":117734,"date":"2024-06-03T19:33:08","date_gmt":"2024-06-03T22:33:08","guid":{"rendered":"https:\/\/cdnoticias.com\/?p=117734"},"modified":"2024-06-03T19:33:11","modified_gmt":"2024-06-03T22:33:11","slug":"blanca-esther-bravo-viuda-de-pintos-q-e-p-d","status":"publish","type":"post","link":"https:\/\/cdnoticias.com\/index.php\/2024\/06\/03\/blanca-esther-bravo-viuda-de-pintos-q-e-p-d\/","title":{"rendered":"Blanca Esther Bravo viuda de Pintos (Q.E.P.D.)"},"content":{"rendered":"\n<p>Falleci\u00f3 en Olavarr\u00eda el 3 de junio de 2024 a los 90 a\u00f1os.<\/p>\n\n\n\n<p>Sus hijos: Graciela, Alfredo, Ra\u00fal, Roberto, Alicia y Mirta. Sus hijos pol\u00edticos: Oscar, Mary, Cristina y Dorita. Sus nietos, nietos pol\u00edticos, y dem\u00e1s deudos participan su fallecimiento.<\/p>\n\n\n\n<p>Velatorio: Espa\u00f1a 2942 departamento &#8220;E&#8221; comienza 20 horas y finaliza 22 horas. Responso: Capilla Ardiente. Inhumaci\u00f3n: Cementerio Municipal, martes 4 de junio a las 10:30 horas. Servicio adherido a Coopelectric.<\/p>\n\n\n\n<p>Barrio en el que viv\u00eda: Independencia.<\/p>\n\n\n\n<p>Lugar de nacimiento: Olavarr\u00eda.<\/p>\n\n\n\n<p>Actividad que desarrollaba: Jubilada y Pensionada.<\/p>\n","protected":false},"excerpt":{"rendered":"<p>Falleci\u00f3 en Olavarr\u00eda el 3 de junio de 2024 a los 90 a\u00f1os. Sus hijos: Graciela, Alfredo, Ra\u00fal, Roberto, Alicia<\/p>\n","protected":false},"author":6,"featured_media":100390,"comment_status":"closed","ping_status":"closed","sticky":false,"template":"","format":"standard","meta":{"_jetpack_memberships_contains_paid_content":false,"footnotes":""},"categories":[10],"tags":[],"class_list":["post-117734","post","type-post","status-publish","format-standard","has-post-thumbnail","hentry","category-necrologicas"],"jetpack_featured_media_url":"https:\/\/i0.wp.com\/cdnoticias.com\/wp-content\/uploads\/2023\/10\/necrologicas-390-x-240.jpg?fit=390%2C240&ssl=1","jetpack_sharing_enabled":true,"_links":{"self":[{"href":"https:\/\/cdnoticias.com\/index.php\/wp-json\/wp\/v2\/posts\/117734","targetHints":{"allow":["GET"]}}],"collection":[{"href":"https:\/\/cdnoticias.com\/index.php\/wp-json\/wp\/v2\/posts"}],"about":[{"href":"https:\/\/cdnoticias.com\/index.php\/wp-json\/wp\/v2\/types\/post"}],"author":[{"embeddable":true,"href":"https:\/\/cdnoticias.com\/index.php\/wp-json\/wp\/v2\/users\/6"}],"replies":[{"embeddable":true,"href":"https:\/\/cdnoticias.com\/index.php\/wp-json\/wp\/v2\/comments?post=117734"}],"version-history":[{"count":0,"href":"https:\/\/cdnoticias.com\/index.php\/wp-json\/wp\/v2\/posts\/117734\/revisions"}],"wp:featuredmedia":[{"embeddable":true,"href":"https:\/\/cdnoticias.com\/index.php\/wp-json\/wp\/v2\/media\/100390"}],"wp:attachment":[{"href":"https:\/\/cdnoticias.com\/index.php\/wp-json\/wp\/v2\/media?parent=117734"}],"wp:term":[{"taxonomy":"category","embeddable":true,"href":"https:\/\/cdnoticias.com\/index.php\/wp-json\/wp\/v2\/categories?post=117734"},{"taxonomy":"post_tag","embeddable":true,"href":"https:\/\/cdnoticias.com\/index.php\/wp-json\/wp\/v2\/tags?post=117734"}],"curies":[{"name":"wp","href":"https:\/\/api.w.org\/{rel}","templated":true}]}}