{"id":11771,"date":"2021-01-19T12:35:55","date_gmt":"2021-01-19T15:35:55","guid":{"rendered":"http:\/\/www.centraldenoticias.com.ar\/?p=11771"},"modified":"2021-01-19T12:35:55","modified_gmt":"2021-01-19T15:35:55","slug":"tras-seis-meses-de-vacancia-se-designo-nuevo-director-de-desarrollo-agropecuario","status":"publish","type":"post","link":"https:\/\/cdnoticias.com\/index.php\/2021\/01\/19\/tras-seis-meses-de-vacancia-se-designo-nuevo-director-de-desarrollo-agropecuario\/","title":{"rendered":"Tras seis meses de vacancia, se design\u00f3 nuevo director de Desarrollo Agropecuario"},"content":{"rendered":"<p>Hugo Santonja asumi\u00f3 en el cargo y este martes fue presentado de manera oficial por el intendente Ezequiel Galli.<!--more--><\/p>\n<hr \/>\n<p>En la ma\u00f1ana de este martes, <strong>fue presentado Hugo Santonja como nuevo director de Desarrollo Agropecuario del Municipio<\/strong>.<\/p>\n<p>El cargo <strong>estaba vacante desde hace seis meses<\/strong>: a principios de junio Ezequiel Galli, le pidi\u00f3 la renuncia a Juan Manuel Dolagaray quien ocup\u00f3 la direcci\u00f3n desde el inicio del primer mandato del jefe comunal.<\/p>\n<p>En tanto, <strong>Santonja es reconocido en el sector agropecuario de Olavarr\u00eda<\/strong>. Se radic\u00f3 en nuestra zona hace muchos a\u00f1os, se desempe\u00f1a como t\u00e9cnico del INTA y desde hace varios a\u00f1os integra la Comisi\u00f3n de Lucha contra las Plagas.<\/p>\n<p>Seg\u00fan se dio a conocer desde el Municipio,<strong> este martes mantuvo un encuentro con el intendente Galli y el secretario de Desarrollo Econ\u00f3mico Julio Valetutto<\/strong> en Sala de Reuniones del Palacio San Mart\u00edn.<\/p>\n<blockquote><p>\u201cEstamos muy contentos de que Hugo se sume al equipo de trabajo. Es un referente del sector, con amplia trayectoria y muchos a\u00f1os de trabajo en instituciones relacionadas\u201d, sostuvo Ezequiel Galli.<\/p><\/blockquote>\n<p>\u201cEl agro en Olavarr\u00eda es de vital importancia para el crecimiento local. Esta gesti\u00f3n siempre valor\u00f3 el aporte del sector para el desarrollo del Partido y creemos que <strong>Hugo es la persona indicada para llevar adelante los proyectos que planificamos en el \u00e1rea\u201d<\/strong>, remarc\u00f3.<\/p>\n","protected":false},"excerpt":{"rendered":"<p>Hugo Santonja asumi\u00f3 en el cargo y este martes fue presentado de manera oficial por el intendente Ezequiel Galli.<\/p>\n","protected":false},"author":4,"featured_media":11772,"comment_status":"closed","ping_status":"closed","sticky":false,"template":"","format":"standard","meta":{"_jetpack_memberships_contains_paid_content":false,"footnotes":""},"categories":[4,1],"tags":[],"class_list":["post-11771","post","type-post","status-publish","format-standard","has-post-thumbnail","hentry","category-politica","category-portada"],"jetpack_featured_media_url":"https:\/\/i0.wp.com\/cdnoticias.com\/wp-content\/uploads\/2021\/01\/santonja-asume-DE-Reunion-Tucura-1024x685.jpg?fit=1024%2C685&ssl=1","jetpack_sharing_enabled":true,"_links":{"self":[{"href":"https:\/\/cdnoticias.com\/index.php\/wp-json\/wp\/v2\/posts\/11771","targetHints":{"allow":["GET"]}}],"collection":[{"href":"https:\/\/cdnoticias.com\/index.php\/wp-json\/wp\/v2\/posts"}],"about":[{"href":"https:\/\/cdnoticias.com\/index.php\/wp-json\/wp\/v2\/types\/post"}],"author":[{"embeddable":true,"href":"https:\/\/cdnoticias.com\/index.php\/wp-json\/wp\/v2\/users\/4"}],"replies":[{"embeddable":true,"href":"https:\/\/cdnoticias.com\/index.php\/wp-json\/wp\/v2\/comments?post=11771"}],"version-history":[{"count":0,"href":"https:\/\/cdnoticias.com\/index.php\/wp-json\/wp\/v2\/posts\/11771\/revisions"}],"wp:featuredmedia":[{"embeddable":true,"href":"https:\/\/cdnoticias.com\/index.php\/wp-json\/wp\/v2\/media\/11772"}],"wp:attachment":[{"href":"https:\/\/cdnoticias.com\/index.php\/wp-json\/wp\/v2\/media?parent=11771"}],"wp:term":[{"taxonomy":"category","embeddable":true,"href":"https:\/\/cdnoticias.com\/index.php\/wp-json\/wp\/v2\/categories?post=11771"},{"taxonomy":"post_tag","embeddable":true,"href":"https:\/\/cdnoticias.com\/index.php\/wp-json\/wp\/v2\/tags?post=11771"}],"curies":[{"name":"wp","href":"https:\/\/api.w.org\/{rel}","templated":true}]}}