{"id":117704,"date":"2024-06-03T16:22:03","date_gmt":"2024-06-03T19:22:03","guid":{"rendered":"https:\/\/cdnoticias.com\/?p=117704"},"modified":"2024-06-03T20:05:49","modified_gmt":"2024-06-03T23:05:49","slug":"el-8-de-junio-sera-la-nueva-edicion-de-mercados-bonaerenses","status":"publish","type":"post","link":"https:\/\/cdnoticias.com\/index.php\/2024\/06\/03\/el-8-de-junio-sera-la-nueva-edicion-de-mercados-bonaerenses\/","title":{"rendered":"El 8 de junio ser\u00e1 la nueva edici\u00f3n de Mercados Bonaerenses"},"content":{"rendered":"\n<p>Contar\u00e1 con la participaci\u00f3n de productores locales. La feria se instalar\u00e1 en el Centro Cultural San Jos\u00e9 de 10:00 a 14:00.<\/p>\n\n\n\n<hr class=\"wp-block-separator has-alpha-channel-opacity\"\/>\n\n\n\n<p>Desde la Secretar\u00eda de Desarrollo Econ\u00f3mico y Productivo del Municipio de Olavarr\u00eda, a trav\u00e9s de la Coordinaci\u00f3n de Econom\u00eda Popular, se informa la nueva fecha de la<strong> feria del programa \u201cMercados Bonaerenses\u201d.<\/strong><\/p>\n\n\n\n<p><\/p>\n\n\n\n<p>Se llevar\u00e1 a cabo el pr\u00f3ximo <strong>s\u00e1bado 8 de junio de 10:00 a 14:00 horas en el Centro Cultural Municipal San Jos\u00e9 <\/strong>(Riobamba y Belgrano).<\/p>\n\n\n\n<p><\/p>\n\n\n\n<p>La feria contar\u00e1 con la participaci\u00f3n de <strong>productores locales<\/strong>, entre los cuales se podr\u00e1n encontrar elaboraciones como: panificados dulces y salados, bebidas, quesos, plantas y plantines, miel, verduras y productos sin TACC. Se solicita a los asistentes llevar bolsas para sus compras.<\/p>\n\n\n\n<p><\/p>\n\n\n\n<blockquote class=\"wp-block-quote is-layout-flow wp-block-quote-is-layout-flow\">\n<p>Es importante destacar esta vez no estar\u00e1n los camiones de pastas, l\u00e1cteos y pescados.<\/p>\n<\/blockquote>\n\n\n\n<p><\/p>\n\n\n\n<figure class=\"wp-block-image size-full\"><img data-recalc-dims=\"1\" loading=\"lazy\" decoding=\"async\" width=\"800\" height=\"800\" src=\"https:\/\/i0.wp.com\/cdnoticias.com\/wp-content\/uploads\/2024\/06\/Mercados-Bonaerenses-8-de-Junio-1024x1024-1.jpg?resize=800%2C800&#038;ssl=1\" alt=\"\" class=\"wp-image-117705\" srcset=\"https:\/\/i0.wp.com\/cdnoticias.com\/wp-content\/uploads\/2024\/06\/Mercados-Bonaerenses-8-de-Junio-1024x1024-1.jpg?w=800&amp;ssl=1 800w, https:\/\/i0.wp.com\/cdnoticias.com\/wp-content\/uploads\/2024\/06\/Mercados-Bonaerenses-8-de-Junio-1024x1024-1.jpg?resize=300%2C300&amp;ssl=1 300w, https:\/\/i0.wp.com\/cdnoticias.com\/wp-content\/uploads\/2024\/06\/Mercados-Bonaerenses-8-de-Junio-1024x1024-1.jpg?resize=150%2C150&amp;ssl=1 150w, https:\/\/i0.wp.com\/cdnoticias.com\/wp-content\/uploads\/2024\/06\/Mercados-Bonaerenses-8-de-Junio-1024x1024-1.jpg?resize=768%2C768&amp;ssl=1 768w\" sizes=\"auto, (max-width: 800px) 100vw, 800px\" \/><\/figure>\n\n\n\n<p><\/p>\n\n\n\n<p>El Programa \u201cMercados Bonaerenses\u201d pertenece al Ministerio de Desarrollo Agrario de la Provincia de Buenos Aires, promociona la producci\u00f3n y el consumo de Alimentos Bonaerenses acercando a productores, productoras, consumidores y consumidoras a trav\u00e9s de una red de ferias y mercados en toda la provincia de Buenos Aires.<\/p>\n\n\n\n<p><\/p>\n\n\n\n<p>Productores locales con el<strong> descuento del 40% con Cuenta DNI:<\/strong><\/p>\n\n\n\n<p>-TRINCHERA, Vermut Artesanal.<br>-LA MAR\u00cdA, pasteles<br>-HUILEN SABORES NUESTROS<br>-RICURAS, panificados dulces.<br>-NAH\u00cd, quesos artesanales.<br>-JENGIBRE, productos sin TACC.<br>-ELABORACIONES MARIT\u00c9, panificados dulces y salados.<br>-DEL FONDO, cerveza artesanal.<\/p>\n","protected":false},"excerpt":{"rendered":"<p>Contar\u00e1 con la participaci\u00f3n de productores locales. La feria se instalar\u00e1 en el Centro Cultural San Jos\u00e9 de 10:00 a<\/p>\n","protected":false},"author":2,"featured_media":109469,"comment_status":"closed","ping_status":"closed","sticky":false,"template":"","format":"standard","meta":{"_jetpack_memberships_contains_paid_content":false,"footnotes":""},"categories":[5,1],"tags":[],"class_list":["post-117704","post","type-post","status-publish","format-standard","has-post-thumbnail","hentry","category-informacion-general","category-portada"],"jetpack_featured_media_url":"https:\/\/i0.wp.com\/cdnoticias.com\/wp-content\/uploads\/2024\/02\/mercados-bonaerenses-primera-edicion-4.jpg?fit=1000%2C695&ssl=1","jetpack_sharing_enabled":true,"_links":{"self":[{"href":"https:\/\/cdnoticias.com\/index.php\/wp-json\/wp\/v2\/posts\/117704","targetHints":{"allow":["GET"]}}],"collection":[{"href":"https:\/\/cdnoticias.com\/index.php\/wp-json\/wp\/v2\/posts"}],"about":[{"href":"https:\/\/cdnoticias.com\/index.php\/wp-json\/wp\/v2\/types\/post"}],"author":[{"embeddable":true,"href":"https:\/\/cdnoticias.com\/index.php\/wp-json\/wp\/v2\/users\/2"}],"replies":[{"embeddable":true,"href":"https:\/\/cdnoticias.com\/index.php\/wp-json\/wp\/v2\/comments?post=117704"}],"version-history":[{"count":0,"href":"https:\/\/cdnoticias.com\/index.php\/wp-json\/wp\/v2\/posts\/117704\/revisions"}],"wp:featuredmedia":[{"embeddable":true,"href":"https:\/\/cdnoticias.com\/index.php\/wp-json\/wp\/v2\/media\/109469"}],"wp:attachment":[{"href":"https:\/\/cdnoticias.com\/index.php\/wp-json\/wp\/v2\/media?parent=117704"}],"wp:term":[{"taxonomy":"category","embeddable":true,"href":"https:\/\/cdnoticias.com\/index.php\/wp-json\/wp\/v2\/categories?post=117704"},{"taxonomy":"post_tag","embeddable":true,"href":"https:\/\/cdnoticias.com\/index.php\/wp-json\/wp\/v2\/tags?post=117704"}],"curies":[{"name":"wp","href":"https:\/\/api.w.org\/{rel}","templated":true}]}}