{"id":117697,"date":"2024-06-04T13:14:55","date_gmt":"2024-06-04T16:14:55","guid":{"rendered":"https:\/\/cdnoticias.com\/?p=117697"},"modified":"2024-06-04T13:14:57","modified_gmt":"2024-06-04T16:14:57","slug":"bianco-el-gobierno-nacional-esta-asfixiando-economicamente-a-los-bonaerenses","status":"publish","type":"post","link":"https:\/\/cdnoticias.com\/index.php\/2024\/06\/04\/bianco-el-gobierno-nacional-esta-asfixiando-economicamente-a-los-bonaerenses\/","title":{"rendered":"Bianco: \u201cEl Gobierno nacional est\u00e1 asfixiando econ\u00f3micamente a los bonaerenses\u201d"},"content":{"rendered":"<p>Lo afirm\u00f3 el Ministro de Gobierno en una nueva conferencia de prensa junto al ministro de Desarrollo de la Comunidad, Andr\u00e9s Larroque, y el ministro de Desarrollo Agrario, Javier Rodr\u00edguez.<!--more--><\/p>\n<hr \/>\n<p><strong>\u201cEl gobierno del presidente Javier Milei est\u00e1 llevando adelante un plan deliberado y sistem\u00e1tico de asfixia financiera y econ\u00f3mica contra el pueblo bonaerense\u201d<\/strong>, manifest\u00f3 el <strong>ministro de Gobierno Carlos Bianco<\/strong> al encabezar este lunes la conferencia de prensa semanal del Gobierno de la Provincia de Buenos Aires junto al <strong>ministro de Desarrollo de la Comunidad, Andr\u00e9s Larroque<\/strong>, y el <strong>ministro de Desarrollo Agrario, Javier Rodr\u00edguez.<\/strong><\/p>\n<blockquote><p>Durante el encuentro, el Ministro de Gobierno detall\u00f3 las deudas que el Gobierno nacional mantiene actualmente con la Provincia de Buenos Aires, las cuales alcanzan un total de 5,8 billones de pesos, y sentenci\u00f3: \u201cNo se trata de un problema ni con el gobernador Axel Kicillof ni con el Gobierno de la Provincia, sino con las y los bonaerenses que necesitan de esos fondos para poder tener un mejor acceso a la salud y a la educaci\u00f3n, para que exista mayor empleo y para la generaci\u00f3n de obras p\u00fablicas que son totalmente necesarias y estrat\u00e9gicas para la provincia de Buenos Aires\u201d.<\/p><\/blockquote>\n<p><em>\u201cLo \u00fanico que le pedimos al Gobierno nacional es que revea su posici\u00f3n porque se trata de recursos que necesita nuestro pueblo y que nosotros estamos reclamando leg\u00edtimamente\u201d<\/em>, finaliz\u00f3 Bianco.<\/p>\n<p>En el marco de la conferencia, el Ministro de Gobierno tambi\u00e9n hizo un<strong> repaso por las actividades desarrolladas por el gobernador Axel Kicillof<\/strong> durante la semana pasada y comunic\u00f3 la agenda del mandatario para los pr\u00f3ximos d\u00edas. <a href=\"https:\/\/drive.google.com\/drive\/folders\/14ZPZVFRNEjGyiZ0FeSCmqjcVOoEJkIGZ?usp=drive_link\" target=\"_blank\" rel=\"noopener\">Aqu\u00ed el informe completo sobre la deuda del Gobierno nacional<\/a><\/p>\n<p><img data-recalc-dims=\"1\" loading=\"lazy\" decoding=\"async\" class=\"size-full wp-image-117702 aligncenter\" src=\"https:\/\/i0.wp.com\/cdnoticias.com\/wp-content\/uploads\/2024\/06\/deuda-del-gobierno-nacional.jpg?resize=800%2C445&#038;ssl=1\" alt=\"\" width=\"800\" height=\"445\" srcset=\"https:\/\/i0.wp.com\/cdnoticias.com\/wp-content\/uploads\/2024\/06\/deuda-del-gobierno-nacional.jpg?w=800&amp;ssl=1 800w, https:\/\/i0.wp.com\/cdnoticias.com\/wp-content\/uploads\/2024\/06\/deuda-del-gobierno-nacional.jpg?resize=300%2C167&amp;ssl=1 300w, https:\/\/i0.wp.com\/cdnoticias.com\/wp-content\/uploads\/2024\/06\/deuda-del-gobierno-nacional.jpg?resize=768%2C427&amp;ssl=1 768w\" sizes=\"auto, (max-width: 800px) 100vw, 800px\" \/><\/p>\n<h3>Palabras del ministro Andr\u00e9s Larroque<\/h3>\n<p>Por su parte,<strong> el ministro Larroque se refiri\u00f3 a la falta de respuesta del Ministerio de Capital Humano ante los pedidos realizados por la Provincia<\/strong> y repas\u00f3 las pol\u00edticas p\u00fablicas que el Gobierno bonaerense est\u00e1 llevando adelante en materia alimentaria, con iniciativas como el M\u00f3dulo Extraordinario para la Seguridad Alimentaria (MESA), el programa de Fortalecimiento Alimentario a Espacios Comunitarios (FAEC), M\u00e1s Vida y Vaso de Leche, entre otras.<\/p>\n<p><em>\u201cEn materia alimentaria, estamos hablando de una inversi\u00f3n anual de 842.896 millones de pesos a valores actuales\u201d<\/em>, explic\u00f3 el ministro.<\/p>\n<blockquote><p>Destac\u00f3: \u201cDesde la Provincia hemos sido claros tanto en el volumen de inversi\u00f3n como en la forma en la que se realizan estas inversiones. Aqu\u00ed no hay discrecionalidad sino transparencia y preocupaci\u00f3n por lo que est\u00e1 padeciendo el pueblo de la provincia de Buenos Aires. Por eso, le pedimos al presidente Javier Milei que d\u00e9 respuestas y a la ministra Sandra Pettovello que por favor nos atienda\u201d.<\/p><\/blockquote>\n<h3>Anuncios del Ministerio de Desarrollo Agrario<\/h3>\n<p>A su turno, <strong>el ministro Rodr\u00edguez tambi\u00e9n hizo alusi\u00f3n a la compleja situaci\u00f3n alimentaria<\/strong> que atraviesa tanto el pa\u00eds como la provincia de Buenos Aires y destac\u00f3 varias de las pol\u00edticas que el Gobierno bonaerense est\u00e1 llevando adelante en esta materia.<\/p>\n<p><strong>\u201cFrente a la fuerte ca\u00edda del consumo interno que est\u00e1n generando las pol\u00edticas del Gobierno nacional, desde la Provincia buscamos fortalecer la producci\u00f3n local de alimentos<\/strong> para que m\u00e1s familias puedan acceder a alimentos frescos y de calidad en este contexto tan dif\u00edcil\u201d, afirm\u00f3 el ministro y agreg\u00f3: \u201cPara eso seguimos avanzando en cada vez m\u00e1s municipios con el programa Mercados Bonaerenses y ahora lanzamos el <strong>Programa provincial Huerta Urbana Bonaerense<\/strong>. Adem\u00e1s, reforzamos nuestro compromiso de acompa\u00f1ar a los peque\u00f1os y medianos productores con l\u00edneas de financiamiento espec\u00edficas a valor producto\u201d.<\/p>\n<p>El programa Huerta Urbana Bonaerense est\u00e1 dirigido a familias, organizaciones sociales, instituciones, comedores comunitarios y municipios con el objetivo de fomentar la producci\u00f3n local de alimentos a partir de huertas familiares y comunitarias que mejoren la seguridad alimentaria y promuevan la producci\u00f3n para el autoconsumo.<\/p>\n<p>Asimismo,<strong> Rodr\u00edguez present\u00f3 la convocatoria del Plan de Incentivo a la actividad Forestal (PIAF) para 2024<\/strong>, una iniciativa que, entre otras acciones de promoci\u00f3n y difusi\u00f3n, provee material de plantaci\u00f3n de calidad, fiscaliza y asiste t\u00e9cnicamente a los proyectos de forestaci\u00f3n, producci\u00f3n y protecci\u00f3n en inmuebles y escuelas rurales de la provincia de Buenos Aires.<\/p>\n","protected":false},"excerpt":{"rendered":"<p>Lo afirm\u00f3 el Ministro de Gobierno en una nueva conferencia de prensa junto al ministro de Desarrollo de la Comunidad,<\/p>\n","protected":false},"author":4,"featured_media":117698,"comment_status":"closed","ping_status":"closed","sticky":false,"template":"","format":"standard","meta":{"_jetpack_memberships_contains_paid_content":false,"footnotes":""},"categories":[6,1],"tags":[],"class_list":["post-117697","post","type-post","status-publish","format-standard","has-post-thumbnail","hentry","category-nacionales","category-portada"],"jetpack_featured_media_url":"https:\/\/i0.wp.com\/cdnoticias.com\/wp-content\/uploads\/2024\/06\/bianco-larroque-rodriguez.jpg?fit=800%2C446&ssl=1","jetpack_sharing_enabled":true,"_links":{"self":[{"href":"https:\/\/cdnoticias.com\/index.php\/wp-json\/wp\/v2\/posts\/117697","targetHints":{"allow":["GET"]}}],"collection":[{"href":"https:\/\/cdnoticias.com\/index.php\/wp-json\/wp\/v2\/posts"}],"about":[{"href":"https:\/\/cdnoticias.com\/index.php\/wp-json\/wp\/v2\/types\/post"}],"author":[{"embeddable":true,"href":"https:\/\/cdnoticias.com\/index.php\/wp-json\/wp\/v2\/users\/4"}],"replies":[{"embeddable":true,"href":"https:\/\/cdnoticias.com\/index.php\/wp-json\/wp\/v2\/comments?post=117697"}],"version-history":[{"count":0,"href":"https:\/\/cdnoticias.com\/index.php\/wp-json\/wp\/v2\/posts\/117697\/revisions"}],"wp:featuredmedia":[{"embeddable":true,"href":"https:\/\/cdnoticias.com\/index.php\/wp-json\/wp\/v2\/media\/117698"}],"wp:attachment":[{"href":"https:\/\/cdnoticias.com\/index.php\/wp-json\/wp\/v2\/media?parent=117697"}],"wp:term":[{"taxonomy":"category","embeddable":true,"href":"https:\/\/cdnoticias.com\/index.php\/wp-json\/wp\/v2\/categories?post=117697"},{"taxonomy":"post_tag","embeddable":true,"href":"https:\/\/cdnoticias.com\/index.php\/wp-json\/wp\/v2\/tags?post=117697"}],"curies":[{"name":"wp","href":"https:\/\/api.w.org\/{rel}","templated":true}]}}