{"id":117672,"date":"2024-06-03T07:58:04","date_gmt":"2024-06-03T13:51:12","guid":{"rendered":"https:\/\/cdnoticias.com\/?p=117672"},"modified":"2025-02-13T17:43:12","modified_gmt":"2025-02-13T20:43:12","slug":"tres-de-tres-en-suelo-sudamericano-chingotto-y-galan-son-finalistas-en-santiago","status":"publish","type":"post","link":"https:\/\/cdnoticias.com\/index.php\/2024\/06\/03\/tres-de-tres-en-suelo-sudamericano-chingotto-y-galan-son-finalistas-en-santiago\/","title":{"rendered":"Tres de tres en suelo sudamericano: Chingotto y Gal\u00e1n son finalistas en Santiago"},"content":{"rendered":"<p>Barrieron en sets corridos 6 &#8211; 3 y 6 &#8211; 2 a &#8220;Los Superpibes&#8221; e ir\u00e1n por el t\u00edtulo, una vez m\u00e1s, ante Coello &#8211; Tapia.<!--more--><\/p>\n<hr \/>\n<p>A primera hora de este lunes, en el \u00faltimo turno de la jornada, Federico Chingotto y Ale Gal\u00e1n derrotaron a &#8220;Los Superpibes&#8221;, Franco Stupaczuk y Mart\u00edn Di Nenno, y clasificaron a la definici\u00f3n del P1 de Santiago.<\/p>\n<p>&nbsp;<\/p>\n<p>De manera s\u00f3lida y tras una hora y cinco minutos de partido, el olavarriense y el madrile\u00f1o se impusieron 6 &#8211; 3 y 6 &#8211; 2 en la pista central del Movistar Arena ubicado en la capital chilena.<\/p>\n<p>&nbsp;<\/p>\n<p style=\"text-align: left;\">Fueron &#8220;Los Superpibes&#8221; los comenzaron mejor el primer cap\u00edtulo con un temprano quiebre a favor, pero el olavarriense y el madrile\u00f1o reaccionaron a tiempo y revirtieron la situaci\u00f3n anulando en todo momento a Di Nenno de la pista.<\/p>\n<p>&nbsp;<\/p>\n<p>Con un &#8220;Chingo&#8221; intratable en el segundo set, ambos mantuvieron la postura, el envi\u00f3n an\u00edmico y el gran nivel de p\u00e1del y se llevaron puestos a la dupla &#8220;Albiceleste&#8221; para alcanzar su tercera final seguida en suelo Sudamericano.<\/p>\n<p>&nbsp;<\/p>\n<p>Una vez m\u00e1s, en la final, volver\u00e1n a medirse contra Agust\u00edn Tapia y Arturo Coello, quienes derrotaron con un doble 6 &#8211; 4 a Lebr\u00f3n &#8211; Navarro.<\/p>\n<p>&nbsp;<\/p>\n<p><em><strong>Foto: Premier Padel.<\/strong><\/em><\/p>\n","protected":false},"excerpt":{"rendered":"<p>Barrieron en sets corridos 6 &#8211; 3 y 6 &#8211; 2 a &#8220;Los Superpibes&#8221; e ir\u00e1n por el t\u00edtulo, una<\/p>\n","protected":false},"author":96739694,"featured_media":161373,"comment_status":"closed","ping_status":"closed","sticky":false,"template":"","format":"standard","meta":{"_jetpack_memberships_contains_paid_content":false,"footnotes":""},"categories":[1,55],"tags":[],"class_list":["post-117672","post","type-post","status-publish","format-standard","has-post-thumbnail","hentry","category-portada","category-tenis-padel"],"jetpack_featured_media_url":"https:\/\/i0.wp.com\/cdnoticias.com\/wp-content\/uploads\/2024\/06\/Chingotto-y-Galan-P1-de-Santiago-Semis-e1717407645210.jpg?fit=800%2C481&ssl=1","jetpack_sharing_enabled":true,"_links":{"self":[{"href":"https:\/\/cdnoticias.com\/index.php\/wp-json\/wp\/v2\/posts\/117672","targetHints":{"allow":["GET"]}}],"collection":[{"href":"https:\/\/cdnoticias.com\/index.php\/wp-json\/wp\/v2\/posts"}],"about":[{"href":"https:\/\/cdnoticias.com\/index.php\/wp-json\/wp\/v2\/types\/post"}],"author":[{"embeddable":true,"href":"https:\/\/cdnoticias.com\/index.php\/wp-json\/wp\/v2\/users\/96739694"}],"replies":[{"embeddable":true,"href":"https:\/\/cdnoticias.com\/index.php\/wp-json\/wp\/v2\/comments?post=117672"}],"version-history":[{"count":0,"href":"https:\/\/cdnoticias.com\/index.php\/wp-json\/wp\/v2\/posts\/117672\/revisions"}],"wp:featuredmedia":[{"embeddable":true,"href":"https:\/\/cdnoticias.com\/index.php\/wp-json\/wp\/v2\/media\/161373"}],"wp:attachment":[{"href":"https:\/\/cdnoticias.com\/index.php\/wp-json\/wp\/v2\/media?parent=117672"}],"wp:term":[{"taxonomy":"category","embeddable":true,"href":"https:\/\/cdnoticias.com\/index.php\/wp-json\/wp\/v2\/categories?post=117672"},{"taxonomy":"post_tag","embeddable":true,"href":"https:\/\/cdnoticias.com\/index.php\/wp-json\/wp\/v2\/tags?post=117672"}],"curies":[{"name":"wp","href":"https:\/\/api.w.org\/{rel}","templated":true}]}}