{"id":117646,"date":"2024-06-04T18:31:30","date_gmt":"2024-06-04T21:31:30","guid":{"rendered":"https:\/\/cdnoticias.com\/?p=117646"},"modified":"2024-06-04T18:31:32","modified_gmt":"2024-06-04T21:31:32","slug":"graciela-garay-nueva-presidenta-del-centro-de-jubilados-y-pensionados-municipales","status":"publish","type":"post","link":"https:\/\/cdnoticias.com\/index.php\/2024\/06\/04\/graciela-garay-nueva-presidenta-del-centro-de-jubilados-y-pensionados-municipales\/","title":{"rendered":"Graciela Garay, nueva presidenta del Centro de Jubilados y Pensionados Municipales"},"content":{"rendered":"<p>Qued\u00f3 formalmente consagrada la nueva comisi\u00f3n directiva.<!--more--><\/p>\n<hr \/>\n<p>Este jueves qued\u00f3<strong> formalmente consagrada la nueva comisi\u00f3n directiva del Centro de Jubilados y Pensionados Municipales de Olavarr\u00eda<\/strong>, que durante el pr\u00f3ximo per\u00edodo <strong>ser\u00e1 presidido por Graciela Garay<\/strong>.<\/p>\n<p>Fue en el marco de la <strong>Asamblea de Elecciones de Autoridades<\/strong>, que se llev\u00f3 a cabo en las instalaciones de la calle Rivadavia 1935.<\/p>\n<p>Dirigentes y asociados se reunieron para tratar el Orden del D\u00eda, que <strong>se inici\u00f3 con la elecci\u00f3n de dos asociados<\/strong> para firmar el acta de la asamblea.<\/p>\n<p>Como segundo punto se puso en consideraci\u00f3n el tratamiento del ejercicio contable cerrado al 31 de diciembre de 2023, que result\u00f3 aprobado por los asamble\u00edstas.<\/p>\n<p>A continuaci\u00f3n se procedi\u00f3 a la elecci\u00f3n total de los cargos de Comisi\u00f3n Directiva y Revisores de Cuentas, conforme lo dispuesto en los Arts. 17\u00ba\/18\u00ba, 29\u00ba\/34\u00ba.<\/p>\n<p>En la Asamblea del jueves qued\u00f3 oficializada la <strong>Lista Celeste y Blanca Conducci\u00f3n<\/strong>, que conducir\u00e1 los destinos del Centro durante el pr\u00f3ximo per\u00edodo.<\/p>\n<p><img data-recalc-dims=\"1\" loading=\"lazy\" decoding=\"async\" class=\"size-full wp-image-117647 aligncenter\" src=\"https:\/\/i0.wp.com\/cdnoticias.com\/wp-content\/uploads\/2024\/06\/jubilados-municipales-Graciela-Garay-01.jpg?resize=800%2C446&#038;ssl=1\" alt=\"\" width=\"800\" height=\"446\" srcset=\"https:\/\/i0.wp.com\/cdnoticias.com\/wp-content\/uploads\/2024\/06\/jubilados-municipales-Graciela-Garay-01.jpg?w=800&amp;ssl=1 800w, https:\/\/i0.wp.com\/cdnoticias.com\/wp-content\/uploads\/2024\/06\/jubilados-municipales-Graciela-Garay-01.jpg?resize=300%2C167&amp;ssl=1 300w, https:\/\/i0.wp.com\/cdnoticias.com\/wp-content\/uploads\/2024\/06\/jubilados-municipales-Graciela-Garay-01.jpg?resize=768%2C428&amp;ssl=1 768w\" sizes=\"auto, (max-width: 800px) 100vw, 800px\" \/><\/p>\n<p>La siguiente es la integraci\u00f3n de la mencionada Lista:<\/p>\n<ul>\n<li>Presidenta: Graciela Garay. Vicepresidente: Eduardo Pinelli<\/li>\n<li>Secretaria de Actas y Administraci\u00f3n: Cristina Neirotti. Prosecretario: Eduardo A. Alvarez.<\/li>\n<li>Tesorero: Juan Jos\u00e9 Siris. Protesorero: Rub\u00e9n Pinochi.<\/li>\n<li>Secretaria de Acci\u00f3n Social: Miriam Alfieri. Secretario de Organizaci\u00f3n: V\u00edctor Morad.<\/li>\n<li>Secretaria de Cultura: Juana R. Ortiz.<\/li>\n<li>Vocales titulares: Gustavo S\u00e1nchez, Zulema Reyes, Beatriz Esmain, Isabel Cisneros, Elsa Gonz\u00e1lez, Susana R. Barsi y N\u00e9stor Lucio.<\/li>\n<li>Vocales suplentes: Pedro Silva, Graciela Luna, Mar\u00eda Teresa Garay, Liliana Noem\u00ed Campos, Juan Francisco Kipper, M. Cristina Otogalli y Sonia Hurtado.<\/li>\n<li>Revisores de cuentas titulares: Juana Ivana Rudella, Sonia Sinkovic y Graciela Rosetti.<\/li>\n<li>Revisor de cuentas suplente: Mabel Pallero.<\/li>\n<\/ul>\n","protected":false},"excerpt":{"rendered":"<p>Qued\u00f3 formalmente consagrada la nueva comisi\u00f3n directiva.<\/p>\n","protected":false},"author":4,"featured_media":117648,"comment_status":"closed","ping_status":"closed","sticky":false,"template":"","format":"standard","meta":{"_jetpack_memberships_contains_paid_content":false,"footnotes":""},"categories":[5,1],"tags":[],"class_list":["post-117646","post","type-post","status-publish","format-standard","has-post-thumbnail","hentry","category-informacion-general","category-portada"],"jetpack_featured_media_url":"https:\/\/i0.wp.com\/cdnoticias.com\/wp-content\/uploads\/2024\/06\/jubilados-municipales-Graciela-Garay-02.jpg?fit=800%2C445&ssl=1","jetpack_sharing_enabled":true,"_links":{"self":[{"href":"https:\/\/cdnoticias.com\/index.php\/wp-json\/wp\/v2\/posts\/117646","targetHints":{"allow":["GET"]}}],"collection":[{"href":"https:\/\/cdnoticias.com\/index.php\/wp-json\/wp\/v2\/posts"}],"about":[{"href":"https:\/\/cdnoticias.com\/index.php\/wp-json\/wp\/v2\/types\/post"}],"author":[{"embeddable":true,"href":"https:\/\/cdnoticias.com\/index.php\/wp-json\/wp\/v2\/users\/4"}],"replies":[{"embeddable":true,"href":"https:\/\/cdnoticias.com\/index.php\/wp-json\/wp\/v2\/comments?post=117646"}],"version-history":[{"count":0,"href":"https:\/\/cdnoticias.com\/index.php\/wp-json\/wp\/v2\/posts\/117646\/revisions"}],"wp:featuredmedia":[{"embeddable":true,"href":"https:\/\/cdnoticias.com\/index.php\/wp-json\/wp\/v2\/media\/117648"}],"wp:attachment":[{"href":"https:\/\/cdnoticias.com\/index.php\/wp-json\/wp\/v2\/media?parent=117646"}],"wp:term":[{"taxonomy":"category","embeddable":true,"href":"https:\/\/cdnoticias.com\/index.php\/wp-json\/wp\/v2\/categories?post=117646"},{"taxonomy":"post_tag","embeddable":true,"href":"https:\/\/cdnoticias.com\/index.php\/wp-json\/wp\/v2\/tags?post=117646"}],"curies":[{"name":"wp","href":"https:\/\/api.w.org\/{rel}","templated":true}]}}