{"id":117602,"date":"2024-06-02T11:58:20","date_gmt":"2024-06-02T14:58:20","guid":{"rendered":"https:\/\/cdnoticias.com\/?p=117602"},"modified":"2024-06-02T17:53:41","modified_gmt":"2024-06-02T20:53:41","slug":"dia-nacional-del-perro-bromatologia-recordo-la-importancia-de-adoptar","status":"publish","type":"post","link":"https:\/\/cdnoticias.com\/index.php\/2024\/06\/02\/dia-nacional-del-perro-bromatologia-recordo-la-importancia-de-adoptar\/","title":{"rendered":"D\u00eda Nacional del Perro: Bromatolog\u00eda record\u00f3 la importancia de adoptar"},"content":{"rendered":"\n<p>Se conmemora cada 2 de junio en honor a \u201cChonino\u201d, un ovejero alem\u00e1n de la Polic\u00eda Federal Argentina que muri\u00f3 luego de salvar a un suboficial.<\/p>\n\n\n\n<hr class=\"wp-block-separator has-alpha-channel-opacity\"\/>\n\n\n\n<p>Desde la Direcci\u00f3n Veterinaria del \u00e1rea de Bromatolog\u00eda del Municipio, se quiere homenajear a todos los perros en su d\u00eda: <strong>seres fieles, incondicionales, cari\u00f1osos, miembros de la familia, compa\u00f1eros para unos e hijos para otros.<\/strong><\/p>\n\n\n\n<p><\/p>\n\n\n\n<p>En nuestro pa\u00eds, cada 2 de junio se conmemora el D\u00eda del Perro, en honor a un can de nombre <strong>Chonino<\/strong>, un ovejero alem\u00e1n de la Polic\u00eda Federal Argentina que ese mismo d\u00eda, pero de 1983, hace 40 a\u00f1os, <strong>muri\u00f3 luego de salvar a su gu\u00eda, el suboficial Luis Sibert.<\/strong><\/p>\n\n\n\n<p><\/p>\n\n\n\n<p>Desde la Direcci\u00f3n se destaca que esta fecha nos permite recordar que los perros, al igual que los dem\u00e1s animales de compa\u00f1\u00eda, <strong>no deben ser considerados meros objetos y, es necesario siempre tener en cuenta a estos seres, en especial, a los tantos que deambulan por las calles y a los que duermen en refugios esperando encontrar un hogar<\/strong> que los abrigue.<\/p>\n\n\n\n<p><\/p>\n\n\n\n<blockquote class=\"wp-block-quote is-layout-flow wp-block-quote-is-layout-flow\">\n<p>En este sentido, Bromatolog\u00eda lleva adelante de forma sostenida la campa\u00f1a de difusi\u00f3n de animales en adopci\u00f3n, rescatados por personal del \u00e1rea y alojados en el predio ubicado en Av. Urquiza 5493.<\/p>\n<\/blockquote>\n\n\n\n<p><\/p>\n\n\n\n<p>Para conocer el listado de animales en adopci\u00f3n, se puede consultar en las redes oficiales del Municipio: <strong>Ig: @olavarriamunicipio; Fb: Municipio Partido de Olavarr\u00eda.<\/strong><\/p>\n\n\n\n<p><\/p>\n\n\n\n<figure class=\"wp-block-image size-full\"><img data-recalc-dims=\"1\" loading=\"lazy\" decoding=\"async\" width=\"800\" height=\"445\" src=\"https:\/\/i0.wp.com\/cdnoticias.com\/wp-content\/uploads\/2024\/06\/BROMATOLOGIA-adopciones-Odin-2.jpg?resize=800%2C445&#038;ssl=1\" alt=\"\" class=\"wp-image-117603\" srcset=\"https:\/\/i0.wp.com\/cdnoticias.com\/wp-content\/uploads\/2024\/06\/BROMATOLOGIA-adopciones-Odin-2.jpg?w=800&amp;ssl=1 800w, https:\/\/i0.wp.com\/cdnoticias.com\/wp-content\/uploads\/2024\/06\/BROMATOLOGIA-adopciones-Odin-2.jpg?resize=300%2C167&amp;ssl=1 300w, https:\/\/i0.wp.com\/cdnoticias.com\/wp-content\/uploads\/2024\/06\/BROMATOLOGIA-adopciones-Odin-2.jpg?resize=768%2C427&amp;ssl=1 768w\" sizes=\"auto, (max-width: 800px) 100vw, 800px\" \/><\/figure>\n\n\n\n<p><\/p>\n\n\n\n<p><strong>La historia de Chonino<\/strong><\/p>\n\n\n\n<p><\/p>\n\n\n\n<p>Chonino hab\u00eda sido incorporado a la<strong> Divisi\u00f3n Perros de la Fuerza en 1977<\/strong>, cuando ten\u00eda dos a\u00f1os, y desde principios, asombraba su nivel de aprendizaje. El hecho que lo volvi\u00f3 inolvidable fue su relaci\u00f3n entra\u00f1able con el agente Luis Sibert durante 6 a\u00f1os de acompa\u00f1amiento.<\/p>\n\n\n\n<p><\/p>\n\n\n\n<p>En un patrullaje de rutina en el barrio de Villa Devoto, el 2 de junio de 1983, Sibert y su compa\u00f1ero de tareas, Jorge Iani, siguieron a dos sospechosos con quienes terminaron enfrent\u00e1ndose a tiros.<\/p>\n\n\n\n<p><\/p>\n\n\n\n<p>Al ver a su gu\u00eda Sibert herido de una bala en el suelo, el recordado <strong>Chonino se lanz\u00f3 encima de un delincuente, quien le dispar\u00f3 en el pecho y provoc\u00f3 su muerte. <\/strong>El valiente accionar del perro salv\u00f3 la vida de Sibert, mientras que su colega, el agente Iani, no logr\u00f3 sobrevivir.<\/p>\n\n\n\n<p><\/p>\n\n\n\n<p>Los ladrones, que lograron escapar, fueron atrapados cinco d\u00edas m\u00e1s tarde por una situaci\u00f3n casi milagrosa, tambi\u00e9n protagonizada por Chonino: entre los dientes del animal de gran porte, la polic\u00eda encontr\u00f3 un trozo de tela del abrigo de uno de los atacantes que era un bolsillo y ten\u00eda un documento adentro que permiti\u00f3 identificarlo.<\/p>\n\n\n\n<p>Desde 1996 se conmemora el D\u00eda Nacional del Perro en territorio argentino, por iniciativa de la periodista y poeta Cora Can\u00e9 \u2013 fallecida en 2016. Ella quiso recordar las haza\u00f1as de Chonino.<\/p>\n","protected":false},"excerpt":{"rendered":"<p>Se conmemora cada 2 de junio en honor a \u201cChonino\u201d, un ovejero alem\u00e1n de la Polic\u00eda Federal Argentina que muri\u00f3<\/p>\n","protected":false},"author":2,"featured_media":117604,"comment_status":"closed","ping_status":"closed","sticky":false,"template":"","format":"standard","meta":{"_jetpack_memberships_contains_paid_content":false,"footnotes":""},"categories":[5,1],"tags":[],"class_list":["post-117602","post","type-post","status-publish","format-standard","has-post-thumbnail","hentry","category-informacion-general","category-portada"],"jetpack_featured_media_url":"https:\/\/i0.wp.com\/cdnoticias.com\/wp-content\/uploads\/2024\/06\/BROMATOLOGIA-adopciones-Alain-2.jpg?fit=800%2C445&ssl=1","jetpack_sharing_enabled":true,"_links":{"self":[{"href":"https:\/\/cdnoticias.com\/index.php\/wp-json\/wp\/v2\/posts\/117602","targetHints":{"allow":["GET"]}}],"collection":[{"href":"https:\/\/cdnoticias.com\/index.php\/wp-json\/wp\/v2\/posts"}],"about":[{"href":"https:\/\/cdnoticias.com\/index.php\/wp-json\/wp\/v2\/types\/post"}],"author":[{"embeddable":true,"href":"https:\/\/cdnoticias.com\/index.php\/wp-json\/wp\/v2\/users\/2"}],"replies":[{"embeddable":true,"href":"https:\/\/cdnoticias.com\/index.php\/wp-json\/wp\/v2\/comments?post=117602"}],"version-history":[{"count":0,"href":"https:\/\/cdnoticias.com\/index.php\/wp-json\/wp\/v2\/posts\/117602\/revisions"}],"wp:featuredmedia":[{"embeddable":true,"href":"https:\/\/cdnoticias.com\/index.php\/wp-json\/wp\/v2\/media\/117604"}],"wp:attachment":[{"href":"https:\/\/cdnoticias.com\/index.php\/wp-json\/wp\/v2\/media?parent=117602"}],"wp:term":[{"taxonomy":"category","embeddable":true,"href":"https:\/\/cdnoticias.com\/index.php\/wp-json\/wp\/v2\/categories?post=117602"},{"taxonomy":"post_tag","embeddable":true,"href":"https:\/\/cdnoticias.com\/index.php\/wp-json\/wp\/v2\/tags?post=117602"}],"curies":[{"name":"wp","href":"https:\/\/api.w.org\/{rel}","templated":true}]}}