{"id":11760,"date":"2021-01-19T09:50:29","date_gmt":"2021-01-19T12:50:29","guid":{"rendered":"http:\/\/www.centraldenoticias.com.ar\/?p=11760"},"modified":"2021-01-19T09:50:29","modified_gmt":"2021-01-19T12:50:29","slug":"tandil-el-comite-de-emergencia-sugirio-volver-al-estadio-rojo","status":"publish","type":"post","link":"https:\/\/cdnoticias.com\/index.php\/2021\/01\/19\/tandil-el-comite-de-emergencia-sugirio-volver-al-estadio-rojo\/","title":{"rendered":"Tandil: el comit\u00e9 de emergencia sugiri\u00f3 volver al \u201cestadio rojo\u201d"},"content":{"rendered":"<p>La vecina ciudad tiene un alto nivel de ocupaci\u00f3n de camas hospitalarias, y los contagios no disminuyen. La Jefa de Guardia del Hospital Ram\u00f3n Santamarina dijo que la situaci\u00f3n es \u201ccr\u00edtica y muy alarmante\u201d.<!--more--><\/p>\n<hr \/>\n<p>Tras una importante suba de ocupaci\u00f3n en la terapia de los centros de Salud de Tandil, <strong>el comit\u00e9 de emergencia de la vecina ciudad sugiri\u00f3 volver a un \u201cestadio rojo\u201d para controlar la situaci\u00f3n y evitar el colapso sanitario por la pandemia de COVID.<\/strong><\/p>\n<p>&nbsp;<\/p>\n<blockquote><p>Si bien hubo menos casos positivos en los \u00faltimos d\u00edas, el uso de camas contin\u00faa en ascenso, super\u00f3 la veintena y se acerca al \u201ccolapso sanitario\u201d seg\u00fan afirmaron profesionales de la salud.<\/p><\/blockquote>\n<p>&nbsp;<\/p>\n<p>Tal es as\u00ed, que<strong> la Jefa de Guardia del Hospital Santamarina, Cecilia Martens, admiti\u00f3 en di\u00e1logo con El Eco de Tandil que uno de los criterios del uso del sistema de sem\u00e1foro sanitaria es el \u00edndice de ocupaci\u00f3n de camas en hospitales y <em>\u201cestamos en una situaci\u00f3n cr\u00edtica, muy alarmante\u201d.<\/em><\/strong><\/p>\n<p>&nbsp;<\/p>\n<p>En este momento,<strong> Tandil se encuentra en el Estadio Amarillo seg\u00fan el mencionado esquema y en Fase 4 para el Gobierno provincial.<\/strong> Sin embargo, en una reuni\u00f3n que se dio el pasado lunes, se recomend\u00f3 volver al \u201csem\u00e1foro en rojo\u201d dado que la ocupaci\u00f3n de camas es muy alta y adem\u00e1s, se not\u00f3 una \u201cdistensi\u00f3n\u201d en las pautas de cuidados por parte de los vecinos.<\/p>\n<p>&nbsp;<\/p>\n<p>Adem\u00e1s de las complicaciones de un potencial colapso, el cansancio m\u00e9dico es otro dato a tener en cuenta: <em>\u201cEs muy angustiante para los m\u00e9dicos que trabajamos en emergencia porque<strong> no hay camas en la ciudad, quedan una o dos en las terapias intensivas y salas generales que atienden pacientes con Covid-19.<\/strong> Debe tomarse muy seriamente porque la verdad es que no tenemos disponibilidad de camas, tanto para pacientes con coronavirus como para otros pacientes con otras necesidades\u201d<\/em>, describi\u00f3 Martens.<\/p>\n<p>&nbsp;<\/p>\n<p>La situaci\u00f3n es tan preocupante, que <strong>Martens dese\u00f3 no tener que llegar a <em>\u201cdecisiones dif\u00edciles\u201d<\/em> como se ha visto en otros pa\u00edses donde la disponibilidad de camas y respiradores se resinti\u00f3 tanto que oblig\u00f3 al personal sanitario a elegir a qui\u00e9nes ofrecer los cuidados.<\/strong><\/p>\n<p>&nbsp;<\/p>\n<p><em>\u201cSi se siguen incrementado los pacientes internados no s\u00e9 si se va a poder dar repuesta. Sin ser alarmista, esto es contar la realidad de lo que pasa en la ciudad, tenemos que cuidarnos de todo: accidentes de tr\u00e1nsito, usar casco, no beber en exceso, controlar enfermedades cr\u00f3nicas. Y por los dem\u00e1s, las recomendaciones son siempre las mismas\u201d<\/em>, enumer\u00f3.<\/p>\n<p>&nbsp;<\/p>\n<p><em>Informaci\u00f3n: El Eco<\/em><\/p>\n","protected":false},"excerpt":{"rendered":"<p>La vecina ciudad tiene un alto nivel de ocupaci\u00f3n de camas hospitalarias, y los contagios no disminuyen. La Jefa de<\/p>\n","protected":false},"author":2,"featured_media":2283,"comment_status":"closed","ping_status":"closed","sticky":false,"template":"","format":"standard","meta":{"_jetpack_memberships_contains_paid_content":false,"footnotes":""},"categories":[6,1],"tags":[],"class_list":["post-11760","post","type-post","status-publish","format-standard","has-post-thumbnail","hentry","category-nacionales","category-portada"],"jetpack_featured_media_url":"https:\/\/i0.wp.com\/cdnoticias.com\/wp-content\/uploads\/2020\/09\/tandil-centro.jpg?fit=829%2C567&ssl=1","jetpack_sharing_enabled":true,"_links":{"self":[{"href":"https:\/\/cdnoticias.com\/index.php\/wp-json\/wp\/v2\/posts\/11760","targetHints":{"allow":["GET"]}}],"collection":[{"href":"https:\/\/cdnoticias.com\/index.php\/wp-json\/wp\/v2\/posts"}],"about":[{"href":"https:\/\/cdnoticias.com\/index.php\/wp-json\/wp\/v2\/types\/post"}],"author":[{"embeddable":true,"href":"https:\/\/cdnoticias.com\/index.php\/wp-json\/wp\/v2\/users\/2"}],"replies":[{"embeddable":true,"href":"https:\/\/cdnoticias.com\/index.php\/wp-json\/wp\/v2\/comments?post=11760"}],"version-history":[{"count":0,"href":"https:\/\/cdnoticias.com\/index.php\/wp-json\/wp\/v2\/posts\/11760\/revisions"}],"wp:featuredmedia":[{"embeddable":true,"href":"https:\/\/cdnoticias.com\/index.php\/wp-json\/wp\/v2\/media\/2283"}],"wp:attachment":[{"href":"https:\/\/cdnoticias.com\/index.php\/wp-json\/wp\/v2\/media?parent=11760"}],"wp:term":[{"taxonomy":"category","embeddable":true,"href":"https:\/\/cdnoticias.com\/index.php\/wp-json\/wp\/v2\/categories?post=11760"},{"taxonomy":"post_tag","embeddable":true,"href":"https:\/\/cdnoticias.com\/index.php\/wp-json\/wp\/v2\/tags?post=11760"}],"curies":[{"name":"wp","href":"https:\/\/api.w.org\/{rel}","templated":true}]}}