{"id":117596,"date":"2024-06-01T20:56:24","date_gmt":"2024-06-02T14:01:18","guid":{"rendered":"https:\/\/cdnoticias.com\/?p=117596"},"modified":"2025-02-13T17:43:28","modified_gmt":"2025-02-13T20:43:28","slug":"ferro-dio-vuelta-la-serie-y-es-el-primer-clasificado-a-los-playoffs-del-interligas","status":"publish","type":"post","link":"https:\/\/cdnoticias.com\/index.php\/2024\/06\/01\/ferro-dio-vuelta-la-serie-y-es-el-primer-clasificado-a-los-playoffs-del-interligas\/","title":{"rendered":"Ferro dio vuelta la serie y es el primer clasificado a los playoffs del Interligas"},"content":{"rendered":"<p>Al \u201cCarbonero\u201d no le sobr\u00f3 nada en la revancha de los cruces clasificatorios y derrot\u00f3 3 a 1 al duro Espigas en el sint\u00e9tico del \u201cTete\u201d Di Carlo. Ser\u00e1 uno de los representantes olavarrienses en los cruces contra los equipos de Bol\u00edvar.<!--more--><\/p>\n<hr \/>\n<p>Con los colores \u201cAlbicelestes\u201d y \u201cVerdirrojos\u201d a flor de piel en las tribunas del Clemente \u201cTete\u201d Di Carlo, <strong>Ferro, sin jugar bien, venci\u00f3 este s\u00e1bado por la tarde a Espigas y se consolid\u00f3 como el primer clasificado a los choques interregionales del Torneo Uni\u00f3n Deportiva Regional<\/strong>.<\/p>\n<p>&nbsp;<\/p>\n<p>Por el duelo revancha de los playoffs clasificatorios, <strong>el \u201cCarbonero\u201d se impuso 3 a 1 con goles de Rodrigo Garro, Joaqu\u00edn Stular y Ram\u00f3n S\u00e1nchez<\/strong> y revirti\u00f3 la serie global<strong> 3 \u2013 2<\/strong> a su favor. <strong>Mateo Tamagnini en contra fue el empate transitorio para los dirigidos por Vel\u00e1zquez<\/strong> que, a pesar de la eliminaci\u00f3n, terminaron con la frente en alto y un dign\u00edsimo papel en el primer semestre del a\u00f1o.<\/p>\n<p>&nbsp;<\/p>\n<ul>\n<li>\n<h6><strong>El partido<\/strong><\/h6>\n<\/li>\n<\/ul>\n<p>&nbsp;<\/p>\n<p>\u201cDesde el vestuario\u201d, pr\u00e1cticamente, el equipo de Miguel Diorio encontr\u00f3 la llave del gol y se puso 1 a 0 arriba.<strong> Tras un env\u00edo desde el sector izquierdo, la pelota recorri\u00f3 toda el \u00e1rea y apareci\u00f3 Rodrigo Garro, en soledad por el segundo palo, para empujarla a la red a los 2\u2019<\/strong>.<\/p>\n<p>&nbsp;<\/p>\n<p>Espigas reaccion\u00f3 a tiempo minutos m\u00e1s tarde e igual\u00f3 las acciones de pelota parada. <strong>Iv\u00e1n Leal se encarg\u00f3 de ejecutar el tiro libre, casi sin \u00e1ngulo, que termin\u00f3 desvi\u00e1ndose en Mateo Tamagini para el 1 a 1 cuando corr\u00edan 8\u2019 en el cron\u00f3metro<\/strong>.<\/p>\n<p>&nbsp;<\/p>\n<p>Hasta dicho momento, la clasificaci\u00f3n estuvo en manos del \u201cVerdirrojo\u201d que se plant\u00f3 bien en su terreno y complic\u00f3 m\u00e1s de una vez al local cada vez que Leal toc\u00f3 la pelota. No obstante, la pelota siempre fue de Ferro. Manej\u00f3 los hilos en la mitad de la cancha, pero le cost\u00f3 generar, aunque tuvo algunas aproximaciones que alertaron a la defensa esp\u00edguense.<\/p>\n<p>&nbsp;<\/p>\n<p>[soliloquy id=&#8221;51842&#8243;]<\/p>\n<p>&nbsp;<\/p>\n<p>Y a los 29\u2019 encontr\u00f3 en el bal\u00f3n detenido la segunda emoci\u00f3n de la tarde. <strong>Hammerschmidt ejecut\u00f3 la falta, Ibalo respondi\u00f3 bien abajo, pero dej\u00f3 el rebote y, desde el \u00e1rea chica, emergi\u00f3 Joaqu\u00edn Stular para empujar la pelota al gol. Fue el 2 a 1<\/strong>.<\/p>\n<p>&nbsp;<\/p>\n<p>Posteriormente, el \u201cCarbonero\u201d pudo haberse ido al descanso con un tanto m\u00e1s, pero \u201cNico\u201d Lareu no estuvo fino con la punter\u00eda. A los 39\u2019, Bruno Pal la dej\u00f3 viva en zona de peligro y el ex Embajadores dispar\u00f3 a quemarropa a Ibalo, que respondi\u00f3 bien y salv\u00f3 otra ca\u00edda de su valla.<\/p>\n<p>&nbsp;<\/p>\n<p>Sorprendi\u00f3 el \u201cVerdirrojo\u201d en la parte complementaria. Sali\u00f3 mejor, m\u00e1s dispuesto y se anim\u00f3 a buscar el empate pese a que no pudo aprovechar las dudas defensivas en el conjunto de la avenida Pringles. Tuvo la m\u00e1s clara a los 65\u2019, con disparo de Gim\u00e9nez que sali\u00f3 d\u00e9bil a las manos de Vedelini.<\/p>\n<p>&nbsp;<\/p>\n<p>Minutos despu\u00e9s, el partido entr\u00f3 en una etapa lagunera donde no pas\u00f3 nada. El segundo tiempo en definitiva no fue bueno y Ferro no hizo m\u00e1s que sostener el resultado. Sin embargo, el ingreso de Gonz\u00e1lez le hizo bien porque fue art\u00edfice fundamental para tercer grito \u201cCarbonero\u201d.<\/p>\n<p>&nbsp;<\/p>\n<p><strong>El ex Racing y El Fort\u00edn desbord\u00f3 por izquierda, cruz\u00f3 la pelota al \u00e1rea y primero no pudo Stular, pero si Ram\u00f3n S\u00e1nchez que lleg\u00f3 de frente y sac\u00f3 un potente derechazo con todo el arco a su merced para el 3 \u2013 1 definitivo en el sint\u00e9tico.<\/strong><\/p>\n<p>&nbsp;<\/p>\n<p>Con el boleto asegurado a los playoffs del Interligas, <strong>Ferro tendr\u00e1 varios d\u00edas de descanso y esperar\u00e1 a su rival bolivarense<\/strong>. A\u00fan restan dos fechas para que culmine el campeonato en la vecina ciudad.<\/p>\n<p>&nbsp;<\/p>\n<p><strong>S\u00edntesis Ferro Carril Sud \u2013 Espigas: \u00a0<\/strong><\/p>\n<p><strong>Ferro (3):<\/strong> Franco Vedelini; Braian Tello, Franco Aguirre, Mathias Buongiorno, Mateo Tamagnini; Franco Hammerschmidt (J. Ayesa), Gast\u00f3n Borda, Ram\u00f3n S\u00e1nchez (M. Gargaglione); Nicol\u00e1s Lareu (J. Ponce), Rodrigo Garro (Y. Gonz\u00e1lez) y Joaqu\u00edn Stular (J. Campos). DT: Miguel Diorio.<\/p>\n<p><strong>Espigas (1): <\/strong>Pedro Ibalo; Mateo Ferreyra (E. Arce), Juan Jos\u00e9 Dotti, Diego Pintos, Alan Ben\u00edtez, Bruno Pal (J. Vivas); Iv\u00e1n Gim\u00e9nez, Lautaro Barrionuevo, Jes\u00fas Pal; Iv\u00e1n Leal y Mat\u00edas Diribarne M\u00f3naco (A. Arce). DT: Mat\u00edas Vel\u00e1zquez.<\/p>\n<p><strong>Goles<\/strong>: 2m. PT Rodrigo Garro (FCS), 8m. PT Mateo Tamagnini e\/c (E), 29m. PT Joaqu\u00edn Stular (FCS); 34m. ST Ram\u00f3n S\u00e1nchez (FCS).<\/p>\n<p><strong>Amonestados<\/strong>: Aguirre y Lareu (Ferro); Ibalo, B. Pal, Pintos y Vivas (Espigas).<\/p>\n<p><strong>Expulsados<\/strong>: 33m. PT Franco Zalazar Steimbach \u2013 AC \u2013 (FCS) y 41m. ST Lautaro Barrionuevo (E).<\/p>\n<p><strong>\u00c1rbitro<\/strong>: Nicol\u00e1s Moreno. <strong>Estadio<\/strong>: Clemente \u201cTete\u201d Di Carlo.<\/p>\n","protected":false},"excerpt":{"rendered":"<p>Al \u201cCarbonero\u201d no le sobr\u00f3 nada en la revancha de los cruces clasificatorios y derrot\u00f3 3 a 1 al duro<\/p>\n","protected":false},"author":96739694,"featured_media":161402,"comment_status":"closed","ping_status":"closed","sticky":false,"template":"","format":"standard","meta":{"_jetpack_memberships_contains_paid_content":false,"footnotes":""},"categories":[35,1,41],"tags":[],"class_list":["post-117596","post","type-post","status-publish","format-standard","has-post-thumbnail","hentry","category-futbol","category-portada","category-primera-y-reserva"],"jetpack_featured_media_url":"https:\/\/i0.wp.com\/cdnoticias.com\/wp-content\/uploads\/2024\/06\/ferro-espigas-turd-6.jpg?fit=1280%2C853&ssl=1","jetpack_sharing_enabled":true,"_links":{"self":[{"href":"https:\/\/cdnoticias.com\/index.php\/wp-json\/wp\/v2\/posts\/117596","targetHints":{"allow":["GET"]}}],"collection":[{"href":"https:\/\/cdnoticias.com\/index.php\/wp-json\/wp\/v2\/posts"}],"about":[{"href":"https:\/\/cdnoticias.com\/index.php\/wp-json\/wp\/v2\/types\/post"}],"author":[{"embeddable":true,"href":"https:\/\/cdnoticias.com\/index.php\/wp-json\/wp\/v2\/users\/96739694"}],"replies":[{"embeddable":true,"href":"https:\/\/cdnoticias.com\/index.php\/wp-json\/wp\/v2\/comments?post=117596"}],"version-history":[{"count":0,"href":"https:\/\/cdnoticias.com\/index.php\/wp-json\/wp\/v2\/posts\/117596\/revisions"}],"wp:featuredmedia":[{"embeddable":true,"href":"https:\/\/cdnoticias.com\/index.php\/wp-json\/wp\/v2\/media\/161402"}],"wp:attachment":[{"href":"https:\/\/cdnoticias.com\/index.php\/wp-json\/wp\/v2\/media?parent=117596"}],"wp:term":[{"taxonomy":"category","embeddable":true,"href":"https:\/\/cdnoticias.com\/index.php\/wp-json\/wp\/v2\/categories?post=117596"},{"taxonomy":"post_tag","embeddable":true,"href":"https:\/\/cdnoticias.com\/index.php\/wp-json\/wp\/v2\/tags?post=117596"}],"curies":[{"name":"wp","href":"https:\/\/api.w.org\/{rel}","templated":true}]}}