{"id":117559,"date":"2024-06-04T09:24:50","date_gmt":"2024-06-04T12:24:50","guid":{"rendered":"https:\/\/cdnoticias.com\/?p=117559"},"modified":"2024-06-04T09:24:52","modified_gmt":"2024-06-04T12:24:52","slug":"encuentro-de-la-lista-verde-de-coopelectric-criticas-al-manejo-financiero","status":"publish","type":"post","link":"https:\/\/cdnoticias.com\/index.php\/2024\/06\/04\/encuentro-de-la-lista-verde-de-coopelectric-criticas-al-manejo-financiero\/","title":{"rendered":"Encuentro de la Lista Verde de Coopelectric: cr\u00edticas al manejo financiero"},"content":{"rendered":"<p>Fue el eje central de una charla del referente de la agrupaci\u00f3n, Luis Cavalli. Se adelant\u00f3 que recurrir\u00e1n al INAES en el marco de las elecciones de la cooperativa.<!--more--><\/p>\n<hr \/>\n<p>El viernes se realiz\u00f3 un<strong> encuentro de la Lista Verde de Coopelectric<\/strong> en el Sindicato de Vendedores de Diarios y Revistas.<\/p>\n<p>En la oportunidad, <strong>Luis Cavalli hizo un repaso de los or\u00edgenes de la cooperativa<\/strong> de electricidad desde su fundaci\u00f3n. Profundiz\u00f3 en<strong> \u201clos cambios que se produjeron en la d\u00e9cada de los 90<\/strong>, momento en el cual asumi\u00f3 la actual conducci\u00f3n de Coopelectric hasta llegar al momento actual en que <strong>la empresa se encuentra en virtual quebranto econ\u00f3mico<\/strong>, como lo evidencia su balance, con una <strong>p\u00e9rdida de m\u00e1s de 2.000 millones de pesos<\/strong> y una enorme deuda para el futuro\u201d.<\/p>\n<p>El expositor afirm\u00f3 que<strong> \u201cCoopelectric en los 90 era una s\u00f3lida cooperativa de luz<\/strong>, con enormes fondos de reserva, con los cuales los actuales conductores decidieron incursionar en <strong>emprendimientos que terminaron en fracaso, como Infracom y Obras Sanitarias\u201d<\/strong>. A eso Cavalli a\u00f1adi\u00f3 que \u201cen los \u00faltimos a\u00f1os se vieron obligados a no pagar la electricidad a quien se las vende, <strong>CAMMESA, que termin\u00f3 embarg\u00e1ndolos y oblig\u00e1ndolos a pagar la electricidad que compran\u201d<\/strong>.<\/p>\n<p><img data-recalc-dims=\"1\" loading=\"lazy\" decoding=\"async\" class=\"size-full wp-image-117533 aligncenter\" src=\"https:\/\/i0.wp.com\/cdnoticias.com\/wp-content\/uploads\/2024\/06\/lista-verde-charla-01.jpg?resize=800%2C445&#038;ssl=1\" alt=\"\" width=\"800\" height=\"445\" srcset=\"https:\/\/i0.wp.com\/cdnoticias.com\/wp-content\/uploads\/2024\/06\/lista-verde-charla-01.jpg?w=800&amp;ssl=1 800w, https:\/\/i0.wp.com\/cdnoticias.com\/wp-content\/uploads\/2024\/06\/lista-verde-charla-01.jpg?resize=300%2C167&amp;ssl=1 300w, https:\/\/i0.wp.com\/cdnoticias.com\/wp-content\/uploads\/2024\/06\/lista-verde-charla-01.jpg?resize=768%2C427&amp;ssl=1 768w\" sizes=\"auto, (max-width: 800px) 100vw, 800px\" \/><\/p>\n<p>En ese marco se refiri\u00f3 al cobro de la <strong>\u201ccontribuci\u00f3n de capital en acciones\u201d<\/strong> que defini\u00f3 como \u201cun injusto castigo al socio, ajeno a las malas decisiones\u201d.<\/p>\n<p>Hizo un repaso de las acciones de relacionamiento directo que lleva adelante la Lista Verde con los usuarios en los timbreos y en las mesas donde se pide la firma para un <strong>reclamo colectivo a fin de que Coopelectric \u201ccumpla con la obligaci\u00f3n emanada del OCEBA de devolver lo cobrado indebidamente\u201d<\/strong>.<\/p>\n<p>Puntualmente de cara a las <strong>elecciones de Coopelectric<\/strong>, a realizarse en agosto, los asistentes a la charla debatieron sobre<strong> \u201crealizar un pedido de dictamen sobre el proceso electoral al INAES<\/strong>, organismo regulador de las cooperativas, as\u00ed como<strong> solicitar veedores<\/strong> para evitar las irregularidades con que la actual conducci\u00f3n de la cooperativa impidi\u00f3 que la Lista Verde en el a\u00f1o 2021 pudiera presentarse en elecciones\u201d se inform\u00f3.<\/p>\n","protected":false},"excerpt":{"rendered":"<p>Fue el eje central de una charla del referente de la agrupaci\u00f3n, Luis Cavalli. Se adelant\u00f3 que recurrir\u00e1n al INAES<\/p>\n","protected":false},"author":4,"featured_media":117532,"comment_status":"closed","ping_status":"closed","sticky":false,"template":"","format":"standard","meta":{"_jetpack_memberships_contains_paid_content":false,"footnotes":""},"categories":[4,1],"tags":[],"class_list":["post-117559","post","type-post","status-publish","format-standard","has-post-thumbnail","hentry","category-politica","category-portada"],"jetpack_featured_media_url":"https:\/\/i0.wp.com\/cdnoticias.com\/wp-content\/uploads\/2024\/06\/lista-verde-charla-00.jpg?fit=800%2C445&ssl=1","jetpack_sharing_enabled":true,"_links":{"self":[{"href":"https:\/\/cdnoticias.com\/index.php\/wp-json\/wp\/v2\/posts\/117559","targetHints":{"allow":["GET"]}}],"collection":[{"href":"https:\/\/cdnoticias.com\/index.php\/wp-json\/wp\/v2\/posts"}],"about":[{"href":"https:\/\/cdnoticias.com\/index.php\/wp-json\/wp\/v2\/types\/post"}],"author":[{"embeddable":true,"href":"https:\/\/cdnoticias.com\/index.php\/wp-json\/wp\/v2\/users\/4"}],"replies":[{"embeddable":true,"href":"https:\/\/cdnoticias.com\/index.php\/wp-json\/wp\/v2\/comments?post=117559"}],"version-history":[{"count":0,"href":"https:\/\/cdnoticias.com\/index.php\/wp-json\/wp\/v2\/posts\/117559\/revisions"}],"wp:featuredmedia":[{"embeddable":true,"href":"https:\/\/cdnoticias.com\/index.php\/wp-json\/wp\/v2\/media\/117532"}],"wp:attachment":[{"href":"https:\/\/cdnoticias.com\/index.php\/wp-json\/wp\/v2\/media?parent=117559"}],"wp:term":[{"taxonomy":"category","embeddable":true,"href":"https:\/\/cdnoticias.com\/index.php\/wp-json\/wp\/v2\/categories?post=117559"},{"taxonomy":"post_tag","embeddable":true,"href":"https:\/\/cdnoticias.com\/index.php\/wp-json\/wp\/v2\/tags?post=117559"}],"curies":[{"name":"wp","href":"https:\/\/api.w.org\/{rel}","templated":true}]}}