{"id":117535,"date":"2024-06-01T11:01:48","date_gmt":"2024-06-01T14:01:48","guid":{"rendered":"https:\/\/cdnoticias.com\/?p=117535"},"modified":"2024-06-01T12:38:07","modified_gmt":"2024-06-01T15:38:07","slug":"el-proceso-de-la-ruta-critica-en-el-ciclo-de-dialogos","status":"publish","type":"post","link":"https:\/\/cdnoticias.com\/index.php\/2024\/06\/01\/el-proceso-de-la-ruta-critica-en-el-ciclo-de-dialogos\/","title":{"rendered":"El proceso de la \u201cruta cr\u00edtica\u201d en el Ciclo de Di\u00e1logos"},"content":{"rendered":"<p>Se trata de la propuesta organizada por la Mesa Local contra la violencia familiar y de g\u00e9nero. Importante asistencia para escuchar a autoridades policiales, judiciales, municipales y educativas.<\/p>\n<p><!--more--><\/p>\n<hr \/>\n<p>En el<strong> Auditorio de la Facultad de Ingenier\u00eda<\/strong> de nuestra ciudad se llev\u00f3 a cabo <strong>el segundo encuentro del Ciclo de Di\u00e1logos \u201cG\u00e9neros, Derechos y Territorios sin violencias\u201d<\/strong> organizado por la <strong>Mesa Local contra la violencia familiar y de g\u00e9nero<\/strong>.<\/p>\n<p>El encuentro del jueves se denomin\u00f3<strong> \u201cAbordaje integral e interdisciplinario de las violencias. Procesos, pr\u00e1cticas y nuevos acuerdos\u201d<\/strong>.<\/p>\n<p>Cont\u00f3 con un <strong>importante marco de p\u00fablico<\/strong>, entre los que se encontraban representantes de organizaciones sociales, estudiantes, funcionarios judiciales y magistrados, abogados de la localidad, integrantes del Concejo Deliberante, docentes, funcionarios municipales.<\/p>\n<blockquote><p>\u201cEl objetivo de este encuentro es deconstruir el proceso de la ruta cr\u00edtica y revisar actuaciones para valorar institucionalmente trayectorias e intervenciones integrales\u201d se record\u00f3 desde la Mesa Local.<\/p><\/blockquote>\n<p>El tema que convoc\u00f3 al di\u00e1logo fue el <strong>an\u00e1lisis de la denominada \u201cruta cr\u00edtica\u201d que atraviesan las personas en situaci\u00f3n de violencia<\/strong>, cuyo abordaje implica la intervenci\u00f3n de diferentes instituciones, reconocer los recorridos y experiencias de mujeres, ni\u00f1os, ni\u00f1as y adolescentes y diversidades, analizar las funciones de las instituciones y servicios sociales, de salud, judiciales y policiales que intervienen, y a la vez conocer las respuestas que brindan con sus equipos de trabajo.<\/p>\n<p><img data-recalc-dims=\"1\" loading=\"lazy\" decoding=\"async\" class=\"size-full wp-image-117534 aligncenter\" src=\"https:\/\/i0.wp.com\/cdnoticias.com\/wp-content\/uploads\/2024\/06\/mesa-local-ciclo-dialogos-00.jpg?resize=800%2C445&#038;ssl=1\" alt=\"\" width=\"800\" height=\"445\" srcset=\"https:\/\/i0.wp.com\/cdnoticias.com\/wp-content\/uploads\/2024\/06\/mesa-local-ciclo-dialogos-00.jpg?w=1000&amp;ssl=1 1000w, https:\/\/i0.wp.com\/cdnoticias.com\/wp-content\/uploads\/2024\/06\/mesa-local-ciclo-dialogos-00.jpg?resize=300%2C167&amp;ssl=1 300w, https:\/\/i0.wp.com\/cdnoticias.com\/wp-content\/uploads\/2024\/06\/mesa-local-ciclo-dialogos-00.jpg?resize=768%2C427&amp;ssl=1 768w, https:\/\/i0.wp.com\/cdnoticias.com\/wp-content\/uploads\/2024\/06\/mesa-local-ciclo-dialogos-00.jpg?resize=800%2C445&amp;ssl=1 800w\" sizes=\"auto, (max-width: 800px) 100vw, 800px\" \/><\/p>\n<p>Integraron el panel la<em> jefa de la Comisar\u00eda de la Mujer y la Familia, Vanesa Lauge, y la abogada Solange Moreno del equipo interdisciplinario de la dependencia policial; la auxiliar letrada Silvana Valente de la Defensor\u00eda Civil y el Defensor Oficial Juan Alberto Lucas; Cristian Delpiani Secretario de Desarrollo de la Comunidad municipal, el ayudante fiscal Jos\u00e9 Iturralde y la agente fiscal Mariela Viceconte del Ministerio P\u00fablico Fiscal; Julio Ben\u00edtez Jefe de Inspecci\u00f3n de Educaci\u00f3n y Fernanda Gim\u00e9nez presidenta del Colegio de Abogados de Azul<\/em>.<\/p>\n<p>Luego de la exposici\u00f3n del panel, el p\u00fablico realiz\u00f3 preguntas que permitieron un intercambio enriquecedor.<\/p>\n<p>Auspician y acompa\u00f1an este <a href=\"https:\/\/cdnoticias.com\/index.php\/2024\/04\/20\/el-jueves-comenzara-el-ciclo-de-dialogos-genero-derechos-y-territorios-sin-violencias\/\" target=\"_blank\" rel=\"noopener\">Ciclo de Di\u00e1logos<\/a>: Instituto de Estudios Judiciales de la Suprema Corte de Justicia, Colegio de Magistrados Departamento Judicial Azul, Asociaci\u00f3n de Abogados, Facultad de ciencias Sociales de la UNICEN, Colegio de Abogados de Azul, Honorable Consejo Deliberante de Olavarr\u00eda y el Municipio de Olavarr\u00eda. Fue declarado de inter\u00e9s legislativo y municipal.<\/p>\n<p><strong>El pr\u00f3ximo encuentro ser\u00e1 el 27 de junio en el Centro Cultural Universitario<\/strong>\u00a0de calle San Mart\u00edn 1955, con modalidad de mesa de intercambio. <strong>\u201cMujeres y diversidades. Historias, saberes y experiencias del territorio\u201d<\/strong> ser\u00e1 el tema.<\/p>\n","protected":false},"excerpt":{"rendered":"<p>Se trata de la propuesta organizada por la Mesa Local contra la violencia familiar y de g\u00e9nero. Importante asistencia para<\/p>\n","protected":false},"author":4,"featured_media":117531,"comment_status":"closed","ping_status":"closed","sticky":false,"template":"","format":"standard","meta":{"_jetpack_memberships_contains_paid_content":false,"footnotes":""},"categories":[3,1],"tags":[],"class_list":["post-117535","post","type-post","status-publish","format-standard","has-post-thumbnail","hentry","category-genero","category-portada"],"jetpack_featured_media_url":"https:\/\/i0.wp.com\/cdnoticias.com\/wp-content\/uploads\/2024\/06\/mesa-local-ciclo-dialogos-01.jpg?fit=800%2C445&ssl=1","jetpack_sharing_enabled":true,"_links":{"self":[{"href":"https:\/\/cdnoticias.com\/index.php\/wp-json\/wp\/v2\/posts\/117535","targetHints":{"allow":["GET"]}}],"collection":[{"href":"https:\/\/cdnoticias.com\/index.php\/wp-json\/wp\/v2\/posts"}],"about":[{"href":"https:\/\/cdnoticias.com\/index.php\/wp-json\/wp\/v2\/types\/post"}],"author":[{"embeddable":true,"href":"https:\/\/cdnoticias.com\/index.php\/wp-json\/wp\/v2\/users\/4"}],"replies":[{"embeddable":true,"href":"https:\/\/cdnoticias.com\/index.php\/wp-json\/wp\/v2\/comments?post=117535"}],"version-history":[{"count":0,"href":"https:\/\/cdnoticias.com\/index.php\/wp-json\/wp\/v2\/posts\/117535\/revisions"}],"wp:featuredmedia":[{"embeddable":true,"href":"https:\/\/cdnoticias.com\/index.php\/wp-json\/wp\/v2\/media\/117531"}],"wp:attachment":[{"href":"https:\/\/cdnoticias.com\/index.php\/wp-json\/wp\/v2\/media?parent=117535"}],"wp:term":[{"taxonomy":"category","embeddable":true,"href":"https:\/\/cdnoticias.com\/index.php\/wp-json\/wp\/v2\/categories?post=117535"},{"taxonomy":"post_tag","embeddable":true,"href":"https:\/\/cdnoticias.com\/index.php\/wp-json\/wp\/v2\/tags?post=117535"}],"curies":[{"name":"wp","href":"https:\/\/api.w.org\/{rel}","templated":true}]}}