{"id":11752,"date":"2021-01-19T09:11:10","date_gmt":"2021-01-19T12:11:10","guid":{"rendered":"http:\/\/www.centraldenoticias.com.ar\/?p=11752"},"modified":"2021-01-19T09:27:21","modified_gmt":"2021-01-19T12:27:21","slug":"sorprendieron-a-dos-hombres-robando-en-la-escuela-tecnica-n-1-fueron-aprehendidos","status":"publish","type":"post","link":"https:\/\/cdnoticias.com\/index.php\/2021\/01\/19\/sorprendieron-a-dos-hombres-robando-en-la-escuela-tecnica-n-1-fueron-aprehendidos\/","title":{"rendered":"Sorprendieron a dos hombres robando en la Escuela T\u00e9cnica N\u00b0 1: fueron aprehendidos"},"content":{"rendered":"<p>El hecho se produjo en la madrugada de este martes. Hab\u00edan robado tres chapas galvanizadas en m\u00e1s de 10 metros de largo y escapaban en un veh\u00edculo.<!--more--><\/p>\n<hr \/>\n<p>En la madrugada del martes, <strong>dos hombres fueron aprehendidos por el Comando de Patrullas y personal de la Comisar\u00eda Segunda tras robar chapas en la Escuela T\u00e9cnica N\u00b0 1 y escapar en un auto.<\/strong><\/p>\n<p>&nbsp;<\/p>\n<p>Seg\u00fan se detall\u00f3, <strong>un joven de 21 a\u00f1os y un hombre de 46 fueron sorprendidos escapando en un Renault 12 Break con tres chapas galvanizadas de m\u00e1s de 10 metros de largo en Calle 16 bis y La Rioja<\/strong>. Minutos antes, las hab\u00edan robado de la Escuela T\u00e9cnica N\u00b0 1 ubicada en Eva Per\u00f3n y R\u00edo Negro.<\/p>\n<p>&nbsp;<\/p>\n<blockquote><p>Tras corroborar el hecho, fueron aprehendidos por el personal policial y trasladados a la sede de Comisar\u00eda Segunda para las actuaciones administrativas de rigor y quedar a disposici\u00f3n de la fiscal\u00eda en turno.<\/p><\/blockquote>\n<p>&nbsp;<\/p>\n<p>La causa fue catalogada como<strong><em> \u201cHurto agravado por escalamiento, en poblado y en banda in fraganti delito\u201d<\/em><\/strong> con intervenci\u00f3n de la UFI N\u00b0 4, subrogada por el doctor Christian Url\u00e9zaga.<\/p>\n","protected":false},"excerpt":{"rendered":"<p>El hecho se produjo en la madrugada de este martes. Hab\u00edan robado tres chapas galvanizadas en m\u00e1s de 10 metros<\/p>\n","protected":false},"author":2,"featured_media":11753,"comment_status":"closed","ping_status":"closed","sticky":false,"template":"","format":"standard","meta":{"_jetpack_memberships_contains_paid_content":false,"footnotes":""},"categories":[14,1],"tags":[],"class_list":["post-11752","post","type-post","status-publish","format-standard","has-post-thumbnail","hentry","category-policiales","category-portada"],"jetpack_featured_media_url":"https:\/\/i0.wp.com\/cdnoticias.com\/wp-content\/uploads\/2021\/01\/WhatsApp-Image-2021-01-19-at-08.29.31.jpeg?fit=945%2C608&ssl=1","jetpack_sharing_enabled":true,"_links":{"self":[{"href":"https:\/\/cdnoticias.com\/index.php\/wp-json\/wp\/v2\/posts\/11752","targetHints":{"allow":["GET"]}}],"collection":[{"href":"https:\/\/cdnoticias.com\/index.php\/wp-json\/wp\/v2\/posts"}],"about":[{"href":"https:\/\/cdnoticias.com\/index.php\/wp-json\/wp\/v2\/types\/post"}],"author":[{"embeddable":true,"href":"https:\/\/cdnoticias.com\/index.php\/wp-json\/wp\/v2\/users\/2"}],"replies":[{"embeddable":true,"href":"https:\/\/cdnoticias.com\/index.php\/wp-json\/wp\/v2\/comments?post=11752"}],"version-history":[{"count":0,"href":"https:\/\/cdnoticias.com\/index.php\/wp-json\/wp\/v2\/posts\/11752\/revisions"}],"wp:featuredmedia":[{"embeddable":true,"href":"https:\/\/cdnoticias.com\/index.php\/wp-json\/wp\/v2\/media\/11753"}],"wp:attachment":[{"href":"https:\/\/cdnoticias.com\/index.php\/wp-json\/wp\/v2\/media?parent=11752"}],"wp:term":[{"taxonomy":"category","embeddable":true,"href":"https:\/\/cdnoticias.com\/index.php\/wp-json\/wp\/v2\/categories?post=11752"},{"taxonomy":"post_tag","embeddable":true,"href":"https:\/\/cdnoticias.com\/index.php\/wp-json\/wp\/v2\/tags?post=11752"}],"curies":[{"name":"wp","href":"https:\/\/api.w.org\/{rel}","templated":true}]}}