{"id":117505,"date":"2024-05-31T17:23:01","date_gmt":"2024-05-31T20:23:01","guid":{"rendered":"https:\/\/cdnoticias.com\/?p=117505"},"modified":"2024-05-31T17:40:30","modified_gmt":"2024-05-31T20:40:30","slug":"estacionamiento-medido-desde-el-10-de-junio-se-podran-labrar-infracciones","status":"publish","type":"post","link":"https:\/\/cdnoticias.com\/index.php\/2024\/05\/31\/estacionamiento-medido-desde-el-10-de-junio-se-podran-labrar-infracciones\/","title":{"rendered":"Estacionamiento Medido: desde el 10 de junio se podr\u00e1n labrar infracciones"},"content":{"rendered":"\n<p>El s\u00e1bado 8 finalizar\u00e1 el periodo de prueba: la consulta de zonas y la carga de cr\u00e9dito, entre las consultas m\u00e1s frecuentes por los cientos de usuarios de la nueva aplicaci\u00f3n.<\/p>\n\n\n\n<hr class=\"wp-block-separator aligncenter has-alpha-channel-opacity\"\/>\n\n\n\n<p>Informado desde la Secretar\u00eda de Jefatura de Gabinete,<strong> el pr\u00f3ximo 8 de junio finalizar\u00e1 el periodo de prueba del nuevo sistema de Estacionamiento Medido de Olavarr\u00eda. Es decir, desde el lunes 10 de junio los inspectores podr\u00e1n labrar infracciones.<\/strong><\/p>\n\n\n\n<p>El periodo de prueba se extendi\u00f3 por un mes y la intenci\u00f3n fue, seg\u00fan informaron, adaptarse a la nueva aplicaci\u00f3n (generada por la Universidad Nacional de la Plata) <strong>desde la Coordinaci\u00f3n de Estacionamiento se hizo un relevamiento de las consultas m\u00e1s frecuentes.<\/strong><\/p>\n\n\n\n<p>Durante mayo la oficina administrativa y los agentes del Estacionamiento Medido recibieron a cientos de vecinos y vecinas y <strong>con toda esta informaci\u00f3n, la comuna emiti\u00f3 una serie de recomendaciones de cara al nuevo periodo del sistema de Estacionamiento Medido:<\/strong><\/p>\n\n\n\n<ul class=\"wp-block-list\">\n<li>Record\u00e1 que tu usuario es t\u00fa n\u00famero de tel\u00e9fono.<\/li>\n\n\n\n<li>Record\u00e1 ingresar de forma correcta la zona en la que estacionas. En el caso de tener dudas, en cada esquina vas a encontrar un cartel con el n\u00famero de la zona donde te encontras.<\/li>\n\n\n\n<li>Para cargar cr\u00e9dito podr\u00e1s hacerlo mediante la aplicaci\u00f3n, en la solapa transacciones, mediante tarjeta de d\u00e9bito o cr\u00e9dito; en los puntos de venta en efectivo, sino tambi\u00e9n, leyendo el QR en la carteler\u00eda dispuestas en ambas zonas.<\/li>\n\n\n\n<li>Desde la aplicaci\u00f3n pod\u00e9s transferir cr\u00e9dito a otro usuario mediante la opci\u00f3n transacciones y luego Transferir cr\u00e9dito.<\/li>\n\n\n\n<li>Si estacionas en zona 1 y luego cambias tu veh\u00edculo de zona, debes cerrar el estacionamiento y volver a abrirlo en zona 2 o viceversa.<\/li>\n\n\n\n<li>Si deseas comprar abono, debes desplegar el men\u00fa en tu aplicaci\u00f3n y realizarlo desde la opci\u00f3n \u201cComprar abono\u201d.<\/li>\n\n\n\n<li>Si adquiriste un abono, record\u00e1 que el mismo solo puede ser usado en la zona para la cual cargaste. Tendr\u00e1 una vigencia de 30 d\u00edas corridos.<\/li>\n\n\n\n<li>Para abonar una multa tenes que desplegar el men\u00fa y hacer clic en la opci\u00f3n \u201cBuscar infracciones\u201d, deber\u00e1s ingresar el dominio y ya podr\u00e1s abonarla con cr\u00e9dito o d\u00e9bito mediante la pasarela de pago.<\/li>\n<\/ul>\n\n\n\n<p class=\"has-large-font-size\">Informaci\u00f3n adicional<\/p>\n\n\n\n<p>La nueva aplicaci\u00f3n est\u00e1 disponible para su descarga, \u201cSEM Mobile\u201d para plataformas iOS (iphone), \u201cSEM Olavarr\u00eda\u201d para plataformas Android. <strong>Las zonas ser\u00e1n las mismas que estaban determinadas para el sistema anterior.<\/strong><\/p>\n\n\n\n<p>Zona 1: Hornos, Espa\u00f1a, Necochea, Lavalle.<\/p>\n\n\n\n<p>Zona 2: Almirante Brown, V\u00e9lez Sarsfield, 9 de julio, \u00c1lvaro Barros.<\/p>\n\n\n\n<p class=\"has-large-font-size\">\u00bfCu\u00e1les son los d\u00edas y horarios?<\/p>\n\n\n\n<p>Zona 1:<\/p>\n\n\n\n<p>Lunes a viernes de 9:00 a 20:00 horas.<\/p>\n\n\n\n<p>S\u00e1bados: de 9:00 a 13:00 horas<\/p>\n\n\n\n<p>Domingos y feriados: libre<\/p>\n\n\n\n<p>Zona 2:<\/p>\n\n\n\n<p>Lunes a viernes de 9:00 a 13:00 horas<\/p>\n\n\n\n<p>S\u00e1bados, domingos y feriados: libre<\/p>\n\n\n\n<p class=\"has-large-font-size\">Oficina de Estacionamiento Medido<\/p>\n\n\n\n<p>La oficina para atenci\u00f3n al usuario funciona en Rivadavia 2780, de lunes a viernes de 9:00 a 20:00 horas y s\u00e1bados de 9:00 a 13:00 horas.<\/p>\n\n\n\n<p>Tel\u00e9fono: 02284-653468. Correo: sem@olavaria.gov.ar<\/p>\n","protected":false},"excerpt":{"rendered":"<p>El s\u00e1bado 8 finalizar\u00e1 el periodo de prueba: la consulta de zonas y la carga de cr\u00e9dito, entre las consultas<\/p>\n","protected":false},"author":2,"featured_media":116029,"comment_status":"closed","ping_status":"closed","sticky":false,"template":"","format":"standard","meta":{"_jetpack_memberships_contains_paid_content":false,"footnotes":""},"categories":[5,1],"tags":[],"class_list":["post-117505","post","type-post","status-publish","format-standard","has-post-thumbnail","hentry","category-informacion-general","category-portada"],"jetpack_featured_media_url":"https:\/\/i0.wp.com\/cdnoticias.com\/wp-content\/uploads\/2024\/05\/estacionamiento-medido-olavarria3-scaled.jpg?fit=2560%2C1424&ssl=1","jetpack_sharing_enabled":true,"_links":{"self":[{"href":"https:\/\/cdnoticias.com\/index.php\/wp-json\/wp\/v2\/posts\/117505","targetHints":{"allow":["GET"]}}],"collection":[{"href":"https:\/\/cdnoticias.com\/index.php\/wp-json\/wp\/v2\/posts"}],"about":[{"href":"https:\/\/cdnoticias.com\/index.php\/wp-json\/wp\/v2\/types\/post"}],"author":[{"embeddable":true,"href":"https:\/\/cdnoticias.com\/index.php\/wp-json\/wp\/v2\/users\/2"}],"replies":[{"embeddable":true,"href":"https:\/\/cdnoticias.com\/index.php\/wp-json\/wp\/v2\/comments?post=117505"}],"version-history":[{"count":0,"href":"https:\/\/cdnoticias.com\/index.php\/wp-json\/wp\/v2\/posts\/117505\/revisions"}],"wp:featuredmedia":[{"embeddable":true,"href":"https:\/\/cdnoticias.com\/index.php\/wp-json\/wp\/v2\/media\/116029"}],"wp:attachment":[{"href":"https:\/\/cdnoticias.com\/index.php\/wp-json\/wp\/v2\/media?parent=117505"}],"wp:term":[{"taxonomy":"category","embeddable":true,"href":"https:\/\/cdnoticias.com\/index.php\/wp-json\/wp\/v2\/categories?post=117505"},{"taxonomy":"post_tag","embeddable":true,"href":"https:\/\/cdnoticias.com\/index.php\/wp-json\/wp\/v2\/tags?post=117505"}],"curies":[{"name":"wp","href":"https:\/\/api.w.org\/{rel}","templated":true}]}}