{"id":117478,"date":"2024-06-04T17:04:33","date_gmt":"2024-06-04T20:04:33","guid":{"rendered":"https:\/\/cdnoticias.com\/?p=117478"},"modified":"2024-06-04T17:04:35","modified_gmt":"2024-06-04T20:04:35","slug":"la-juventud-radical-de-olavarria-ofrece-un-curso-de-orientacion-profesional","status":"publish","type":"post","link":"https:\/\/cdnoticias.com\/index.php\/2024\/06\/04\/la-juventud-radical-de-olavarria-ofrece-un-curso-de-orientacion-profesional\/","title":{"rendered":"La Juventud Radical de Olavarr\u00eda ofrece un Curso de Orientaci\u00f3n Profesional"},"content":{"rendered":"<p>Est\u00e1 destinado a estudiantes del \u00faltimo a\u00f1o del nivel secundario. La inscripci\u00f3n ya se encuentra abierta y es libre y gratuita.<!--more--><\/p>\n<hr \/>\n<p>La <strong>Juventud Radical de Olavarr\u00eda<\/strong> comenzar\u00e1 a brindar un <strong>Curso de Orientaci\u00f3n Profesional en el Comit\u00e9 Radical<\/strong>, ubicado en 25 de Mayo 2758.<\/p>\n<p>La <strong>propuesta libre y gratuita<\/strong>, a cargo de las profesoras en Psicopedagog\u00eda Mar\u00eda Alejandra Longo y Mar\u00eda Laura Trezza, est\u00e1 destinada a <strong>estudiantes de 17 a\u00f1os o m\u00e1s que est\u00e9n en el \u00faltimo a\u00f1o del nivel secundario.<\/strong><\/p>\n<p>La <strong>inscripci\u00f3n ya se encuentra abierta<\/strong> y las personas interesadas tendr\u00e1n tiempo de registrarse<strong> hasta el 13 de junio<\/strong> a trav\u00e9s del <strong>n\u00famero 2284 &#8211; 674257<\/strong>.<\/p>\n<p>Algunos de los <strong>objetivos<\/strong> de esta iniciativa son orientar a los j\u00f3venes para que realicen una elecci\u00f3n consciente, libre y responsable; proporcionar una informaci\u00f3n completa y actualizada sobre la actual oferta educativa; favorecer el proceso de auto &#8211; conocimiento, estimulando el an\u00e1lisis y la reflexi\u00f3n de las diversas variables que inciden en la problem\u00e1tica de la elecci\u00f3n; entre otros.<\/p>\n<blockquote><p>Al respecto, la presidenta del espacio, Victoria Torino, expres\u00f3 que \u201ccon este proyecto hacemos foco en una decisi\u00f3n que a veces es confusa y hasta conflictiva. Buscamos que el y la estudiante realice un proceso para que pueda llevar adelante la elaboraci\u00f3n de su propio proyecto de vida, teniendo en consideraci\u00f3n su realidad social y econ\u00f3mica y la oferta educativa\u201d.<\/p><\/blockquote>\n<p>Por \u00faltimo, se\u00f1al\u00f3: <em>\u201cA trav\u00e9s de dos grandes profesionales y con mucha experiencia, buscamos darles las herramientas necesarias para una elecci\u00f3n libre, consciente y voluntaria\u201d<\/em>.<\/p>\n","protected":false},"excerpt":{"rendered":"<p>Est\u00e1 destinado a estudiantes del \u00faltimo a\u00f1o del nivel secundario. La inscripci\u00f3n ya se encuentra abierta y es libre y<\/p>\n","protected":false},"author":4,"featured_media":92082,"comment_status":"closed","ping_status":"closed","sticky":false,"template":"","format":"standard","meta":{"_jetpack_memberships_contains_paid_content":false,"footnotes":""},"categories":[4,1],"tags":[],"class_list":["post-117478","post","type-post","status-publish","format-standard","has-post-thumbnail","hentry","category-politica","category-portada"],"jetpack_featured_media_url":"https:\/\/i0.wp.com\/cdnoticias.com\/wp-content\/uploads\/2023\/08\/ucr-radical-comite-01.jpg?fit=800%2C445&ssl=1","jetpack_sharing_enabled":true,"_links":{"self":[{"href":"https:\/\/cdnoticias.com\/index.php\/wp-json\/wp\/v2\/posts\/117478","targetHints":{"allow":["GET"]}}],"collection":[{"href":"https:\/\/cdnoticias.com\/index.php\/wp-json\/wp\/v2\/posts"}],"about":[{"href":"https:\/\/cdnoticias.com\/index.php\/wp-json\/wp\/v2\/types\/post"}],"author":[{"embeddable":true,"href":"https:\/\/cdnoticias.com\/index.php\/wp-json\/wp\/v2\/users\/4"}],"replies":[{"embeddable":true,"href":"https:\/\/cdnoticias.com\/index.php\/wp-json\/wp\/v2\/comments?post=117478"}],"version-history":[{"count":0,"href":"https:\/\/cdnoticias.com\/index.php\/wp-json\/wp\/v2\/posts\/117478\/revisions"}],"wp:featuredmedia":[{"embeddable":true,"href":"https:\/\/cdnoticias.com\/index.php\/wp-json\/wp\/v2\/media\/92082"}],"wp:attachment":[{"href":"https:\/\/cdnoticias.com\/index.php\/wp-json\/wp\/v2\/media?parent=117478"}],"wp:term":[{"taxonomy":"category","embeddable":true,"href":"https:\/\/cdnoticias.com\/index.php\/wp-json\/wp\/v2\/categories?post=117478"},{"taxonomy":"post_tag","embeddable":true,"href":"https:\/\/cdnoticias.com\/index.php\/wp-json\/wp\/v2\/tags?post=117478"}],"curies":[{"name":"wp","href":"https:\/\/api.w.org\/{rel}","templated":true}]}}