{"id":117440,"date":"2024-05-30T20:24:31","date_gmt":"2024-05-30T23:24:31","guid":{"rendered":"https:\/\/cdnoticias.com\/?p=117440"},"modified":"2024-05-31T08:15:47","modified_gmt":"2024-05-31T11:15:47","slug":"robaron-en-un-domicilio-los-persiguio-su-dueno-y-los-atrapo-la-policia-terminaron-presos","status":"publish","type":"post","link":"https:\/\/cdnoticias.com\/index.php\/2024\/05\/30\/robaron-en-un-domicilio-los-persiguio-su-dueno-y-los-atrapo-la-policia-terminaron-presos\/","title":{"rendered":"Robaron en un domicilio, los persigui\u00f3 su due\u00f1o y los atrap\u00f3 la polic\u00eda: terminaron presos"},"content":{"rendered":"\n<p>El hecho comenz\u00f3 en 25 de Mayo al 4000 y fueron atrapados en Grimaldi al 3500. Hab\u00edan robado un celular. Uno de ellos es menor de edad.<\/p>\n\n\n\n<hr class=\"wp-block-separator aligncenter has-alpha-channel-opacity\"\/>\n\n\n\n<p>Este jueves, <strong>dos personas fueron aprehendidas por personal de Polic\u00eda Local luego de robar en un domicilio e intentar escapar, siendo perseguidos por el due\u00f1o del lugar en su auto particular.<\/strong><\/p>\n\n\n\n<p>Seg\u00fan precisaron de forma oficial, <strong>el hecho comenz\u00f3 en 25 de Mayo al 4000, cuando un adolescente de 17 a\u00f1os y un hombre de 35 ingresaron a un domicilio y se robaron un celular, marca Motorola.<\/strong><\/p>\n\n\n\n<p><strong>El morador de la vivienda detect\u00f3 el robo y comenz\u00f3 a perseguir a los dos hombres por calles de la ciudad en su veh\u00edculo particular. <\/strong>En paralelo, personal de motopolic\u00eda, mientras realizaba tareas de interceptaci\u00f3n vehicular e identificaci\u00f3n de personas, fue notificado desde el Centro de Monitoreo Municipal del hecho y se sum\u00f3 a la persecuci\u00f3n.<\/p>\n\n\n\n<p>Finalmente, <strong>en Grimaldi al 3500, advirtieron que los dos delincuentes descartaron un elemento, que tras encontrarlo era el celular robado. Luego de que el hombre identifique el tel\u00e9fono como propio, las dos personas fueron aprehendidas y trasladadas a Comisar\u00eda Primera.<\/strong><\/p>\n\n\n\n<p>Minutos despu\u00e9s,<strong> el adolescente fue liberado quedando bajo tutor\u00eda de su madre que fue a recogerlo, mientras que el hombre de 35 a\u00f1os qued\u00f3 preso.<\/strong><\/p>\n\n\n\n<p>La car\u00e1tula del hecho es <strong>\u201cHurto\u201d e interviene la UFI N\u00b017.<\/strong><\/p>\n","protected":false},"excerpt":{"rendered":"<p>El hecho comenz\u00f3 en 25 de Mayo al 4000 y fueron atrapados en Grimaldi al 3500. Hab\u00edan robado un celular.<\/p>\n","protected":false},"author":2,"featured_media":117441,"comment_status":"closed","ping_status":"closed","sticky":false,"template":"","format":"standard","meta":{"_jetpack_memberships_contains_paid_content":false,"footnotes":""},"categories":[14,1],"tags":[],"class_list":["post-117440","post","type-post","status-publish","format-standard","has-post-thumbnail","hentry","category-policiales","category-portada"],"jetpack_featured_media_url":"https:\/\/i0.wp.com\/cdnoticias.com\/wp-content\/uploads\/2024\/05\/WhatsApp-Image-2024-05-30-at-16.43.36.jpeg?fit=656%2C400&ssl=1","jetpack_sharing_enabled":true,"_links":{"self":[{"href":"https:\/\/cdnoticias.com\/index.php\/wp-json\/wp\/v2\/posts\/117440","targetHints":{"allow":["GET"]}}],"collection":[{"href":"https:\/\/cdnoticias.com\/index.php\/wp-json\/wp\/v2\/posts"}],"about":[{"href":"https:\/\/cdnoticias.com\/index.php\/wp-json\/wp\/v2\/types\/post"}],"author":[{"embeddable":true,"href":"https:\/\/cdnoticias.com\/index.php\/wp-json\/wp\/v2\/users\/2"}],"replies":[{"embeddable":true,"href":"https:\/\/cdnoticias.com\/index.php\/wp-json\/wp\/v2\/comments?post=117440"}],"version-history":[{"count":0,"href":"https:\/\/cdnoticias.com\/index.php\/wp-json\/wp\/v2\/posts\/117440\/revisions"}],"wp:featuredmedia":[{"embeddable":true,"href":"https:\/\/cdnoticias.com\/index.php\/wp-json\/wp\/v2\/media\/117441"}],"wp:attachment":[{"href":"https:\/\/cdnoticias.com\/index.php\/wp-json\/wp\/v2\/media?parent=117440"}],"wp:term":[{"taxonomy":"category","embeddable":true,"href":"https:\/\/cdnoticias.com\/index.php\/wp-json\/wp\/v2\/categories?post=117440"},{"taxonomy":"post_tag","embeddable":true,"href":"https:\/\/cdnoticias.com\/index.php\/wp-json\/wp\/v2\/tags?post=117440"}],"curies":[{"name":"wp","href":"https:\/\/api.w.org\/{rel}","templated":true}]}}