{"id":117275,"date":"2024-05-28T20:29:40","date_gmt":"2024-05-28T23:29:40","guid":{"rendered":"https:\/\/cdnoticias.com\/?p=117275"},"modified":"2024-05-28T20:29:41","modified_gmt":"2024-05-28T23:29:41","slug":"como-estara-el-tiempo-en-olavarria-este-miercoles-29-de-mayo","status":"publish","type":"post","link":"https:\/\/cdnoticias.com\/index.php\/2024\/05\/28\/como-estara-el-tiempo-en-olavarria-este-miercoles-29-de-mayo\/","title":{"rendered":"C\u00f3mo estar\u00e1 el tiempo en Olavarr\u00eda este mi\u00e9rcoles 29 de mayo"},"content":{"rendered":"\n<p>Estar\u00e1 mayormente nublado y habr\u00e1 temperaturas frescas, aunque mejora tras muy bajas temperaturas. Te dejamos la previsi\u00f3n del tiempo para que puedas planificar tu jornada.<\/p>\n\n\n\n<hr class=\"wp-block-separator aligncenter has-alpha-channel-opacity\"\/>\n\n\n\n<p>En la madrugada,<strong> el cielo estar\u00e1 mayormente nublado. La temperatura ser\u00e1 de alrededor de 8\u00b0C, con vientos fuertes provenientes del norte (<\/strong>N) soplando entre 23 y 31 km\/h y<strong> r\u00e1fagas que pueden alcanzar los 42 a 50 km\/h.<\/strong><\/p>\n\n\n\n<p>Durante la ma\u00f1ana, <strong>el cielo se mantendr\u00e1 mayormente nublado. La temperatura bajar\u00e1 a 6\u00b0C, y<\/strong> los vientos cambiar\u00e1n de direcci\u00f3n hacia el noroeste (NO), manteni\u00e9ndose en el rango de 23 a 31 km\/h con<strong> r\u00e1fagas entre 42 y 50 km\/h.<\/strong><\/p>\n\n\n\n<p>Ya en la tarde, el cielo se despejar\u00e1 un poco y estar\u00e1 parcialmente nublado. <strong>La temperatura subir\u00e1 hasta alcanzar un m\u00e1ximo de 15\u00b0C, con vientos del noroeste (NO) que calmar\u00e1n y soplar\u00e1n entre 13 y 22 km\/h.<\/strong><\/p>\n\n\n\n<p>Para la noche, el cielo continuar\u00e1 parcialmente nublado. <strong>La temperatura descender\u00e1 a unos 8\u00b0C<\/strong>, y los vientos seguir\u00e1n soplando desde el noroeste (NO), manteni\u00e9ndose en el rango de 13 a 22 km\/h.<\/p>\n\n\n\n<p>Ser\u00e1 un mi\u00e9rcoles con temperaturas frescas y cielo mayormente nublado en Olavarr\u00eda. Aunque no se esperan precipitaciones, <strong>los vientos ser\u00e1n fuertes en la madrugada y la ma\u00f1ana, por lo que se recomienda tomar precauciones si vas a estar al aire libre.<\/strong><\/p>\n","protected":false},"excerpt":{"rendered":"<p>Estar\u00e1 mayormente nublado y habr\u00e1 temperaturas frescas, aunque mejora tras muy bajas temperaturas. Te dejamos la previsi\u00f3n del tiempo para<\/p>\n","protected":false},"author":2,"featured_media":116870,"comment_status":"closed","ping_status":"closed","sticky":false,"template":"","format":"standard","meta":{"_jetpack_memberships_contains_paid_content":false,"footnotes":""},"categories":[5],"tags":[],"class_list":["post-117275","post","type-post","status-publish","format-standard","has-post-thumbnail","hentry","category-informacion-general"],"jetpack_featured_media_url":"https:\/\/i0.wp.com\/cdnoticias.com\/wp-content\/uploads\/2024\/05\/clima-olavarria1.jpg?fit=1600%2C900&ssl=1","jetpack_sharing_enabled":true,"_links":{"self":[{"href":"https:\/\/cdnoticias.com\/index.php\/wp-json\/wp\/v2\/posts\/117275","targetHints":{"allow":["GET"]}}],"collection":[{"href":"https:\/\/cdnoticias.com\/index.php\/wp-json\/wp\/v2\/posts"}],"about":[{"href":"https:\/\/cdnoticias.com\/index.php\/wp-json\/wp\/v2\/types\/post"}],"author":[{"embeddable":true,"href":"https:\/\/cdnoticias.com\/index.php\/wp-json\/wp\/v2\/users\/2"}],"replies":[{"embeddable":true,"href":"https:\/\/cdnoticias.com\/index.php\/wp-json\/wp\/v2\/comments?post=117275"}],"version-history":[{"count":0,"href":"https:\/\/cdnoticias.com\/index.php\/wp-json\/wp\/v2\/posts\/117275\/revisions"}],"wp:featuredmedia":[{"embeddable":true,"href":"https:\/\/cdnoticias.com\/index.php\/wp-json\/wp\/v2\/media\/116870"}],"wp:attachment":[{"href":"https:\/\/cdnoticias.com\/index.php\/wp-json\/wp\/v2\/media?parent=117275"}],"wp:term":[{"taxonomy":"category","embeddable":true,"href":"https:\/\/cdnoticias.com\/index.php\/wp-json\/wp\/v2\/categories?post=117275"},{"taxonomy":"post_tag","embeddable":true,"href":"https:\/\/cdnoticias.com\/index.php\/wp-json\/wp\/v2\/tags?post=117275"}],"curies":[{"name":"wp","href":"https:\/\/api.w.org\/{rel}","templated":true}]}}