{"id":117264,"date":"2024-05-29T17:13:24","date_gmt":"2024-05-29T20:13:24","guid":{"rendered":"https:\/\/cdnoticias.com\/?p=117264"},"modified":"2024-05-30T15:28:53","modified_gmt":"2024-05-30T18:28:53","slug":"sierra-chica-festeja-por-primera-vez-su-aniversario-169","status":"publish","type":"post","link":"https:\/\/cdnoticias.com\/index.php\/2024\/05\/29\/sierra-chica-festeja-por-primera-vez-su-aniversario-169\/","title":{"rendered":"Sierra Chica festeja por primera vez su Aniversario 169\u00b0"},"content":{"rendered":"\n<p>Ser\u00e1 este jueves 30 de mayo en la sede del Centro de Jubilados de la localidad. Habr\u00e1 distinciones especiales a vecinos y vecinas de la localidad por su compromiso con la comunidad y el acto contar\u00e1 con la presencia del Intendente Maximiliano Wesner.<\/p>\n\n\n\n<hr class=\"wp-block-separator aligncenter has-alpha-channel-opacity\"\/>\n\n\n\n<p>Este <strong>jueves 30 de mayo<\/strong> se llevar\u00e1 a cabo el <strong>acto oficial por el 169\u00ba Aniversario de la localidad de Sierra Chica<\/strong>, que contar\u00e1 con la <strong>presencia de autoridades municipales, referentes de las instituciones de la localidad, vecinos y vecinas.<\/strong><\/p>\n\n\n\n<p><\/p>\n\n\n\n<p>Ser\u00e1<strong> a las 10 horas<\/strong> en la sede del <strong>Centro de Jubilados de la localidad<\/strong>, ubicado en<strong> avenida Pedro Iriart Legorburu 1238.<\/strong><\/p>\n\n\n\n<p><\/p>\n\n\n\n<blockquote class=\"wp-block-quote is-layout-flow wp-block-quote-is-layout-flow\">\n<p>Cabe mencionar que a trav\u00e9s de Ordenanza N\u00ba 5362\/24 \u2013<a href=\"https:\/\/cdnoticias.com\/index.php\/2024\/05\/10\/hoy-es-un-dia-importante-para-sierra-chica-y-todo-el-partido-de-olavarria\/\" data-type=\"post\" data-id=\"115825\" target=\"_blank\" rel=\"noreferrer noopener\">aprobada por unanimidad<\/a>&#8211; que fue impulsada por la Mesa de Gesti\u00f3n Educativa de Sierra Chica, se estableci\u00f3 el 30 de mayo de 1855 como fecha de fundaci\u00f3n de la localidad.<\/p>\n<\/blockquote>\n\n\n\n<p><\/p>\n\n\n\n<p>El programa se iniciar\u00e1 con la entonaci\u00f3n del <strong>Himno Nacional Argentino<\/strong> y palabras alusivas a la fecha. Tambi\u00e9n habr\u00e1 entrega de resoluciones en reconocimiento al trabajo de la Mesa de Gesti\u00f3n Educativa de Sierra Chica y<strong> distinciones especiales a vecinos y vecinas de la localidad por su compromiso con la comunidad.<\/strong><\/p>\n\n\n\n<p><\/p>\n\n\n\n<p>Despu\u00e9s de la entrega de reconocimientos, <strong>el intendente Maximiliano Wesner<\/strong> brindar\u00e1 palabras alusivas a la fecha conmemorativa. El acto finalizar\u00e1 con el <strong>corte de la torta de cumplea\u00f1o<\/strong>s, en el marco del 169\u00ba Aniversario de Sierra Chica, que <strong>se celebrar\u00e1 por primera vez este jueves 30 de mayo de 2024.<\/strong><\/p>\n\n\n\n<p><\/p>\n\n\n\n<p class=\"has-medium-font-size\"><strong>Un poco de historia<\/strong><\/p>\n\n\n\n<p><\/p>\n\n\n\n<p>La <strong>fundaci\u00f3n de Sierra Chica se remonta a principios del siglo XIX.<\/strong> Est\u00e1 vinculada principalmente al <strong>asentamiento en este lugar de las tolder\u00edas pertenecientes a los indios Catriel.<\/strong><\/p>\n\n\n\n<p><\/p>\n\n\n\n<p>El 30 de mayo de 1855, en el <strong>combate del ej\u00e9rcito contra las tolder\u00edas de las comunidades originarias<\/strong> reconocidas como el grupo de los Lonkos Catriel y Cachul y los posteriores sucesos del mismo, dieron inicio a la<strong> incorporaci\u00f3n de poblaci\u00f3n inmigrante eurocriolla y europea,<\/strong> que interactu\u00f3 con las comunidades originarias con una l\u00f3gica distinta de dar origen a la industria minera de la localidad, para la construcci\u00f3n de lo que luego fuera la Unidad Penitenciaria.<\/p>\n\n\n\n<p><\/p>\n\n\n\n<p>Las instituciones educativas de la localidad que conforman la mesa de gesti\u00f3n educativa, realizaron un trabajo por una identidad de los inicios,&nbsp; denominado \u201c<strong>De Pichi Mawida a Sierra Chica<\/strong>\u201d buscando encontrar los antecedentes hist\u00f3ricos y determinar una fecha de fundaci\u00f3n.<\/p>\n\n\n\n<p><\/p>\n\n\n\n<p>Todo ese trabajo lleg\u00f3 al <strong>Honorable Concejo de Deliberante<\/strong> donde se estableci\u00f3 por Ordenanza N\u00ba 5362\/24 que el <strong>30 de mayo la localidad cumple 169 a\u00f1os y que de ahora en adelante todos los 30 de mayo como fecha fundacional.<\/strong><\/p>\n","protected":false},"excerpt":{"rendered":"<p>Ser\u00e1 este jueves 30 de mayo en la sede del Centro de Jubilados de la localidad. Habr\u00e1 distinciones especiales a<\/p>\n","protected":false},"author":6,"featured_media":115819,"comment_status":"closed","ping_status":"closed","sticky":false,"template":"","format":"standard","meta":{"_jetpack_memberships_contains_paid_content":false,"footnotes":""},"categories":[5,1],"tags":[],"class_list":["post-117264","post","type-post","status-publish","format-standard","has-post-thumbnail","hentry","category-informacion-general","category-portada"],"jetpack_featured_media_url":"https:\/\/i0.wp.com\/cdnoticias.com\/wp-content\/uploads\/2024\/05\/sierra-chica-2.jpg?fit=2048%2C1260&ssl=1","jetpack_sharing_enabled":true,"_links":{"self":[{"href":"https:\/\/cdnoticias.com\/index.php\/wp-json\/wp\/v2\/posts\/117264","targetHints":{"allow":["GET"]}}],"collection":[{"href":"https:\/\/cdnoticias.com\/index.php\/wp-json\/wp\/v2\/posts"}],"about":[{"href":"https:\/\/cdnoticias.com\/index.php\/wp-json\/wp\/v2\/types\/post"}],"author":[{"embeddable":true,"href":"https:\/\/cdnoticias.com\/index.php\/wp-json\/wp\/v2\/users\/6"}],"replies":[{"embeddable":true,"href":"https:\/\/cdnoticias.com\/index.php\/wp-json\/wp\/v2\/comments?post=117264"}],"version-history":[{"count":0,"href":"https:\/\/cdnoticias.com\/index.php\/wp-json\/wp\/v2\/posts\/117264\/revisions"}],"wp:featuredmedia":[{"embeddable":true,"href":"https:\/\/cdnoticias.com\/index.php\/wp-json\/wp\/v2\/media\/115819"}],"wp:attachment":[{"href":"https:\/\/cdnoticias.com\/index.php\/wp-json\/wp\/v2\/media?parent=117264"}],"wp:term":[{"taxonomy":"category","embeddable":true,"href":"https:\/\/cdnoticias.com\/index.php\/wp-json\/wp\/v2\/categories?post=117264"},{"taxonomy":"post_tag","embeddable":true,"href":"https:\/\/cdnoticias.com\/index.php\/wp-json\/wp\/v2\/tags?post=117264"}],"curies":[{"name":"wp","href":"https:\/\/api.w.org\/{rel}","templated":true}]}}