{"id":117256,"date":"2024-05-28T18:12:42","date_gmt":"2024-05-28T21:12:42","guid":{"rendered":"https:\/\/cdnoticias.com\/?p=117256"},"modified":"2024-05-28T18:12:44","modified_gmt":"2024-05-28T21:12:44","slug":"maria-juana-margarita-elortegui-viuda-de-guazzone-di-passalacqua-q-e-p-d","status":"publish","type":"post","link":"https:\/\/cdnoticias.com\/index.php\/2024\/05\/28\/maria-juana-margarita-elortegui-viuda-de-guazzone-di-passalacqua-q-e-p-d\/","title":{"rendered":"Mar\u00eda Juana Margarita Elortegui viuda de Guazzone Di Passalacqua (Q.E.P.D)"},"content":{"rendered":"\n<p>Falleci\u00f3 en Olavarr\u00eda el 28 de mayo de 2024 a los 82 a\u00f1os.<\/p>\n\n\n\n<p>Sus hijos Jos\u00e9, Ana, P\u00eda, Valeria y Pedro. Sus hijos pol\u00edticos. Sus nietos. Su hermana Marcela. Sus sobrinos y dem\u00e1s deudos participan su fallecimiento.<\/p>\n\n\n\n<p>Sin velatorio. Responso: Capilla Ardiente. Cremaci\u00f3n: Crematorio Pinos de Paz, d\u00eda y hora a confirmar. Servicio adherido a Coopelectric.<\/p>\n\n\n\n<p>Barrio en el que viv\u00eda: Microcentro.<\/p>\n\n\n\n<p>Lugar de nacimiento: General La Madrid.<\/p>\n\n\n\n<p>Actividad que desarrollaba: Jubilada Productora Agropecuaria.<\/p>\n","protected":false},"excerpt":{"rendered":"<p>Falleci\u00f3 en Olavarr\u00eda el 28 de mayo de 2024 a los 82 a\u00f1os. Sus hijos Jos\u00e9, Ana, P\u00eda, Valeria y<\/p>\n","protected":false},"author":6,"featured_media":67646,"comment_status":"closed","ping_status":"closed","sticky":false,"template":"","format":"standard","meta":{"_jetpack_memberships_contains_paid_content":false,"footnotes":""},"categories":[10],"tags":[],"class_list":["post-117256","post","type-post","status-publish","format-standard","has-post-thumbnail","hentry","category-necrologicas"],"jetpack_featured_media_url":"https:\/\/i0.wp.com\/cdnoticias.com\/wp-content\/uploads\/2022\/10\/necrologicas-390-x-240.jpg?fit=390%2C240&ssl=1","jetpack_sharing_enabled":true,"_links":{"self":[{"href":"https:\/\/cdnoticias.com\/index.php\/wp-json\/wp\/v2\/posts\/117256","targetHints":{"allow":["GET"]}}],"collection":[{"href":"https:\/\/cdnoticias.com\/index.php\/wp-json\/wp\/v2\/posts"}],"about":[{"href":"https:\/\/cdnoticias.com\/index.php\/wp-json\/wp\/v2\/types\/post"}],"author":[{"embeddable":true,"href":"https:\/\/cdnoticias.com\/index.php\/wp-json\/wp\/v2\/users\/6"}],"replies":[{"embeddable":true,"href":"https:\/\/cdnoticias.com\/index.php\/wp-json\/wp\/v2\/comments?post=117256"}],"version-history":[{"count":0,"href":"https:\/\/cdnoticias.com\/index.php\/wp-json\/wp\/v2\/posts\/117256\/revisions"}],"wp:featuredmedia":[{"embeddable":true,"href":"https:\/\/cdnoticias.com\/index.php\/wp-json\/wp\/v2\/media\/67646"}],"wp:attachment":[{"href":"https:\/\/cdnoticias.com\/index.php\/wp-json\/wp\/v2\/media?parent=117256"}],"wp:term":[{"taxonomy":"category","embeddable":true,"href":"https:\/\/cdnoticias.com\/index.php\/wp-json\/wp\/v2\/categories?post=117256"},{"taxonomy":"post_tag","embeddable":true,"href":"https:\/\/cdnoticias.com\/index.php\/wp-json\/wp\/v2\/tags?post=117256"}],"curies":[{"name":"wp","href":"https:\/\/api.w.org\/{rel}","templated":true}]}}