{"id":117242,"date":"2024-05-28T20:31:24","date_gmt":"2024-05-28T23:31:24","guid":{"rendered":"https:\/\/cdnoticias.com\/?p=117242"},"modified":"2024-05-29T09:47:22","modified_gmt":"2024-05-29T12:47:22","slug":"los-precios-en-almacenes-los-aumentos-siguen-entre-un-5-y-un-10","status":"publish","type":"post","link":"https:\/\/cdnoticias.com\/index.php\/2024\/05\/28\/los-precios-en-almacenes-los-aumentos-siguen-entre-un-5-y-un-10\/","title":{"rendered":"Los precios en almacenes: \u201clos aumentos siguen, entre un 5 y un 10 %\u201d"},"content":{"rendered":"<p>Lo destac\u00f3 Julio De Felice con menci\u00f3n a diferentes productos y marcas mayoristas de alimentos. Advirti\u00f3 que \u201cla gente consume un poco menos\u201d. La suba de los servicios afecta al comercio: cierres y \u201cpase a la clandestinidad\u201d.<!--more--><\/p>\n<hr \/>\n<p>Los <strong>precios de los alimentos volvieron a subir en las \u00faltimas horas<\/strong>, al mismo tiempo que se registra una <strong><a href=\"https:\/\/cdnoticias.com\/index.php\/2024\/05\/23\/el-consumo-promedio-por-persona-cayo-35-en-abril\/\" target=\"_blank\" rel=\"noopener\">ca\u00edda del consumo<\/a> en el sector<\/strong>. Sobre el tema fue entrevistado el <strong>almacenero y referente del sector en Olavarr\u00eda, Julio De Felice<\/strong>, en el programa Levantate en Radio Sapiens.<\/p>\n<blockquote><p>\u201cLos aumentos siguen, entre un 5 y un 10 % siguen aumentando\u201d inform\u00f3 sobre los precios que recibi\u00f3 de los proveedores mayoristas en las \u00faltimas horas. Aclar\u00f3 que el ritmo de incremento es inferior al que se observ\u00f3 entre diciembre y febrero, \u201cpero siguen aumentando igual\u201d. Mencion\u00f3 que la empresa Arcor -que provee golosinas, dulces, aceites, conservas, pastas- present\u00f3 8% en toda su lista de precios, la empresa Coca Cola 6%, la proveedora de galletitas de 10 a 15%.<\/p><\/blockquote>\n<p>A\u00f1adi\u00f3 que se registran <strong>cambios en productos estacionales<\/strong>, con subas en <strong>huevos y tomates<\/strong>, y baja de precios en algunas <strong>bebidas<\/strong>, como cerveza, ya que \u201chacen promociones y bajan los precios\u201d indic\u00f3.<\/p>\n<p>Respecto del comportamiento de los consumidores, De Felice indic\u00f3 que <strong>en los almacenes \u201cse termin\u00f3 la compra semanal<\/strong>. Hay gente que compra algo para cocinar al mediod\u00eda y despu\u00e9s vuelve a la tarde para cocinar a la noche, para la cena. <strong>Lleva lo que necesita en el momento\u201d<\/strong>.<\/p>\n<p><img data-recalc-dims=\"1\" loading=\"lazy\" decoding=\"async\" class=\"size-full wp-image-59097 aligncenter\" src=\"https:\/\/i0.wp.com\/cdnoticias.com\/wp-content\/uploads\/2022\/07\/precio-canasta-basica-minoristas-00.jpg?resize=800%2C445&#038;ssl=1\" alt=\"\" width=\"800\" height=\"445\" srcset=\"https:\/\/i0.wp.com\/cdnoticias.com\/wp-content\/uploads\/2022\/07\/precio-canasta-basica-minoristas-00.jpg?w=800&amp;ssl=1 800w, https:\/\/i0.wp.com\/cdnoticias.com\/wp-content\/uploads\/2022\/07\/precio-canasta-basica-minoristas-00.jpg?resize=300%2C167&amp;ssl=1 300w, https:\/\/i0.wp.com\/cdnoticias.com\/wp-content\/uploads\/2022\/07\/precio-canasta-basica-minoristas-00.jpg?resize=768%2C427&amp;ssl=1 768w\" sizes=\"auto, (max-width: 800px) 100vw, 800px\" \/><\/p>\n<p>En ese contexto, advirti\u00f3 que<strong> \u201cla gente consume un poco menos\u201d y tambi\u00e9n se inclinan por productos que no son de primera marca<\/strong>. \u201cLas marcas pymes, por ejemplo un pan lactal de primera marca, de las marcas conocidas, es imposible pagarlo. Hay una m\u00e1s chica, de muy buena la calidad y se vende mucho m\u00e1s que las marcas conocidas\u201d dijo. M\u00e1s adelante tuvo en cuenta que el menor consumo se percibe desde hace algunos a\u00f1os, <strong>\u201cdespu\u00e9s de la pandemia hubo una ca\u00edda del consumo de 25 a 30%. Nosotros no lo recuperamos nunca m\u00e1s.<\/strong> Pero tal vez fue para otro lado el consumo, por cambio de h\u00e1bitos\u201d.<\/p>\n<p>El empresario agreg\u00f3 que otro factor que impacta es la<strong> suba de los costos de los servicios<\/strong>, lo que <em>no siempre pueden trasladar a los precios \u201cporque quedas fuera de competencia\u201d<\/em>. Coment\u00f3 lo que le sucedi\u00f3 en otro comercio que es de su propiedad:<strong> \u201cla boleta de gas de abril fue de 9.260 pesos con 267 metros c\u00fabicos gastados. En mayo consum\u00ed 261 metros c\u00fabicos y me vinieron 60 mil pesos.<\/strong> El gas comercial est\u00e1 muy caro, nos lo cobran a la misma altura que las grandes empresas. Hay cosas que tendr\u00edan que cambiar\u201d. Subray\u00f3 que absorben los comercios este mayor costo con la intenci\u00f3n de<strong> \u201cresignar ganancias para poder vender un poco m\u00e1s. Pero seguimos resignando, hasta cu\u00e1ndo\u201d<\/strong>.<\/p>\n<blockquote class=\"wp-embedded-content\" data-secret=\"iXKjT5D4ju\"><p><a href=\"https:\/\/cdnoticias.com\/index.php\/2024\/05\/16\/el-consumo-de-carne-vacuna-se-desplomo-un-175-en-el-primer-cuatrimestre-del-ano\/\">El consumo de carne vacuna se desplom\u00f3 un 17,5% en el primer cuatrimestre del a\u00f1o<\/a><\/p><\/blockquote>\n<p><iframe loading=\"lazy\" class=\"wp-embedded-content\" sandbox=\"allow-scripts\" security=\"restricted\" style=\"position: absolute; clip: rect(1px, 1px, 1px, 1px);\" title=\"&#8220;El consumo de carne vacuna se desplom\u00f3 un 17,5% en el primer cuatrimestre del a\u00f1o&#8221; &#8212; Central de Noticias | Olavarr\u00eda\" src=\"https:\/\/cdnoticias.com\/index.php\/2024\/05\/16\/el-consumo-de-carne-vacuna-se-desplomo-un-175-en-el-primer-cuatrimestre-del-ano\/embed\/#?secret=w8K3yj4v4L#?secret=iXKjT5D4ju\" data-secret=\"iXKjT5D4ju\" width=\"600\" height=\"338\" frameborder=\"0\" marginwidth=\"0\" marginheight=\"0\" scrolling=\"no\"><\/iframe><\/p>\n<p>En tanto, respondi\u00f3 que<strong> en Olavarr\u00eda \u201chan cerrado peque\u00f1os comercios\u201d mientras que \u201cotros quedan en la clandestinidad porque no pueden pagar impuestos.<\/strong> Entonces esto fomenta una competencia desleal. No estamos todos pagando lo que corresponde, pero hoy est\u00e1 el \u00b4s\u00e1lvese quien pueda\u00b4\u201d.<\/p>\n<blockquote><p>\u201cLa verdad que el sector est\u00e1 muy preocupado\u201d afirm\u00f3 sobre el rubro de almaceneros de Olavarr\u00eda.<\/p><\/blockquote>\n<p>Acerca del panorama a futuro, Julio De Felice se mostr\u00f3 cauto. \u201cYo digo que soy un pesimista con esperanzas, por ah\u00ed se me terminan las esperanzas. <strong>Los almaceneros decimos que estamos en recesi\u00f3n pero con ilusi\u00f3n.<\/strong> Nosotros queremos que ustedes tengan dinero disponible para que nos compren, y hoy por ah\u00ed es lo que le falta a la gente. Un poco de dinero en el bolsillo\u201d expres\u00f3.<\/p>\n<blockquote class=\"wp-embedded-content\" data-secret=\"4zlAYE2wLv\"><p><a href=\"https:\/\/cdnoticias.com\/index.php\/2024\/04\/26\/fuerte-caida-del-consumo-de-productos-lacteos-en-el-inicio-de-la-era-milei\/\">Fuerte ca\u00edda del consumo de productos l\u00e1cteos en el inicio de la era Milei<\/a><\/p><\/blockquote>\n<p><iframe loading=\"lazy\" class=\"wp-embedded-content\" sandbox=\"allow-scripts\" security=\"restricted\" style=\"position: absolute; clip: rect(1px, 1px, 1px, 1px);\" title=\"&#8220;Fuerte ca\u00edda del consumo de productos l\u00e1cteos en el inicio de la era Milei&#8221; &#8212; Central de Noticias | Olavarr\u00eda\" src=\"https:\/\/cdnoticias.com\/index.php\/2024\/04\/26\/fuerte-caida-del-consumo-de-productos-lacteos-en-el-inicio-de-la-era-milei\/embed\/#?secret=03iosYmMLH#?secret=4zlAYE2wLv\" data-secret=\"4zlAYE2wLv\" width=\"600\" height=\"338\" frameborder=\"0\" marginwidth=\"0\" marginheight=\"0\" scrolling=\"no\"><\/iframe><\/p>\n<blockquote class=\"wp-embedded-content\" data-secret=\"ywXbJnDLJT\"><p><a href=\"https:\/\/cdnoticias.com\/index.php\/2024\/04\/17\/union-industrial-preocupa-la-caida-del-consumo-aunque-quieren-mantener-el-optimismo\/\">Uni\u00f3n Industrial: preocupa la ca\u00edda del consumo, aunque quieren mantener el optimismo<\/a><\/p><\/blockquote>\n<p><iframe loading=\"lazy\" class=\"wp-embedded-content\" sandbox=\"allow-scripts\" security=\"restricted\" style=\"position: absolute; clip: rect(1px, 1px, 1px, 1px);\" title=\"&#8220;Uni\u00f3n Industrial: preocupa la ca\u00edda del consumo, aunque quieren mantener el optimismo&#8221; &#8212; Central de Noticias | Olavarr\u00eda\" src=\"https:\/\/cdnoticias.com\/index.php\/2024\/04\/17\/union-industrial-preocupa-la-caida-del-consumo-aunque-quieren-mantener-el-optimismo\/embed\/#?secret=r1ZZmGA3Gf#?secret=ywXbJnDLJT\" data-secret=\"ywXbJnDLJT\" width=\"600\" height=\"338\" frameborder=\"0\" marginwidth=\"0\" marginheight=\"0\" scrolling=\"no\"><\/iframe><\/p>\n","protected":false},"excerpt":{"rendered":"<p>Lo destac\u00f3 Julio De Felice con menci\u00f3n a diferentes productos y marcas mayoristas de alimentos. Advirti\u00f3 que \u201cla gente consume<\/p>\n","protected":false},"author":4,"featured_media":59098,"comment_status":"closed","ping_status":"closed","sticky":false,"template":"","format":"standard","meta":{"_jetpack_memberships_contains_paid_content":false,"footnotes":""},"categories":[5,1],"tags":[],"class_list":["post-117242","post","type-post","status-publish","format-standard","has-post-thumbnail","hentry","category-informacion-general","category-portada"],"jetpack_featured_media_url":"https:\/\/i0.wp.com\/cdnoticias.com\/wp-content\/uploads\/2022\/07\/julio-de-felice-comercio-minorista-camara-empresaria-00.jpg?fit=800%2C445&ssl=1","jetpack_sharing_enabled":true,"_links":{"self":[{"href":"https:\/\/cdnoticias.com\/index.php\/wp-json\/wp\/v2\/posts\/117242","targetHints":{"allow":["GET"]}}],"collection":[{"href":"https:\/\/cdnoticias.com\/index.php\/wp-json\/wp\/v2\/posts"}],"about":[{"href":"https:\/\/cdnoticias.com\/index.php\/wp-json\/wp\/v2\/types\/post"}],"author":[{"embeddable":true,"href":"https:\/\/cdnoticias.com\/index.php\/wp-json\/wp\/v2\/users\/4"}],"replies":[{"embeddable":true,"href":"https:\/\/cdnoticias.com\/index.php\/wp-json\/wp\/v2\/comments?post=117242"}],"version-history":[{"count":0,"href":"https:\/\/cdnoticias.com\/index.php\/wp-json\/wp\/v2\/posts\/117242\/revisions"}],"wp:featuredmedia":[{"embeddable":true,"href":"https:\/\/cdnoticias.com\/index.php\/wp-json\/wp\/v2\/media\/59098"}],"wp:attachment":[{"href":"https:\/\/cdnoticias.com\/index.php\/wp-json\/wp\/v2\/media?parent=117242"}],"wp:term":[{"taxonomy":"category","embeddable":true,"href":"https:\/\/cdnoticias.com\/index.php\/wp-json\/wp\/v2\/categories?post=117242"},{"taxonomy":"post_tag","embeddable":true,"href":"https:\/\/cdnoticias.com\/index.php\/wp-json\/wp\/v2\/tags?post=117242"}],"curies":[{"name":"wp","href":"https:\/\/api.w.org\/{rel}","templated":true}]}}