{"id":117240,"date":"2024-05-28T11:50:12","date_gmt":"2024-05-28T14:50:12","guid":{"rendered":"https:\/\/cdnoticias.com\/?p=117240"},"modified":"2024-05-28T11:50:14","modified_gmt":"2024-05-28T14:50:14","slug":"zulema-haydee-laplace-viuda-de-haedo-q-e-p-d","status":"publish","type":"post","link":"https:\/\/cdnoticias.com\/index.php\/2024\/05\/28\/zulema-haydee-laplace-viuda-de-haedo-q-e-p-d\/","title":{"rendered":"Zulema Haydee Laplace viuda de Haedo (Q.E.P.D.)"},"content":{"rendered":"<p>Falleci\u00f3 en Olavarr\u00eda el d\u00eda 28 de mayo de 2024 a los 75 a\u00f1os de edad.<\/p>\n<p>Sus hijos: Vanina Yamila, Gerardo Hern\u00e1n y Eliana Surai Haedo; sus hijos pol\u00edticos: Joaqu\u00edn Marote, Julieta Ram\u00edrez y Gast\u00f3n Pereira; el padre de su nieta Jonatan D\u00edaz; sus nietos: Juan Cruz, Martina y Pamela Marote; Roc\u00edo, Nicol\u00e1s y Facundo Haedo Ram\u00edrez; Milena Pereira Haedo y Kiara D\u00edaz Haedo; su hermano F\u00e9lix Alberto Laplace y dem\u00e1s deudos participan su fallecimiento.<\/p>\n<p>Velatorio: Espa\u00f1a 2942, Departamento &#8220;D&#8221;. Martes 28\/05 de 17:00 a 22:30 y mi\u00e9rcoles 29\/05 de 07:30 a 11:30. Responso: Capilla Ardiente. Inhumaci\u00f3n: Cementerio Loma de Paz, mi\u00e9rcoles 29\/05 a las 11:30. Servicio adherido a Coopelectric.<\/p>\n<p>Vecina de Loma Negra<\/p>\n<p>Lugar de nacimiento: Olavarr\u00eda<\/p>\n<p>Actividad que desarrollaba: Pensionada<\/p>\n","protected":false},"excerpt":{"rendered":"<p>Falleci\u00f3 en Olavarr\u00eda el d\u00eda 28 de mayo de 2024 a los 75 a\u00f1os de edad. Sus hijos: Vanina Yamila,<\/p>\n","protected":false},"author":4,"featured_media":51544,"comment_status":"closed","ping_status":"closed","sticky":false,"template":"","format":"standard","meta":{"_jetpack_memberships_contains_paid_content":false,"footnotes":""},"categories":[10],"tags":[],"class_list":["post-117240","post","type-post","status-publish","format-standard","has-post-thumbnail","hentry","category-necrologicas"],"jetpack_featured_media_url":"https:\/\/i0.wp.com\/cdnoticias.com\/wp-content\/uploads\/2022\/04\/necrologicas-390-x-240.jpg?fit=390%2C240&ssl=1","jetpack_sharing_enabled":true,"_links":{"self":[{"href":"https:\/\/cdnoticias.com\/index.php\/wp-json\/wp\/v2\/posts\/117240","targetHints":{"allow":["GET"]}}],"collection":[{"href":"https:\/\/cdnoticias.com\/index.php\/wp-json\/wp\/v2\/posts"}],"about":[{"href":"https:\/\/cdnoticias.com\/index.php\/wp-json\/wp\/v2\/types\/post"}],"author":[{"embeddable":true,"href":"https:\/\/cdnoticias.com\/index.php\/wp-json\/wp\/v2\/users\/4"}],"replies":[{"embeddable":true,"href":"https:\/\/cdnoticias.com\/index.php\/wp-json\/wp\/v2\/comments?post=117240"}],"version-history":[{"count":0,"href":"https:\/\/cdnoticias.com\/index.php\/wp-json\/wp\/v2\/posts\/117240\/revisions"}],"wp:featuredmedia":[{"embeddable":true,"href":"https:\/\/cdnoticias.com\/index.php\/wp-json\/wp\/v2\/media\/51544"}],"wp:attachment":[{"href":"https:\/\/cdnoticias.com\/index.php\/wp-json\/wp\/v2\/media?parent=117240"}],"wp:term":[{"taxonomy":"category","embeddable":true,"href":"https:\/\/cdnoticias.com\/index.php\/wp-json\/wp\/v2\/categories?post=117240"},{"taxonomy":"post_tag","embeddable":true,"href":"https:\/\/cdnoticias.com\/index.php\/wp-json\/wp\/v2\/tags?post=117240"}],"curies":[{"name":"wp","href":"https:\/\/api.w.org\/{rel}","templated":true}]}}