{"id":117237,"date":"2024-05-28T12:00:29","date_gmt":"2024-05-28T15:00:29","guid":{"rendered":"https:\/\/cdnoticias.com\/?p=117237"},"modified":"2024-05-28T12:00:31","modified_gmt":"2024-05-28T15:00:31","slug":"el-frente-renovador-participara-en-la-multisectorial-de-la-cgt-contra-la-ley-bases","status":"publish","type":"post","link":"https:\/\/cdnoticias.com\/index.php\/2024\/05\/28\/el-frente-renovador-participara-en-la-multisectorial-de-la-cgt-contra-la-ley-bases\/","title":{"rendered":"El Frente Renovador participar\u00e1 en la Multisectorial de la CGT contra la ley Bases"},"content":{"rendered":"\n<p>Ser\u00e1 el mi\u00e9rcoles 29 de mayo a las 18:00 en el Sindicato de Gr\u00e1ficos.<\/p>\n\n\n\n<hr class=\"wp-block-separator has-alpha-channel-opacity\"\/>\n\n\n\n<p>El Frente Renovador, espacio que lidera Sergio Massa y que representa Eduardo Rodr\u00edguez en el plano local, f<strong>ormar\u00e1 parte de la Multisectorial conformada por la CGT Olavarr\u00eda para manifestar la oposici\u00f3n a la Ley Bases.<\/strong><\/p>\n\n\n\n<p><\/p>\n\n\n\n<p>La convocatoria<a href=\"https:\/\/cdnoticias.com\/index.php\/2024\/05\/23\/la-cgt-local-buscara-crear-la-multisectorial-contra-la-ley-bases\/\" data-type=\"link\" data-id=\"https:\/\/cdnoticias.com\/index.php\/2024\/05\/23\/la-cgt-local-buscara-crear-la-multisectorial-contra-la-ley-bases\/\"> est\u00e1 pautada para este mi\u00e9rcoles 29<\/a> a las 18:00 en el Sindicato de Gr\u00e1ficos (Necochea 1521), abierta a vecinos que deseen participar.<\/p>\n\n\n\n<p><\/p>\n\n\n\n<p>Desde el Foro Olavarr\u00eda &#8211; Frente Renovador afirmaron que &#8220;es de total urgencia que los distintos actores sociales, sindicatos y fuerzas pol\u00edticas se encuentren en unidad en el repudio de la Ley Bases y el proyecto de pa\u00eds que propone Javier Milei en su gobierno\u201d.<\/p>\n\n\n\n<p><\/p>\n\n\n\n<p>\u201cNuestro compromiso es con un <strong>proyecto de pa\u00eds inclusivo<\/strong>, que impulse pol\u00edticas p\u00fablicas que acompa\u00f1en el desarrollo econ\u00f3mico y social, con incentivos para la industria y el comercio, que defienda nuestra cultura y que garantice el derecho a la educaci\u00f3n y a la salud. Un rumbo radicalmente opuesto al que busca imponer el Gobierno Nacional de Javier Milei\u201d, sostuvieron.<\/p>\n\n\n\n<p><\/p>\n\n\n\n<figure class=\"wp-block-embed is-type-wp-embed is-provider-central-de-noticias-olavarr-a wp-block-embed-central-de-noticias-olavarr-a\"><div class=\"wp-block-embed__wrapper\">\n<blockquote class=\"wp-embedded-content\" data-secret=\"Z9qcXMiIPK\"><a href=\"https:\/\/cdnoticias.com\/index.php\/2024\/05\/23\/la-cgt-local-buscara-crear-la-multisectorial-contra-la-ley-bases\/\">La CGT local buscar\u00e1 crear la multisectorial contra la Ley Bases<\/a><\/blockquote><iframe loading=\"lazy\" class=\"wp-embedded-content\" sandbox=\"allow-scripts\" security=\"restricted\" style=\"position: absolute; clip: rect(1px, 1px, 1px, 1px);\" title=\"&#8220;La CGT local buscar\u00e1 crear la multisectorial contra la Ley Bases&#8221; &#8212; Central de Noticias | Olavarr\u00eda\" src=\"https:\/\/cdnoticias.com\/index.php\/2024\/05\/23\/la-cgt-local-buscara-crear-la-multisectorial-contra-la-ley-bases\/embed\/#?secret=CoXlsGoO92#?secret=Z9qcXMiIPK\" data-secret=\"Z9qcXMiIPK\" width=\"600\" height=\"338\" frameborder=\"0\" marginwidth=\"0\" marginheight=\"0\" scrolling=\"no\"><\/iframe>\n<\/div><\/figure>\n","protected":false},"excerpt":{"rendered":"<p>Ser\u00e1 el mi\u00e9rcoles 29 de mayo a las 18:00 en el Sindicato de Gr\u00e1ficos. El Frente Renovador, espacio que lidera<\/p>\n","protected":false},"author":2,"featured_media":117238,"comment_status":"closed","ping_status":"closed","sticky":false,"template":"","format":"standard","meta":{"_jetpack_memberships_contains_paid_content":false,"footnotes":""},"categories":[4,1],"tags":[],"class_list":["post-117237","post","type-post","status-publish","format-standard","has-post-thumbnail","hentry","category-politica","category-portada"],"jetpack_featured_media_url":"https:\/\/i0.wp.com\/cdnoticias.com\/wp-content\/uploads\/2024\/05\/Frente-Renovador-Olavarria-1.jpg?fit=800%2C445&ssl=1","jetpack_sharing_enabled":true,"_links":{"self":[{"href":"https:\/\/cdnoticias.com\/index.php\/wp-json\/wp\/v2\/posts\/117237","targetHints":{"allow":["GET"]}}],"collection":[{"href":"https:\/\/cdnoticias.com\/index.php\/wp-json\/wp\/v2\/posts"}],"about":[{"href":"https:\/\/cdnoticias.com\/index.php\/wp-json\/wp\/v2\/types\/post"}],"author":[{"embeddable":true,"href":"https:\/\/cdnoticias.com\/index.php\/wp-json\/wp\/v2\/users\/2"}],"replies":[{"embeddable":true,"href":"https:\/\/cdnoticias.com\/index.php\/wp-json\/wp\/v2\/comments?post=117237"}],"version-history":[{"count":0,"href":"https:\/\/cdnoticias.com\/index.php\/wp-json\/wp\/v2\/posts\/117237\/revisions"}],"wp:featuredmedia":[{"embeddable":true,"href":"https:\/\/cdnoticias.com\/index.php\/wp-json\/wp\/v2\/media\/117238"}],"wp:attachment":[{"href":"https:\/\/cdnoticias.com\/index.php\/wp-json\/wp\/v2\/media?parent=117237"}],"wp:term":[{"taxonomy":"category","embeddable":true,"href":"https:\/\/cdnoticias.com\/index.php\/wp-json\/wp\/v2\/categories?post=117237"},{"taxonomy":"post_tag","embeddable":true,"href":"https:\/\/cdnoticias.com\/index.php\/wp-json\/wp\/v2\/tags?post=117237"}],"curies":[{"name":"wp","href":"https:\/\/api.w.org\/{rel}","templated":true}]}}