{"id":117216,"date":"2024-05-28T08:57:52","date_gmt":"2024-05-28T11:57:52","guid":{"rendered":"https:\/\/cdnoticias.com\/?p=117216"},"modified":"2024-05-28T17:30:48","modified_gmt":"2024-05-28T20:30:48","slug":"en-junio-vuelven-a-subir-los-combustibles-el-aumento-podria-llegar-al-20","status":"publish","type":"post","link":"https:\/\/cdnoticias.com\/index.php\/2024\/05\/28\/en-junio-vuelven-a-subir-los-combustibles-el-aumento-podria-llegar-al-20\/","title":{"rendered":"En junio vuelven a subir los combustibles: el aumento podr\u00eda llegar al 20%"},"content":{"rendered":"\n<p>El Gobierno actualiz\u00f3 el impuesto a los combustibles\u00a0por decreto. Impactar\u00e1 tanto en la nafta como en el gasoil.<\/p>\n\n\n\n<hr class=\"wp-block-separator has-alpha-channel-opacity\"\/>\n\n\n\n<p>El Gobierno de Javier Milei decidi\u00f3 <strong>elevar los impuestos al combustible l\u00edquido (ICL) y al di\u00f3xido de carbono (IDC),<\/strong> que se trasladar\u00e1 directo al precio del litro de nafta y gasoil a partir de este s\u00e1bado 1\u00b0 de junio, por lo que<strong> el salto del precio podr\u00eda llegar hasta el 20%.<\/strong><\/p>\n\n\n\n<p><\/p>\n\n\n\n<p>Mediante <strong>el decreto 466, publicado este martes en el Bolet\u00edn Oficial <\/strong>que lleva las firmas de Milei, el exjefe de Gabinete, Nicol\u00e1s Posse y el ministro de Econom\u00eda, Luis Caputo, el Ejecutivo estableci\u00f3 un nuevo cronograma para subir los impuestos fijados para los combustibles virgen.<\/p>\n\n\n\n<p><\/p>\n\n\n\n<blockquote class=\"wp-block-quote is-layout-flow wp-block-quote-is-layout-flow\">\n<p>De esta manera, entre el 1 y el 30 de junio se aplicar\u00e1n las subas a esos tributos por el cuarto trimestre de 2023 y al primer trimestre de este a\u00f1o.<\/p>\n<\/blockquote>\n\n\n\n<p><\/p>\n\n\n\n<p>Cabe recordar que<strong> el 1\u00b0 de junio vence la pr\u00f3rroga del mencionado tributo<\/strong>, y el Ejecutivo ten\u00eda que decidir si continuaba con el congelamiento dispuesto a fines de abril o si volv\u00eda a actualizarlo de acuerdo a la inflaci\u00f3n.<\/p>\n\n\n\n<p><\/p>\n\n\n\n<p><em>Fuente: DIB.<\/em><\/p>\n\n\n\n<p><\/p>\n\n\n\n<figure class=\"wp-block-embed is-type-wp-embed is-provider-central-de-noticias-olavarr-a wp-block-embed-central-de-noticias-olavarr-a\"><div class=\"wp-block-embed__wrapper\">\n<blockquote class=\"wp-embedded-content\" data-secret=\"3lQ3Yp0Vfb\"><a href=\"https:\/\/cdnoticias.com\/index.php\/2024\/05\/01\/finalmente-los-combustibles-subieron-un-4-y-acumulan-seis-incrementos-en-la-era-milei\/\">Finalmente, los combustibles subieron un 4% y acumulan seis incrementos en la era Milei<\/a><\/blockquote><iframe loading=\"lazy\" class=\"wp-embedded-content\" sandbox=\"allow-scripts\" security=\"restricted\" style=\"position: absolute; clip: rect(1px, 1px, 1px, 1px);\" title=\"&#8220;Finalmente, los combustibles subieron un 4% y acumulan seis incrementos en la era Milei&#8221; &#8212; Central de Noticias | Olavarr\u00eda\" src=\"https:\/\/cdnoticias.com\/index.php\/2024\/05\/01\/finalmente-los-combustibles-subieron-un-4-y-acumulan-seis-incrementos-en-la-era-milei\/embed\/#?secret=ArRV1pF0RD#?secret=3lQ3Yp0Vfb\" data-secret=\"3lQ3Yp0Vfb\" width=\"600\" height=\"338\" frameborder=\"0\" marginwidth=\"0\" marginheight=\"0\" scrolling=\"no\"><\/iframe>\n<\/div><\/figure>\n","protected":false},"excerpt":{"rendered":"<p>El Gobierno actualiz\u00f3 el impuesto a los combustibles\u00a0por decreto. Impactar\u00e1 tanto en la nafta como en el gasoil. El Gobierno<\/p>\n","protected":false},"author":2,"featured_media":54072,"comment_status":"closed","ping_status":"closed","sticky":false,"template":"","format":"standard","meta":{"_jetpack_memberships_contains_paid_content":false,"footnotes":""},"categories":[5,1],"tags":[],"class_list":["post-117216","post","type-post","status-publish","format-standard","has-post-thumbnail","hentry","category-informacion-general","category-portada"],"jetpack_featured_media_url":"https:\/\/i0.wp.com\/cdnoticias.com\/wp-content\/uploads\/2022\/05\/estacion-de-servicio-combustible-aumento-00.jpg?fit=800%2C445&ssl=1","jetpack_sharing_enabled":true,"_links":{"self":[{"href":"https:\/\/cdnoticias.com\/index.php\/wp-json\/wp\/v2\/posts\/117216","targetHints":{"allow":["GET"]}}],"collection":[{"href":"https:\/\/cdnoticias.com\/index.php\/wp-json\/wp\/v2\/posts"}],"about":[{"href":"https:\/\/cdnoticias.com\/index.php\/wp-json\/wp\/v2\/types\/post"}],"author":[{"embeddable":true,"href":"https:\/\/cdnoticias.com\/index.php\/wp-json\/wp\/v2\/users\/2"}],"replies":[{"embeddable":true,"href":"https:\/\/cdnoticias.com\/index.php\/wp-json\/wp\/v2\/comments?post=117216"}],"version-history":[{"count":0,"href":"https:\/\/cdnoticias.com\/index.php\/wp-json\/wp\/v2\/posts\/117216\/revisions"}],"wp:featuredmedia":[{"embeddable":true,"href":"https:\/\/cdnoticias.com\/index.php\/wp-json\/wp\/v2\/media\/54072"}],"wp:attachment":[{"href":"https:\/\/cdnoticias.com\/index.php\/wp-json\/wp\/v2\/media?parent=117216"}],"wp:term":[{"taxonomy":"category","embeddable":true,"href":"https:\/\/cdnoticias.com\/index.php\/wp-json\/wp\/v2\/categories?post=117216"},{"taxonomy":"post_tag","embeddable":true,"href":"https:\/\/cdnoticias.com\/index.php\/wp-json\/wp\/v2\/tags?post=117216"}],"curies":[{"name":"wp","href":"https:\/\/api.w.org\/{rel}","templated":true}]}}