{"id":117157,"date":"2024-05-27T17:32:19","date_gmt":"2024-05-27T20:32:19","guid":{"rendered":"https:\/\/cdnoticias.com\/?p=117157"},"modified":"2024-05-27T17:32:21","modified_gmt":"2024-05-27T20:32:21","slug":"celebracion-solidaria-del-25-de-mayo-en-barrio-isaura","status":"publish","type":"post","link":"https:\/\/cdnoticias.com\/index.php\/2024\/05\/27\/celebracion-solidaria-del-25-de-mayo-en-barrio-isaura\/","title":{"rendered":"Celebraci\u00f3n solidaria del 25 de Mayo en barrio Isaura"},"content":{"rendered":"\n<p>Fue organizado por la Junta Vecinal del barrio y la agrupaci\u00f3n Principios y Valores. Hubo donaci\u00f3n de ropa, chocolate, pasteles, m\u00fasica y baile. <\/p>\n\n\n\n<hr class=\"wp-block-separator has-alpha-channel-opacity\"\/>\n\n\n\n<p><br>Con motivo del 25 de Mayo, <strong>Principios y Valores Olavarr\u00eda en conjunto con la Junta Vecinal \u201cLa Isaura\u201d<\/strong> realizaron una <strong>jornada solidaria<\/strong> donde se don\u00f3 ropa de abrigo, se entregaron escarapelas realizadas por los ni\u00f1os del barrio y los asistentes pudieron disfrutar de chocolate caliente con pastelitos. Tambi\u00e9n fueron homenajeados bomberos voluntarios, quienes asistieron con la autobomba para los m\u00e1s chicos. <\/p>\n\n\n\n<p><\/p>\n\n\n\n<figure class=\"wp-block-image size-full\"><img data-recalc-dims=\"1\" loading=\"lazy\" decoding=\"async\" width=\"800\" height=\"446\" src=\"https:\/\/i0.wp.com\/cdnoticias.com\/wp-content\/uploads\/2024\/05\/barrio-isaura-jornada-04.jpg?resize=800%2C446&#038;ssl=1\" alt=\"\" class=\"wp-image-117164\" srcset=\"https:\/\/i0.wp.com\/cdnoticias.com\/wp-content\/uploads\/2024\/05\/barrio-isaura-jornada-04.jpg?w=800&amp;ssl=1 800w, https:\/\/i0.wp.com\/cdnoticias.com\/wp-content\/uploads\/2024\/05\/barrio-isaura-jornada-04.jpg?resize=300%2C167&amp;ssl=1 300w, https:\/\/i0.wp.com\/cdnoticias.com\/wp-content\/uploads\/2024\/05\/barrio-isaura-jornada-04.jpg?resize=768%2C428&amp;ssl=1 768w\" sizes=\"auto, (max-width: 800px) 100vw, 800px\" \/><\/figure>\n\n\n\n<p><br><br><strong>La presidenta de la Junta Vecinal Silvina Echeverria y el referente de la agrupaci\u00f3n Principios y Valores Alan Aguirre<\/strong>, resaltaron \u201cel orgullo de ser argentinos y el nuevo grito de libertad en esta \u00e9poca, donde la uni\u00f3n, el compromiso y la solidaridad son fundamentales para volver a tener un proyecto que tenemos que conocer. El pueblo quiere saber de qu\u00e9 se trata y quiere un gobierno justo donde el inter\u00e9s del pueblo y su felicidad sean lo fundamental&#8221;. <\/p>\n\n\n\n<p><\/p>\n\n\n\n<figure class=\"wp-block-image size-full\"><img data-recalc-dims=\"1\" loading=\"lazy\" decoding=\"async\" width=\"800\" height=\"445\" src=\"https:\/\/i0.wp.com\/cdnoticias.com\/wp-content\/uploads\/2024\/05\/barrio-isaura-jornada-02.jpg?resize=800%2C445&#038;ssl=1\" alt=\"\" class=\"wp-image-117166\" srcset=\"https:\/\/i0.wp.com\/cdnoticias.com\/wp-content\/uploads\/2024\/05\/barrio-isaura-jornada-02.jpg?w=800&amp;ssl=1 800w, https:\/\/i0.wp.com\/cdnoticias.com\/wp-content\/uploads\/2024\/05\/barrio-isaura-jornada-02.jpg?resize=300%2C167&amp;ssl=1 300w, https:\/\/i0.wp.com\/cdnoticias.com\/wp-content\/uploads\/2024\/05\/barrio-isaura-jornada-02.jpg?resize=768%2C427&amp;ssl=1 768w\" sizes=\"auto, (max-width: 800px) 100vw, 800px\" \/><\/figure>\n\n\n\n<p><\/p>\n\n\n\n<figure class=\"wp-block-image size-full\"><img data-recalc-dims=\"1\" loading=\"lazy\" decoding=\"async\" width=\"800\" height=\"445\" src=\"https:\/\/i0.wp.com\/cdnoticias.com\/wp-content\/uploads\/2024\/05\/barrio-isaura-jornada-02.jpg?resize=800%2C445&#038;ssl=1\" alt=\"\" class=\"wp-image-117166\" srcset=\"https:\/\/i0.wp.com\/cdnoticias.com\/wp-content\/uploads\/2024\/05\/barrio-isaura-jornada-02.jpg?w=800&amp;ssl=1 800w, https:\/\/i0.wp.com\/cdnoticias.com\/wp-content\/uploads\/2024\/05\/barrio-isaura-jornada-02.jpg?resize=300%2C167&amp;ssl=1 300w, https:\/\/i0.wp.com\/cdnoticias.com\/wp-content\/uploads\/2024\/05\/barrio-isaura-jornada-02.jpg?resize=768%2C427&amp;ssl=1 768w\" sizes=\"auto, (max-width: 800px) 100vw, 800px\" \/><\/figure>\n\n\n\n<p><br>Durante el acto se entonaron las estrofas del Himno Nacional Argentino y se dio paso al espect\u00e1culo principal de baile del Ballet Folklorico \u201cAyun Purrun\u201d perteneciente a la Escuela de Danzas extensi\u00f3n Territorial 1 a cargo de la profesora Anita Palladini, que en conjunto con el grupo musical \u201cUlkan Folil\u201d (guitarra, violin, bombo y flauta) supieron deleitar al p\u00fablico con zambas, chacareras y m\u00fasica folkl\u00f3rica.<br><\/p>\n","protected":false},"excerpt":{"rendered":"<p>Fue organizado por la Junta Vecinal del barrio y la agrupaci\u00f3n Principios y Valores. Hubo donaci\u00f3n de ropa, chocolate, pasteles,<\/p>\n","protected":false},"author":2,"featured_media":117167,"comment_status":"closed","ping_status":"closed","sticky":false,"template":"","format":"standard","meta":{"_jetpack_memberships_contains_paid_content":false,"footnotes":""},"categories":[5,1],"tags":[],"class_list":["post-117157","post","type-post","status-publish","format-standard","has-post-thumbnail","hentry","category-informacion-general","category-portada"],"jetpack_featured_media_url":"https:\/\/i0.wp.com\/cdnoticias.com\/wp-content\/uploads\/2024\/05\/barrio-isaura-jornada-01.jpg?fit=800%2C445&ssl=1","jetpack_sharing_enabled":true,"_links":{"self":[{"href":"https:\/\/cdnoticias.com\/index.php\/wp-json\/wp\/v2\/posts\/117157","targetHints":{"allow":["GET"]}}],"collection":[{"href":"https:\/\/cdnoticias.com\/index.php\/wp-json\/wp\/v2\/posts"}],"about":[{"href":"https:\/\/cdnoticias.com\/index.php\/wp-json\/wp\/v2\/types\/post"}],"author":[{"embeddable":true,"href":"https:\/\/cdnoticias.com\/index.php\/wp-json\/wp\/v2\/users\/2"}],"replies":[{"embeddable":true,"href":"https:\/\/cdnoticias.com\/index.php\/wp-json\/wp\/v2\/comments?post=117157"}],"version-history":[{"count":0,"href":"https:\/\/cdnoticias.com\/index.php\/wp-json\/wp\/v2\/posts\/117157\/revisions"}],"wp:featuredmedia":[{"embeddable":true,"href":"https:\/\/cdnoticias.com\/index.php\/wp-json\/wp\/v2\/media\/117167"}],"wp:attachment":[{"href":"https:\/\/cdnoticias.com\/index.php\/wp-json\/wp\/v2\/media?parent=117157"}],"wp:term":[{"taxonomy":"category","embeddable":true,"href":"https:\/\/cdnoticias.com\/index.php\/wp-json\/wp\/v2\/categories?post=117157"},{"taxonomy":"post_tag","embeddable":true,"href":"https:\/\/cdnoticias.com\/index.php\/wp-json\/wp\/v2\/tags?post=117157"}],"curies":[{"name":"wp","href":"https:\/\/api.w.org\/{rel}","templated":true}]}}