{"id":117153,"date":"2024-05-27T14:09:52","date_gmt":"2024-05-27T17:09:52","guid":{"rendered":"https:\/\/cdnoticias.com\/?p=117153"},"modified":"2024-05-27T18:06:25","modified_gmt":"2024-05-27T21:06:25","slug":"marcelo-aba-seguimos-estando-en-una-situacion-critica","status":"publish","type":"post","link":"https:\/\/cdnoticias.com\/index.php\/2024\/05\/27\/marcelo-aba-seguimos-estando-en-una-situacion-critica\/","title":{"rendered":"Marcelo Aba: \u201cSeguimos estando en una situaci\u00f3n cr\u00edtica\u201d"},"content":{"rendered":"<p>As\u00ed lo indic\u00f3 el rector de la Unicen cuando analiz\u00f3 los alcances del desfinanciamiento a las universidades nacionales implementado por la gesti\u00f3n de Javier Milei. Asegur\u00f3 que hay cierta expectativa por la reuni\u00f3n entre la Subsecretar\u00eda de Pol\u00edticas Universitarias y el Consejo Interuniversitario Nacional.<!--more--><\/p>\n<hr \/>\n<p>El <strong>rector de la Universidad Nacional del Centro (UNICEN), Marcelo Aba<\/strong>, se refiri\u00f3 al cuadro de situaci\u00f3n relacionado con el <strong>recorte y el desfinanciamiento dispuesto por el actual gobierno de Javier Milei<\/strong> que <strong>impide el normal funcionamiento de las universidades nacionales<\/strong> de todo el pa\u00eds.<\/p>\n<blockquote><p>En el inicio de la charla la m\u00e1xima autoridad acad\u00e9mica admiti\u00f3 que: &#8220;La situaci\u00f3n al d\u00eda de la fecha es muy compleja. Hemos recibido un aporte del 70 por ciento que se otorg\u00f3 en el mes de marzo, pero a la par de eso tenemos incrementos en servicios, en todas las licitaciones y en todo lo que hace al funcionamiento de la universidad donde tenemos incrementos que van muy por encima de eso&#8221;.<\/p><\/blockquote>\n<p><strong>&#8220;Por lo tanto seguimos estando en una situaci\u00f3n cr\u00edtica<\/strong> con alg\u00fan respiro a partir de este adicional que nos han otorgado y con <strong>mucha expectativa puesta en lo que pueda ocurrir el lunes-por ma\u00f1ana-donde en principio y aunque a\u00fan no tiene ning\u00fan tipo de rigurosidad ni hay nada firmado<\/strong>, hay una reuni\u00f3n entre la Subsecretar\u00eda de Pol\u00edticas Universitarias y el Consejo Interuniversitario Nacional donde<strong> podr\u00eda haber un acercamiento a lo que es nuestro reclamo con respecto a lo que son nuestros gastos de funcionamiento<\/strong>. Que b\u00e1sicamente y para ponerlo en los t\u00e9rminos de lo que ya se ha estado hablando <strong>ser\u00eda equipararnos a lo que recibi\u00f3 la UBA hace unos d\u00edas atr\u00e1s<\/strong>. Si eso ocurriera la situaci\u00f3n en cuanto al funcionamiento se tornar\u00eda cercana a lo que nosotros podemos llamar un a\u00f1o normal, que podemos llevarlo adelante con las limitaciones de siempre y con el problema de la inflaci\u00f3n que cada a\u00f1o nos va comiendo el presupuesto. Pero <strong>recuperar\u00edamos buena parte de nuestro ritmo de funcionamiento<\/strong>&#8221; agreg\u00f3.<\/p>\n<p>En ese sentido y luego de remarcar que estas expectativas est\u00e1n generadas por <a href=\"https:\/\/cdnoticias.com\/index.php\/2024\/05\/21\/el-gobierno-anuncio-que-llego-a-un-acuerdo-con-todas-las-universidades-nacionales\/\" target=\"_blank\" rel=\"noopener\">declaraciones realizadas en las \u00faltimas horas por el vocero presidencial Manuel Adorni<\/a>, manifest\u00f3: <strong>&#8220;Si esto se cumple la situaci\u00f3n podr\u00eda mejorar sensiblemente. Siguen quedando una serie de cuestiones que tambi\u00e9n formaban parte del reclamo original que tienen que ver la cuesti\u00f3n salarial porque los docentes y no docentes han quedado muy retrasados en sus salarios<\/strong> y los aumentos que se est\u00e1n dando son muy bajos. <strong>Todas las obras de infraestructura est\u00e1n frenadas<\/strong> y toda la cuesti\u00f3n de<strong> ciencia y t\u00e9cnica<\/strong> sigue siendo muy problem\u00e1tica porque no hay aportes en ese sentido. Y tambi\u00e9n tenemos algunas dificultades con las <strong>becas estudiantiles<\/strong> que han reducido su monto real. Por eso la expectativa la tenemos puesta en esta reuni\u00f3n del lunes donde al menos uno de los cinco puntos cr\u00edticos que tenemos en la universidad con respeto al presupuesto podr\u00eda tener alg\u00fan tipo de soluci\u00f3n&#8221;.<\/p>\n<blockquote class=\"wp-embedded-content\" data-secret=\"m1BUHLJj8L\"><p><a href=\"https:\/\/cdnoticias.com\/index.php\/2024\/05\/22\/la-comunidad-de-unicen-volvio-a-movilizarse-en-defensa-de-la-educacion-publica\/\">La comunidad de Unicen volvi\u00f3 a movilizarse en defensa de la educaci\u00f3n p\u00fablica<\/a><\/p><\/blockquote>\n<p><iframe loading=\"lazy\" class=\"wp-embedded-content\" sandbox=\"allow-scripts\" security=\"restricted\" style=\"position: absolute; clip: rect(1px, 1px, 1px, 1px);\" title=\"&#8220;La comunidad de Unicen volvi\u00f3 a movilizarse en defensa de la educaci\u00f3n p\u00fablica&#8221; &#8212; Central de Noticias | Olavarr\u00eda\" src=\"https:\/\/cdnoticias.com\/index.php\/2024\/05\/22\/la-comunidad-de-unicen-volvio-a-movilizarse-en-defensa-de-la-educacion-publica\/embed\/#?secret=PxxSasmsv1#?secret=m1BUHLJj8L\" data-secret=\"m1BUHLJj8L\" width=\"600\" height=\"338\" frameborder=\"0\" marginwidth=\"0\" marginheight=\"0\" scrolling=\"no\"><\/iframe><\/p>\n<p>Consultado acerca de la decisi\u00f3n que tom\u00f3 la administraci\u00f3n nacional de darle primeramente una <a href=\"https:\/\/cdnoticias.com\/index.php\/2024\/05\/16\/financiamiento-de-universidades-unicen-adhirio-al-pedido-de-tratamiento-igualitario\/\" target=\"_blank\" rel=\"noopener\">respuesta a la Universidad de Buenos Aires (UBA)<\/a>, consider\u00f3: <strong>&#8220;Queda claro que no hemos sido tratados de la misma forma y por ende uno podr\u00eda entender que hubo alg\u00fan tipo de discriminaci\u00f3n<\/strong>. Desconocemos los argumentos que llevaron al gobierno a seguir este camino de atender primero un reclamo y despu\u00e9s reci\u00e9n considerar el resto de los 70. Si bien <strong>reconocemos que estamos hablando de una de las universidades m\u00e1s grandes y prestigiosas del pa\u00eds, tambi\u00e9n es cierto que el resto de las universidades contenemos al 85 por ciento de los estudiantes del pa\u00eds&#8221;<\/strong>.<\/p>\n<blockquote><p>&#8220;La verdad que no tengo una explicaci\u00f3n y seguramente all\u00ed habr\u00e1 cuestiones de \u00edndole pol\u00edtico y de gente que ha estado interactuando con el gobierno y que logr\u00f3 esta soluci\u00f3n que es una soluci\u00f3n parcial, porque tampoco la UBA resolvi\u00f3 todos sus problemas&#8221; a\u00f1adi\u00f3.<\/p><\/blockquote>\n<p>Por \u00faltimo, Aba analiz\u00f3 <strong>el impacto que tuvo la gran &#8220;Marcha Universitaria&#8221;<\/strong> que se realiz\u00f3 <a href=\"https:\/\/cdnoticias.com\/index.php\/2024\/04\/23\/historica-y-masiva-movilizacion-en-defensa-de-la-universidad-publica-en-olavarria\/\" target=\"_blank\" rel=\"noopener\">el pasado 23 de abril<\/a> y sostuvo: &#8220;En lo personal y habiendo estado presente en la movilizaci\u00f3n central y teniendo en cuenta tambi\u00e9n lo que pas\u00f3 en cada una de nuestras sedes incluida la de Azul, en todas las sedes de universidades del pa\u00eds y a\u00fan en ciudades que no cuentan con universidades,<strong> creo que fue un punto de inflexi\u00f3n porque la universidad ven\u00eda siendo atacada fuertemente en las semanas previas a la marcha&#8221;<\/strong>.<\/p>\n<p>&#8220;Pasamos por el adoctrinamiento, por la necesidad de auditor\u00eda porque se malgastaba, por ser caja de la pol\u00edtica y fue un ataque permanente a trav\u00e9s de las redes y de todo ese sistema de difusi\u00f3n de cosas que no son reales pero que van haciendo meya en el buen nombre de la universidad. Y creo que<strong> la marcha sirvi\u00f3 para dejar en claro que la sociedad no comparte ninguna de esas cuestiones que se estaban mencionando y que considera que la educaci\u00f3n p\u00fablica y universitaria en nuestro pa\u00eds es un bien ganado y un activo de la sociedad<\/strong> y lo expres\u00f3 de la forma m\u00e1s pacifica, pero m\u00e1s contundente posible que fue poniendo <strong>m\u00e1s de un mill\u00f3n de personas en la calle diciendo &#8220;con la educaci\u00f3n no se metan&#8221;<\/strong>. Creo que la lectura pol\u00edtica que tiene que haber hecho el gobierno es clara, porque<strong> a\u00fan en el momento en que m\u00e1s estaba siendo atacada la universidad la sociedad sali\u00f3 a defenderla con total convicci\u00f3n&#8221;.<\/strong><\/p>\n<p>Fuente: <em>Diario El Tiempo<\/em><\/p>\n","protected":false},"excerpt":{"rendered":"<p>As\u00ed lo indic\u00f3 el rector de la Unicen cuando analiz\u00f3 los alcances del desfinanciamiento a las universidades nacionales implementado por<\/p>\n","protected":false},"author":4,"featured_media":92793,"comment_status":"closed","ping_status":"closed","sticky":false,"template":"","format":"standard","meta":{"_jetpack_memberships_contains_paid_content":false,"footnotes":""},"categories":[5,1],"tags":[],"class_list":["post-117153","post","type-post","status-publish","format-standard","has-post-thumbnail","hentry","category-informacion-general","category-portada"],"jetpack_featured_media_url":"https:\/\/i0.wp.com\/cdnoticias.com\/wp-content\/uploads\/2023\/08\/aba-marcelo-expo-unicen-01.jpg?fit=800%2C445&ssl=1","jetpack_sharing_enabled":true,"_links":{"self":[{"href":"https:\/\/cdnoticias.com\/index.php\/wp-json\/wp\/v2\/posts\/117153","targetHints":{"allow":["GET"]}}],"collection":[{"href":"https:\/\/cdnoticias.com\/index.php\/wp-json\/wp\/v2\/posts"}],"about":[{"href":"https:\/\/cdnoticias.com\/index.php\/wp-json\/wp\/v2\/types\/post"}],"author":[{"embeddable":true,"href":"https:\/\/cdnoticias.com\/index.php\/wp-json\/wp\/v2\/users\/4"}],"replies":[{"embeddable":true,"href":"https:\/\/cdnoticias.com\/index.php\/wp-json\/wp\/v2\/comments?post=117153"}],"version-history":[{"count":0,"href":"https:\/\/cdnoticias.com\/index.php\/wp-json\/wp\/v2\/posts\/117153\/revisions"}],"wp:featuredmedia":[{"embeddable":true,"href":"https:\/\/cdnoticias.com\/index.php\/wp-json\/wp\/v2\/media\/92793"}],"wp:attachment":[{"href":"https:\/\/cdnoticias.com\/index.php\/wp-json\/wp\/v2\/media?parent=117153"}],"wp:term":[{"taxonomy":"category","embeddable":true,"href":"https:\/\/cdnoticias.com\/index.php\/wp-json\/wp\/v2\/categories?post=117153"},{"taxonomy":"post_tag","embeddable":true,"href":"https:\/\/cdnoticias.com\/index.php\/wp-json\/wp\/v2\/tags?post=117153"}],"curies":[{"name":"wp","href":"https:\/\/api.w.org\/{rel}","templated":true}]}}