{"id":11713,"date":"2021-01-18T17:55:19","date_gmt":"2021-01-18T20:55:19","guid":{"rendered":"http:\/\/www.centraldenoticias.com.ar\/?p=11713"},"modified":"2021-01-18T19:45:16","modified_gmt":"2021-01-18T22:45:16","slug":"vacunas-la-causa-se-investiga-como-delito-contra-la-salud-publica","status":"publish","type":"post","link":"https:\/\/cdnoticias.com\/index.php\/2021\/01\/18\/vacunas-la-causa-se-investiga-como-delito-contra-la-salud-publica\/","title":{"rendered":"Vacunas: La causa se investiga como \u201cdelito contra la salud p\u00fablica\u201d"},"content":{"rendered":"<p>Trascendieron adem\u00e1s detalles del informe que ingenieros de la Facultad de Ingenier\u00eda realizaron sobre el freezer donde estaban las dosis que se echaron a perder. \u201cEra un equipo viejo\u201d, \u201ctarda mucho en arrancar\u201d, se a\u00f1adi\u00f3.<!--more--><\/p>\n<hr \/>\n<p><strong>\u201cTarda mucho en volver a arrancar\u201d<\/strong>. De esa manera una fuente vinculada con la investigaci\u00f3n que pretende establecer qu\u00e9 sucedi\u00f3 con<a href=\"https:\/\/cdnoticias.com\/index.php\/2021\/01\/04\/por-la-perdida-de-la-cadena-de-frio-debieron-tirar-todas-las-vacunas-contra-el-coronavirus\/\" target=\"_blank\" rel=\"noopener\"> las dosis de Sputnik V que debieron ser desechadas debido a la p\u00e9rdida de la cadena de fr\u00edo<\/a> arroj\u00f3 algunas precisiones del informe realizado por profesionales de la Facultad de Ingenier\u00eda, que fueron quienes estudiaron y analizaron el freezer donde estaban las vacunas contra el coronavirus.<\/p>\n<p>&nbsp;<\/p>\n<p><img data-recalc-dims=\"1\" loading=\"lazy\" decoding=\"async\" class=\"alignnone size-large wp-image-1880\" src=\"https:\/\/i0.wp.com\/cdnoticias.com\/wp-content\/uploads\/2020\/09\/WhatsApp-Image-2020-08-31-at-16.11.41-2.jpeg?resize=800%2C600&#038;ssl=1\" alt=\"\" width=\"800\" height=\"600\" srcset=\"https:\/\/i0.wp.com\/cdnoticias.com\/wp-content\/uploads\/2020\/09\/WhatsApp-Image-2020-08-31-at-16.11.41-2.jpeg?resize=1024%2C768&amp;ssl=1 1024w, https:\/\/i0.wp.com\/cdnoticias.com\/wp-content\/uploads\/2020\/09\/WhatsApp-Image-2020-08-31-at-16.11.41-2.jpeg?resize=300%2C225&amp;ssl=1 300w, https:\/\/i0.wp.com\/cdnoticias.com\/wp-content\/uploads\/2020\/09\/WhatsApp-Image-2020-08-31-at-16.11.41-2.jpeg?resize=768%2C576&amp;ssl=1 768w, https:\/\/i0.wp.com\/cdnoticias.com\/wp-content\/uploads\/2020\/09\/WhatsApp-Image-2020-08-31-at-16.11.41-2.jpeg?w=1280&amp;ssl=1 1280w\" sizes=\"auto, (max-width: 800px) 100vw, 800px\" \/><\/p>\n<p>&nbsp;<\/p>\n<p>No obstante, tal cual se ha aclarado desde el inicio de la causa, restar\u00e1 conocer si lo sucedido se constituye en un hecho penal o todo culminar\u00e1 en cuestiones administrativas puertas adentro del Hospital Oncolog\u00eda, centro asistencial donde estaba el freezer y las dosis en cuesti\u00f3n. <strong>\u201cNo es lo mismo una responsabilidad penal que una administrativa\u201d<\/strong>, hab\u00eda dicho d\u00edas atr\u00e1s a <a href=\"https:\/\/cdnoticias.com\/index.php\/2021\/01\/05\/viviana-beytia-no-se-descarta-nada\/\" target=\"_blank\" rel=\"noopener\">este portal la titular de la fiscal\u00eda 10<\/a>.<\/p>\n<p>&nbsp;<\/p>\n<p>En ese sentido tambi\u00e9n se registraron importantes novedades en las \u00faltimas horas, ya que este portal tambi\u00e9n pudo conocer que<strong> d\u00edas atr\u00e1s las actuaciones pasaron a estar encuadradas como \u201cdelito contra la salud p\u00fablica\u201d, en t\u00e9rminos del art\u00edculo 200 del C\u00f3digo Penal<\/strong>. \u201cEl que envenenare, adulterare o falsificare de un modo peligroso para la salud, aguas potables o sustancias alimenticias o medicinales destinadas al uso p\u00fablico o al consumo de una colectividad de personas\u201d, puede leerse en ese apartado, donde se detalla adem\u00e1s que <strong>una posible condena por este delito va de 3 a 10 a\u00f1os<\/strong>.<\/p>\n<p>&nbsp;<\/p>\n<p><img data-recalc-dims=\"1\" loading=\"lazy\" decoding=\"async\" class=\"alignnone size-large wp-image-10109\" src=\"https:\/\/i0.wp.com\/cdnoticias.com\/wp-content\/uploads\/2020\/12\/vacuna-covid.jpg?resize=800%2C600&#038;ssl=1\" alt=\"\" width=\"800\" height=\"600\" srcset=\"https:\/\/i0.wp.com\/cdnoticias.com\/wp-content\/uploads\/2020\/12\/vacuna-covid.jpg?resize=1024%2C768&amp;ssl=1 1024w, https:\/\/i0.wp.com\/cdnoticias.com\/wp-content\/uploads\/2020\/12\/vacuna-covid.jpg?resize=300%2C225&amp;ssl=1 300w, https:\/\/i0.wp.com\/cdnoticias.com\/wp-content\/uploads\/2020\/12\/vacuna-covid.jpg?resize=768%2C576&amp;ssl=1 768w, https:\/\/i0.wp.com\/cdnoticias.com\/wp-content\/uploads\/2020\/12\/vacuna-covid.jpg?w=2048&amp;ssl=1 2048w, https:\/\/i0.wp.com\/cdnoticias.com\/wp-content\/uploads\/2020\/12\/vacuna-covid.jpg?w=1600&amp;ssl=1 1600w\" sizes=\"auto, (max-width: 800px) 100vw, 800px\" \/><\/p>\n<p>&nbsp;<\/p>\n<p><strong>Todo es materia de estudio de la fiscal Viviana Beyt\u00eda y su equipo de trabajo de la UFI 10, a quien corresponde la causa por la fecha en la que se registr\u00f3<\/strong>, que coincidi\u00f3 con la cobertura de la feria que llevaba adelante la funcionaria judicial olavarriense. Vale destacar que se enfatiz\u00f3 que al momento no hay personas imputadas.<\/p>\n<p>&nbsp;<\/p>\n<p>Por estas horas la atenci\u00f3n gira en torno al freezer, del cual se precis\u00f3 que<strong> \u201cera un equipo viejo\u201d. Tal es as\u00ed que se a\u00f1adi\u00f3 que es del a\u00f1o 2013<\/strong> y que presentar\u00eda una suerte de desperfecto en el motor, m\u00e1s precisamente que \u201ctarda mucho en volver a arrancar\u201d. Para cotejar y sumar nueva informaci\u00f3n tambi\u00e9n se requiri\u00f3 la <strong>colaboraci\u00f3n y pericia del servicio oficial de la firma que fabric\u00f3 el equipo.<\/strong><\/p>\n<p>&nbsp;<\/p>\n<p><img data-recalc-dims=\"1\" loading=\"lazy\" decoding=\"async\" class=\"alignnone size-large wp-image-1879\" src=\"https:\/\/i0.wp.com\/cdnoticias.com\/wp-content\/uploads\/2020\/09\/WhatsApp-Image-2020-08-31-at-16.11.41-1.jpeg?resize=800%2C600&#038;ssl=1\" alt=\"\" width=\"800\" height=\"600\" \/><\/p>\n<p>&nbsp;<\/p>\n<p>Es aqu\u00ed donde cobra relevancia el <a href=\"https:\/\/cdnoticias.com\/index.php\/2021\/01\/08\/vacunas-coopelectric-informo-un-corte-de-luz-de-2-minutos-en-la-tarde-del-domingo\/\" target=\"_blank\" rel=\"noopener\">corte el\u00e9ctrico informado por Coopelectric en el inicio de la tarde del domingo<\/a>, precisamente la jornada previa a descubrir la p\u00e9rdida de la cadena de fr\u00edo.<\/p>\n<p>&nbsp;<\/p>\n<p>Todo ello ser\u00e1 materia de estudio de la justicia, desde donde<strong> se aguarda tambi\u00e9n por el arribo del informe de la polic\u00eda Federal<\/strong>, m\u00e1s precisamente de la <a href=\"https:\/\/cdnoticias.com\/index.php\/2021\/01\/07\/vacunas-culminaron-las-pericias-al-freezer-y-las-camaras-seran-analizadas-en-mar-del-plata\/\" target=\"_blank\" rel=\"noopener\">divisi\u00f3n de Comunicaciones con sede en Mar del Plata, con respecto al an\u00e1lisis de las c\u00e1maras de seguridad<\/a>. Los resultados de la pericia, seg\u00fan trascendi\u00f3, llegar\u00edan en los primeros d\u00edas de febrero.<\/p>\n","protected":false},"excerpt":{"rendered":"<p>Trascendieron adem\u00e1s detalles del informe que ingenieros de la Facultad de Ingenier\u00eda realizaron sobre el freezer donde estaban las dosis<\/p>\n","protected":false},"author":3,"featured_media":11714,"comment_status":"closed","ping_status":"closed","sticky":false,"template":"","format":"standard","meta":{"_jetpack_memberships_contains_paid_content":false,"footnotes":""},"categories":[14,1],"tags":[],"class_list":["post-11713","post","type-post","status-publish","format-standard","has-post-thumbnail","hentry","category-policiales","category-portada"],"jetpack_featured_media_url":"https:\/\/i0.wp.com\/cdnoticias.com\/wp-content\/uploads\/2021\/01\/WhatsApp-Image-2021-01-08-at-11.15.21-800x445-1.jpeg?fit=800%2C445&ssl=1","jetpack_sharing_enabled":true,"_links":{"self":[{"href":"https:\/\/cdnoticias.com\/index.php\/wp-json\/wp\/v2\/posts\/11713","targetHints":{"allow":["GET"]}}],"collection":[{"href":"https:\/\/cdnoticias.com\/index.php\/wp-json\/wp\/v2\/posts"}],"about":[{"href":"https:\/\/cdnoticias.com\/index.php\/wp-json\/wp\/v2\/types\/post"}],"author":[{"embeddable":true,"href":"https:\/\/cdnoticias.com\/index.php\/wp-json\/wp\/v2\/users\/3"}],"replies":[{"embeddable":true,"href":"https:\/\/cdnoticias.com\/index.php\/wp-json\/wp\/v2\/comments?post=11713"}],"version-history":[{"count":0,"href":"https:\/\/cdnoticias.com\/index.php\/wp-json\/wp\/v2\/posts\/11713\/revisions"}],"wp:featuredmedia":[{"embeddable":true,"href":"https:\/\/cdnoticias.com\/index.php\/wp-json\/wp\/v2\/media\/11714"}],"wp:attachment":[{"href":"https:\/\/cdnoticias.com\/index.php\/wp-json\/wp\/v2\/media?parent=11713"}],"wp:term":[{"taxonomy":"category","embeddable":true,"href":"https:\/\/cdnoticias.com\/index.php\/wp-json\/wp\/v2\/categories?post=11713"},{"taxonomy":"post_tag","embeddable":true,"href":"https:\/\/cdnoticias.com\/index.php\/wp-json\/wp\/v2\/tags?post=11713"}],"curies":[{"name":"wp","href":"https:\/\/api.w.org\/{rel}","templated":true}]}}