{"id":117120,"date":"2024-05-27T08:56:52","date_gmt":"2024-05-27T11:56:52","guid":{"rendered":"https:\/\/cdnoticias.com\/?p=117120"},"modified":"2024-05-27T08:56:54","modified_gmt":"2024-05-27T11:56:54","slug":"en-azul-pusieron-a-la-venta-la-casa-de-mateo-banks-el-primer-asesino-multiple-del-pais","status":"publish","type":"post","link":"https:\/\/cdnoticias.com\/index.php\/2024\/05\/27\/en-azul-pusieron-a-la-venta-la-casa-de-mateo-banks-el-primer-asesino-multiple-del-pais\/","title":{"rendered":"En Azul, pusieron a la venta la casa de Mateo Banks, el \u201cprimer asesino m\u00faltiple\u201d del pa\u00eds"},"content":{"rendered":"\n<p>Est\u00e1 declarada como Patrimonio Arquitect\u00f3nico y Urban\u00edstico del Partido de Azul. All\u00ed, el productor rural vivi\u00f3 en los a\u00f1os 20\u2019. Es conocido por haber asesinado a ocho personas.<\/p>\n\n\n\n<hr class=\"wp-block-separator aligncenter has-alpha-channel-opacity\"\/>\n\n\n\n<p><strong>Est\u00e1 a la venta la casa donde viv\u00eda el primer asesino m\u00faltiple de Argentina. <\/strong>Se trata de una casona de la vecina ciudad de Azul en la que resid\u00eda el productor agropecuario Mateo Banks, quien en 1922 mat\u00f3 en una zona rural a ocho personas, entre ellas varios miembros de su propia familia.<\/p>\n\n\n\n<p><strong>La vivienda est\u00e1 ubicada en la calle Necochea al 773, a pocas cuadras del centro, en Azul<\/strong>. En esa casona de estilo irland\u00e9s Banks viv\u00eda con su familia.<\/p>\n\n\n\n<p>El 18 de abril de 1922, en las estancias \u201cEl Tr\u00e9bol\u201d y \u201cLa Buena Suerte\u201d -ambas en la zona de Parish-<strong>, Banks asesin\u00f3 a ocho personas con un rifle durante un raid criminal que dur\u00f3 unas quince horas. Tres de las v\u00edctimas eran sus hermanos y tambi\u00e9n mat\u00f3 a una cu\u00f1ada, a dos sobrinas y a dos peones<\/strong>, seg\u00fan record\u00f3 este domingo el diario El Tiempo de Azul.<\/p>\n\n\n\n<figure class=\"wp-block-image size-large\"><img data-recalc-dims=\"1\" loading=\"lazy\" decoding=\"async\" width=\"800\" height=\"395\" src=\"https:\/\/i0.wp.com\/cdnoticias.com\/wp-content\/uploads\/2024\/05\/Mateo-Banks-01.jpg?resize=800%2C395&#038;ssl=1\" alt=\"\" class=\"wp-image-117122\" srcset=\"https:\/\/i0.wp.com\/cdnoticias.com\/wp-content\/uploads\/2024\/05\/Mateo-Banks-01.jpg?resize=1024%2C505&amp;ssl=1 1024w, https:\/\/i0.wp.com\/cdnoticias.com\/wp-content\/uploads\/2024\/05\/Mateo-Banks-01.jpg?resize=300%2C148&amp;ssl=1 300w, https:\/\/i0.wp.com\/cdnoticias.com\/wp-content\/uploads\/2024\/05\/Mateo-Banks-01.jpg?resize=768%2C379&amp;ssl=1 768w, https:\/\/i0.wp.com\/cdnoticias.com\/wp-content\/uploads\/2024\/05\/Mateo-Banks-01.jpg?w=1256&amp;ssl=1 1256w\" sizes=\"auto, (max-width: 800px) 100vw, 800px\" \/><figcaption class=\"wp-element-caption\">CREATOR: gd-jpeg v1.0 (using IJG JPEG v62), quality = 80<\/figcaption><\/figure>\n\n\n\n<p><strong>As\u00ed, Banks, alias \u201cEl M\u00edstico\u201d, se convirti\u00f3 en el primer asesino m\u00faltiple de Argentina, por lo que recibi\u00f3 una pena de \u201creclusi\u00f3n perpetua\u201d.<\/strong><\/p>\n\n\n\n<p>Banks cumpli\u00f3 prisi\u00f3n en Ushuaia y luego, al recuperar la libertad, intent\u00f3 regresar a Azul, pero no soport\u00f3 la exclusi\u00f3n social y el rechazo de los vecinos. Con una identidad falsa emigr\u00f3 a Buenos Aires y se aloj\u00f3 en una pensi\u00f3n ubicada en el barrio de Flores, la residencia donde muri\u00f3 a los 77 a\u00f1os luego de sufrir un accidente dom\u00e9stico mientras se ba\u00f1aba.<\/p>\n\n\n\n<p class=\"has-medium-font-size\">La casa de Mateo Banks, patrimonio arquitect\u00f3nico<\/p>\n\n\n\n<p>Seg\u00fan da cuenta El Tiempo de Azul, <strong>en el a\u00f1o 2019 el Concejo Deliberante declar\u00f3 al inmueble como Patrimonio Arquitect\u00f3nico y Urban\u00edstico del Partido de Azul. <\/strong><em>\u201cVemos imperiosa la preservaci\u00f3n de los edificios a fin de protegerlos, entendiendo que el patrimonio arquitect\u00f3nico-cultural es uno de los testigos fundamentales de la trayectoria hist\u00f3rica y de identidad de nuestro distrito\u201d<\/em> se puede leer en los considerandos de la normativa.<\/p>\n","protected":false},"excerpt":{"rendered":"<p>Est\u00e1 declarada como Patrimonio Arquitect\u00f3nico y Urban\u00edstico del Partido de Azul. All\u00ed, el productor rural vivi\u00f3 en los a\u00f1os 20\u2019.<\/p>\n","protected":false},"author":2,"featured_media":117121,"comment_status":"closed","ping_status":"closed","sticky":false,"template":"","format":"standard","meta":{"_jetpack_memberships_contains_paid_content":false,"footnotes":""},"categories":[6,1],"tags":[],"class_list":["post-117120","post","type-post","status-publish","format-standard","has-post-thumbnail","hentry","category-nacionales","category-portada"],"jetpack_featured_media_url":"https:\/\/i0.wp.com\/cdnoticias.com\/wp-content\/uploads\/2024\/05\/Casa-Mateo-Banks-02.jpeg?fit=948%2C533&ssl=1","jetpack_sharing_enabled":true,"_links":{"self":[{"href":"https:\/\/cdnoticias.com\/index.php\/wp-json\/wp\/v2\/posts\/117120","targetHints":{"allow":["GET"]}}],"collection":[{"href":"https:\/\/cdnoticias.com\/index.php\/wp-json\/wp\/v2\/posts"}],"about":[{"href":"https:\/\/cdnoticias.com\/index.php\/wp-json\/wp\/v2\/types\/post"}],"author":[{"embeddable":true,"href":"https:\/\/cdnoticias.com\/index.php\/wp-json\/wp\/v2\/users\/2"}],"replies":[{"embeddable":true,"href":"https:\/\/cdnoticias.com\/index.php\/wp-json\/wp\/v2\/comments?post=117120"}],"version-history":[{"count":0,"href":"https:\/\/cdnoticias.com\/index.php\/wp-json\/wp\/v2\/posts\/117120\/revisions"}],"wp:featuredmedia":[{"embeddable":true,"href":"https:\/\/cdnoticias.com\/index.php\/wp-json\/wp\/v2\/media\/117121"}],"wp:attachment":[{"href":"https:\/\/cdnoticias.com\/index.php\/wp-json\/wp\/v2\/media?parent=117120"}],"wp:term":[{"taxonomy":"category","embeddable":true,"href":"https:\/\/cdnoticias.com\/index.php\/wp-json\/wp\/v2\/categories?post=117120"},{"taxonomy":"post_tag","embeddable":true,"href":"https:\/\/cdnoticias.com\/index.php\/wp-json\/wp\/v2\/tags?post=117120"}],"curies":[{"name":"wp","href":"https:\/\/api.w.org\/{rel}","templated":true}]}}