{"id":117102,"date":"2024-05-26T19:47:00","date_gmt":"2024-05-26T22:47:00","guid":{"rendered":"https:\/\/cdnoticias.com\/?p=117102"},"modified":"2024-05-26T19:47:02","modified_gmt":"2024-05-26T22:47:02","slug":"olga-beatriz-pavone-de-camplone-q-e-p-d","status":"publish","type":"post","link":"https:\/\/cdnoticias.com\/index.php\/2024\/05\/26\/olga-beatriz-pavone-de-camplone-q-e-p-d\/","title":{"rendered":"Olga Beatriz Pavone de Camplone (Q.E.P.D.)"},"content":{"rendered":"\n<hr class=\"wp-block-separator aligncenter has-alpha-channel-opacity\"\/>\n\n\n\n<p>Falleci\u00f3 en Capital Federal el 25 de mayo de 2024 a los 81 a\u00f1os. Su esposo N\u00e9stor Humberto Camplone. Sus hijos Natalia Judith y Leonardo Camplone. Sus hijos pol\u00edticos Jon Alberdi Osa y Claudia Flores. Sus nietos Martina, Alejandro y Paula Alberdi Camplone. Su hermano Rub\u00e9n Pavone. Su hermana pol\u00edtica Norma Camplone. Sus sobrinos Oscar, Hugo, Sebasti\u00e1n Camplone; Ezequiel Facchino; Karina, Hugo, Fernando y Silvana Pavone. Sus sobrinos pol\u00edticos. Sus sobrinos nietos y dem\u00e1s deudos participan su fallecimiento.<\/p>\n\n\n\n<p>Sus restos ser\u00e1 velados en d\u00eda y horario a confirmar y cremados en el Crematorio Pinos de Paz, tambi\u00e9n en d\u00eda y horario a confirmar. Servicio adherido a Coopelectric.<\/p>\n\n\n\n<p>Nacida en Olavarr\u00eda, vecina de barrio Microcentro, profesora de Ingl\u00e9s en la Escuela Industrial y la Escuela Nacional.<\/p>\n","protected":false},"excerpt":{"rendered":"<p>Falleci\u00f3 en Capital Federal el 25 de mayo de 2024 a los 81 a\u00f1os. Su esposo N\u00e9stor Humberto Camplone. Sus<\/p>\n","protected":false},"author":2,"featured_media":100390,"comment_status":"closed","ping_status":"closed","sticky":false,"template":"","format":"standard","meta":{"_jetpack_memberships_contains_paid_content":false,"footnotes":""},"categories":[10],"tags":[],"class_list":["post-117102","post","type-post","status-publish","format-standard","has-post-thumbnail","hentry","category-necrologicas"],"jetpack_featured_media_url":"https:\/\/i0.wp.com\/cdnoticias.com\/wp-content\/uploads\/2023\/10\/necrologicas-390-x-240.jpg?fit=390%2C240&ssl=1","jetpack_sharing_enabled":true,"_links":{"self":[{"href":"https:\/\/cdnoticias.com\/index.php\/wp-json\/wp\/v2\/posts\/117102","targetHints":{"allow":["GET"]}}],"collection":[{"href":"https:\/\/cdnoticias.com\/index.php\/wp-json\/wp\/v2\/posts"}],"about":[{"href":"https:\/\/cdnoticias.com\/index.php\/wp-json\/wp\/v2\/types\/post"}],"author":[{"embeddable":true,"href":"https:\/\/cdnoticias.com\/index.php\/wp-json\/wp\/v2\/users\/2"}],"replies":[{"embeddable":true,"href":"https:\/\/cdnoticias.com\/index.php\/wp-json\/wp\/v2\/comments?post=117102"}],"version-history":[{"count":0,"href":"https:\/\/cdnoticias.com\/index.php\/wp-json\/wp\/v2\/posts\/117102\/revisions"}],"wp:featuredmedia":[{"embeddable":true,"href":"https:\/\/cdnoticias.com\/index.php\/wp-json\/wp\/v2\/media\/100390"}],"wp:attachment":[{"href":"https:\/\/cdnoticias.com\/index.php\/wp-json\/wp\/v2\/media?parent=117102"}],"wp:term":[{"taxonomy":"category","embeddable":true,"href":"https:\/\/cdnoticias.com\/index.php\/wp-json\/wp\/v2\/categories?post=117102"},{"taxonomy":"post_tag","embeddable":true,"href":"https:\/\/cdnoticias.com\/index.php\/wp-json\/wp\/v2\/tags?post=117102"}],"curies":[{"name":"wp","href":"https:\/\/api.w.org\/{rel}","templated":true}]}}