{"id":117098,"date":"2024-05-26T19:36:25","date_gmt":"2024-05-26T22:36:25","guid":{"rendered":"https:\/\/cdnoticias.com\/?p=117098"},"modified":"2024-05-26T19:36:59","modified_gmt":"2024-05-26T22:36:59","slug":"ni-una-rendicion-cualquiera-ni-un-momento-cualquiera","status":"publish","type":"post","link":"https:\/\/cdnoticias.com\/index.php\/2024\/05\/26\/ni-una-rendicion-cualquiera-ni-un-momento-cualquiera\/","title":{"rendered":"Ni una rendici\u00f3n cualquiera ni un momento cualquiera"},"content":{"rendered":"\n<p>Las estrategias y los que quedaron en offside. Juntos y un cierre a 8 a\u00f1os de gesti\u00f3n: se abre una nueva etapa. Mientras tanto, la CGT y la Universidad endurecen su reclamo contra Milei. <\/p>\n\n\n\n<hr class=\"wp-block-separator aligncenter has-alpha-channel-opacity\"\/>\n\n\n\n<p><em>Volver a las Fuentes, por Josefina Bargas y Alexis Grierson<\/em><\/p>\n\n\n\n<p class=\"has-large-font-size\"><strong>La rendici\u00f3n y definiciones clave<\/strong><\/p>\n\n\n\n<p>El jueves hubo sesi\u00f3n y se aprob\u00f3 la rendici\u00f3n de cuentas 2023 de la Municipalidad. Dicho as\u00ed parece un tr\u00e1mite, pero la verdad es que no fue un jueves cualquiera. Los discursos dijeron m\u00e1s de lo que dec\u00edan, hubo defensa, ataques a dos manos y sorpresas. Se se\u00f1alaron \u201cpeculiaridades\u201d, pero cada bloque eligi\u00f3 las suyas.<\/p>\n\n\n\n<p>Volvamos a fines de marzo: Maximiliano Wesner present\u00f3 la rendici\u00f3n de recursos y gastos del a\u00f1o pasado, de los que solo gobern\u00f3 20 d\u00edas y los otros 345 fueron gesti\u00f3n de Ezequiel Galli. El resultado fue con d\u00e9ficit de 2400 millones. La secretaria de Econom\u00eda es la misma en las dos etapas, Eugenia Bezzoni.<\/p>\n\n\n\n<p>La sesi\u00f3n especial arranc\u00f3 con un poco de retraso. La presentaci\u00f3n del tema fue del oficialismo anterior: Juntos abri\u00f3 y cerr\u00f3 el debate. Y los discursos de Hilario Galli -primero- y de Guillermina Amespil -\u00faltima- hay que escucharlos en continuado porque se complementan para explicar no s\u00f3lo la gesti\u00f3n 2023, sino que componen una visi\u00f3n de la forma de conducci\u00f3n (municipal) del Pro. Y justamente, esta visi\u00f3n se inserta en un momento de discusi\u00f3n interna del partido amarillo donde los significados que salieron del HCD es imposible que no trasciendan mucho m\u00e1s all\u00e1 del CEMO.<\/p>\n\n\n\n<p>Pero adem\u00e1s, todos los discursos y posturas fueron m\u00e1s que interesantes, y merecen atenci\u00f3n porque se encadenaron para dejarnos una de las sesiones m\u00e1s importantes del a\u00f1o.<\/p>\n\n\n\n<p class=\"has-large-font-size\"><strong>Los n\u00fameros de 2023 en clave amarilla<\/strong><\/p>\n\n\n\n<figure class=\"wp-block-image size-full\"><img data-recalc-dims=\"1\" loading=\"lazy\" decoding=\"async\" width=\"800\" height=\"445\" src=\"https:\/\/i0.wp.com\/cdnoticias.com\/wp-content\/uploads\/2024\/05\/HCD-hilario-galli-02.jpg?resize=800%2C445&#038;ssl=1\" alt=\"\" class=\"wp-image-116809\" srcset=\"https:\/\/i0.wp.com\/cdnoticias.com\/wp-content\/uploads\/2024\/05\/HCD-hilario-galli-02.jpg?w=1000&amp;ssl=1 1000w, https:\/\/i0.wp.com\/cdnoticias.com\/wp-content\/uploads\/2024\/05\/HCD-hilario-galli-02.jpg?resize=300%2C167&amp;ssl=1 300w, https:\/\/i0.wp.com\/cdnoticias.com\/wp-content\/uploads\/2024\/05\/HCD-hilario-galli-02.jpg?resize=768%2C427&amp;ssl=1 768w, https:\/\/i0.wp.com\/cdnoticias.com\/wp-content\/uploads\/2024\/05\/HCD-hilario-galli-02.jpg?resize=800%2C445&amp;ssl=1 800w\" sizes=\"auto, (max-width: 800px) 100vw, 800px\" \/><\/figure>\n\n\n\n<p>Hilario Galli repas\u00f3 los ingresos municipales del a\u00f1o pasado con todo detalle. La clave: \u201cEl Municipio tuvo aumento de ingresos totales respecto de 2022 de 102,9%. El dato es muy inferior a la inflaci\u00f3n acumulada registrada que fue de 211,8%\u201d. La peculiaridad la ubic\u00f3 en la cifra de inflaci\u00f3n, \u201cla mayor en 30 a\u00f1os\u201d se encarg\u00f3 de recordar.<\/p>\n\n\n\n<p>Despu\u00e9s habl\u00f3 de los gastos, donde dej\u00f3 la lectura que creemos fue central de su discurso. \u201cEl funcionamiento regular de la Municipalidad fue superavitario\u201d dijo para reforzar \u201cel funcionamiento pleno no solo estuvo garantizado sino que fue superavitario en un a\u00f1o muy complejo, donde la ciudad necesit\u00f3 de m\u00e1s estado\u201d. S\u00ed, es Hilario Galli el que habl\u00f3. S\u00ed, nos fijamos que no haya sido Axel Kicillof sentado en el CEMO.<\/p>\n\n\n\n<p>Bueno, pero entonces \u00bfd\u00f3nde estuvieron las p\u00e9rdidas para terminar en d\u00e9ficit? \u00c9l dio dos respuestas principales: la ca\u00edda de los ingresos de la coparticipaci\u00f3n provincial y el aumento de la demanda en prestaciones de los servicios de salud municipal, \u201cpero volver\u00edamos a invertir cada uno de esos pesos para que los olavarrienses cuenten con el servicio de salud\u201d. Recordemos que en 2023 la situaci\u00f3n del Hospital fue uno de los puntos clave que la gesti\u00f3n Galli intent\u00f3 revertir post PASO. No fue suficiente.<\/p>\n\n\n\n<p>El \u00faltimo tramo del discurso de Galli estuvo destinado a responder lo que desde Uni\u00f3n por la Patria y Ahora Olavarr\u00eda expresaron sobre la gesti\u00f3n financiera de Juntos. Desminti\u00f3 que el de 2023 haya sido \u201cel mayor d\u00e9ficit en la historia de la ciudad\u201d -dio los datos de los 6 d\u00e9ficit de los \u00faltimos 16 a\u00f1os-, rechaz\u00f3 que la cifra negativa sea mayor a los 2.400 millones y afirm\u00f3 que las cifras en baja del a\u00f1o pasado ya estaban recuperadas en febrero de 2024.<\/p>\n\n\n\n<p class=\"has-large-font-size\"><strong>El rechazo y el prejuicio<\/strong><\/p>\n\n\n\n<figure class=\"wp-block-image size-full\"><img data-recalc-dims=\"1\" loading=\"lazy\" decoding=\"async\" width=\"800\" height=\"445\" src=\"https:\/\/i0.wp.com\/cdnoticias.com\/wp-content\/uploads\/2024\/05\/HCD-oliver-gamondi-00.jpg?resize=800%2C445&#038;ssl=1\" alt=\"\" class=\"wp-image-116371\" srcset=\"https:\/\/i0.wp.com\/cdnoticias.com\/wp-content\/uploads\/2024\/05\/HCD-oliver-gamondi-00.jpg?w=1000&amp;ssl=1 1000w, https:\/\/i0.wp.com\/cdnoticias.com\/wp-content\/uploads\/2024\/05\/HCD-oliver-gamondi-00.jpg?resize=300%2C167&amp;ssl=1 300w, https:\/\/i0.wp.com\/cdnoticias.com\/wp-content\/uploads\/2024\/05\/HCD-oliver-gamondi-00.jpg?resize=768%2C427&amp;ssl=1 768w, https:\/\/i0.wp.com\/cdnoticias.com\/wp-content\/uploads\/2024\/05\/HCD-oliver-gamondi-00.jpg?resize=800%2C445&amp;ssl=1 800w\" sizes=\"auto, (max-width: 800px) 100vw, 800px\" \/><\/figure>\n\n\n\n<p>Lo que empez\u00f3 despu\u00e9s fue una jugada muy arriesgada de los libertarios que, al final, quedaron en offside. Lo primero que qued\u00f3 en claro es que iban a votar en contra, algo que igualmente ya era muy previsible.<\/p>\n\n\n\n<p>El presidente del bloque, Oliver Gamondi, mostr\u00f3 el juego que repitieron sus tres compa\u00f1eros de bancada: le pegaron tanto a Juntos, como a Uni\u00f3n por la Patria. Podr\u00edamos decir que criticaron m\u00e1s a Wesner y al actual oficialismo.<\/p>\n\n\n\n<p>Pero antes de ir para ah\u00ed vamos a otros aspectos clave que mencion\u00f3 Gamondi y que -claramente- Hilario Galli obvi\u00f3 por completo: la gesti\u00f3n municipal recibi\u00f3 una denuncia por malversaci\u00f3n de fondos p\u00fablicos en 2023 (por la gesti\u00f3n en desarrollo social) y tuvo que dar de baja la licitaci\u00f3n de la construcci\u00f3n de viviendas industrializadas por incumplimientos de la empresa adjudicataria. Son cuestiones que contribuyen -y mucho- a explicar el resultado electoral en Olavarr\u00eda. Y adem\u00e1s, refresc\u00f3 la memoria sobre la auditor\u00eda que dijo Wesner que hab\u00eda iniciado: la actual gesti\u00f3n local no dio m\u00e1s novedades ante la consulta de este sector al \u00e1rea de Hacienda.<\/p>\n\n\n\n<p>El de Ahora Olavarr\u00eda retom\u00f3 una cr\u00edtica que ya hab\u00eda expresado en la previa: que Wesner mantuvo \u201cel mismo equipo econ\u00f3mico de la gesti\u00f3n anterior\u201d despu\u00e9s de que \u201cla actual gesti\u00f3n critic\u00f3 en duros t\u00e9rminos a la anterior\u201d. Argumento de Gamondi: \u201cnuestro bloque va a votar en contra. No hay auditor\u00eda y por ende no hay claridad en lo presentado. Validar esto ser\u00eda validar las denuncias contra la gesti\u00f3n anterior\u201d.<\/p>\n\n\n\n<p>Despu\u00e9s Marcelo Petehs tambi\u00e9n valor\u00f3 que el d\u00e9ficit de diciembre ya est\u00e1 superado: \u201clos n\u00fameros ya se acomodaron\u201d. Con eso consider\u00f3 que \u201cse est\u00e1 realizando un ajuste encubierto. Tan criticado lo llevado adelante por el presidente Javier Milei, por lo cual celebramos que se lleve adelante esta f\u00f3rmula de Milei\u201d.<\/p>\n\n\n\n<p>Y ah\u00ed nom\u00e1s se quej\u00f3 de que en lo que va de 2024 cay\u00f3 la inversi\u00f3n en obras p\u00fablicas. S\u00ed, el mismo libertario pidi\u00f3 lo que a nivel nacional consideran gasto: \u201crespecto de la recaudaci\u00f3n total, el gobierno de Jos\u00e9 Eseverri destinaba 21% de la recaudaci\u00f3n total a infraestructura, la gesti\u00f3n anterior el 14% y el actual en lo que va 4,3%. Los concejales del Frente de Todos que hoy ocupan el Ejecutivo, cuestionaban duramente el 14% aplicado y criticaban a la gesti\u00f3n anterior. Nos llama mucho la atenci\u00f3n que hoy ese bloque avala los n\u00fameros que criticaban el a\u00f1o pasado\u201d.<\/p>\n\n\n\n<p>En el cierre el concejal defini\u00f3: \u201centiendo al bloque Juntos, que defienda lo que hicieron o trataron de hacer, fue su gesti\u00f3n. Lo que no nos cierra es que gente que cuestionaba los n\u00fameros el a\u00f1o pasado, hoy los est\u00e9 apoyando en esta sesi\u00f3n\u201d.<\/p>\n\n\n\n<p>Esa postura, de previsi\u00f3n de que Uni\u00f3n por la Patria iba a votar a favor, se hizo cada vez m\u00e1s expl\u00edcita en las intervenciones de Adela Casamayor y Paola Odello que hablaron despu\u00e9s.<\/p>\n\n\n\n<p>Desde las dem\u00e1s bancadas consideraron \u201cdesconcertante\u201d esta maniobra de Ahora Olavarr\u00eda-La Libertad Avanza: pocos minutos despu\u00e9s, los ataques iban a quedar desvirtuados, porque Uni\u00f3n por la Patria no hizo lo que ellos hab\u00edan cuestionado.<\/p>\n\n\n\n<p class=\"has-large-font-size\"><strong>\u201cEntendemos\u201d dijo la UCR<\/strong><\/p>\n\n\n\n<figure class=\"wp-block-image size-full\"><img data-recalc-dims=\"1\" loading=\"lazy\" decoding=\"async\" width=\"800\" height=\"445\" src=\"https:\/\/i0.wp.com\/cdnoticias.com\/wp-content\/uploads\/2024\/05\/HCD-sebastian-matrella-00.jpg?resize=800%2C445&#038;ssl=1\" alt=\"\" class=\"wp-image-116819\" srcset=\"https:\/\/i0.wp.com\/cdnoticias.com\/wp-content\/uploads\/2024\/05\/HCD-sebastian-matrella-00.jpg?w=888&amp;ssl=1 888w, https:\/\/i0.wp.com\/cdnoticias.com\/wp-content\/uploads\/2024\/05\/HCD-sebastian-matrella-00.jpg?resize=300%2C167&amp;ssl=1 300w, https:\/\/i0.wp.com\/cdnoticias.com\/wp-content\/uploads\/2024\/05\/HCD-sebastian-matrella-00.jpg?resize=768%2C427&amp;ssl=1 768w, https:\/\/i0.wp.com\/cdnoticias.com\/wp-content\/uploads\/2024\/05\/HCD-sebastian-matrella-00.jpg?resize=800%2C445&amp;ssl=1 800w\" sizes=\"auto, (max-width: 800px) 100vw, 800px\" \/><\/figure>\n\n\n\n<p>Sebasti\u00e1n Matrella, presidente de UCR, tambi\u00e9n apunt\u00f3 a la inflaci\u00f3n de 2023 como la \u201cgran distorsi\u00f3n\u201d que afect\u00f3 a la gesti\u00f3n del a\u00f1o pasado. Y apunt\u00f3 a la decisi\u00f3n de avanzar con obras p\u00fablicas en ese contexto: \u201centendemos que en un a\u00f1o eleccionario la gesti\u00f3n municipal trataba de darle un cierre a esas obras y no dejar varados en muchos casos a empresas locales que ya estaban haciendo los trabajos. Pero fue esta decisi\u00f3n sumado a los discrecionales retrasos y falta de actualizaci\u00f3n de la Provincia en las partidas lo que gener\u00f3 el mayor desequilibrio y llev\u00f3 al cierre deficitario\u201d.<\/p>\n\n\n\n<p>El concejal radical hab\u00eda planteado que \u201cestamos frente a una rendici\u00f3n at\u00edpica\u201d. Apunt\u00f3 a que Bezzoni sigue al frente de Hacienda con Wesner \u201cdespu\u00e9s de a\u00f1os de criticar la gesti\u00f3n del ex intendente Galli\u201d.<\/p>\n\n\n\n<p>Adem\u00e1s, dijo que el faltazo de la funcionaria a comisiones del HCD \u201cpareci\u00f3 un desinter\u00e9s o desprecio al Legislativo\u201d.<\/p>\n\n\n\n<p class=\"has-large-font-size\"><strong>Ni s\u00ed, ni no<\/strong><\/p>\n\n\n\n<figure class=\"wp-block-image size-full\"><img data-recalc-dims=\"1\" loading=\"lazy\" decoding=\"async\" width=\"800\" height=\"445\" src=\"https:\/\/i0.wp.com\/cdnoticias.com\/wp-content\/uploads\/2024\/05\/HCD-federico-aguilera-00.jpg?resize=800%2C445&#038;ssl=1\" alt=\"\" class=\"wp-image-116831\" srcset=\"https:\/\/i0.wp.com\/cdnoticias.com\/wp-content\/uploads\/2024\/05\/HCD-federico-aguilera-00.jpg?w=1000&amp;ssl=1 1000w, https:\/\/i0.wp.com\/cdnoticias.com\/wp-content\/uploads\/2024\/05\/HCD-federico-aguilera-00.jpg?resize=300%2C167&amp;ssl=1 300w, https:\/\/i0.wp.com\/cdnoticias.com\/wp-content\/uploads\/2024\/05\/HCD-federico-aguilera-00.jpg?resize=768%2C427&amp;ssl=1 768w, https:\/\/i0.wp.com\/cdnoticias.com\/wp-content\/uploads\/2024\/05\/HCD-federico-aguilera-00.jpg?resize=800%2C445&amp;ssl=1 800w\" sizes=\"auto, (max-width: 800px) 100vw, 800px\" \/><\/figure>\n\n\n\n<p>Federico Aguilera pidi\u00f3 la palabra. Primer movimiento: devolver todos los golpes. \u201cEl bloque Libertad Avanza us\u00f3 m\u00e1s tiempo en hablar de 5 meses de gesti\u00f3n de Wesner que en los 12 meses de gesti\u00f3n de Galli\u201d dijo. \u201cLa obra p\u00fablica no se detuvo, lo que se est\u00e1 haciendo y se lleva adelante es la continuidad de las obras de la gesti\u00f3n anterior. El \u00fanico ajuste que veo en la obra p\u00fablica en Olavarr\u00eda y en todo el pa\u00eds es el ajuste del Gobierno Nacional\u201d sigui\u00f3. Adem\u00e1s, responsabiliz\u00f3 a Javier Milei de \u201cla ca\u00edda de 1.800 millones de pesos en el Impuesto a la Piedra, ca\u00edda de m\u00e1s de 400 millones interanual en Servicios Urbanos, el aumento de m\u00e1s de 800% en gastos de farmacia en el Hospital\u201d. Tambi\u00e9n respondi\u00f3 las cr\u00edticas por la ausencia de la secretaria Bezzoni en el HCD y por la continuidad de la funcionaria en el cargo.<\/p>\n\n\n\n<p>De all\u00ed, Aguilera pas\u00f3 al segundo movimiento: hablar del tema central. Se refiri\u00f3 a qu\u00e9 contempla y que no contempla el d\u00e9ficit de 2.395 millones de pesos y c\u00f3mo lleg\u00f3 Wesner al c\u00e1lculo de 4.000 millones.<\/p>\n\n\n\n<p>Al momento de explicar el resultado financiero, fue por una l\u00ednea de razonamiento bastante parecida a la de Matrella y coincidi\u00f3 parcialmente con Hilario Galli. \u201cEste d\u00e9ficit no responde a la erogaci\u00f3n de gastos corrientes, sino de gastos de capital. Son decisiones pol\u00edticas. No es casualidad que en los dos a\u00f1os donde encontramos el mayor d\u00e9ficit de presupuesto de la gesti\u00f3n saliente fueron a\u00f1os electorales, 2019 y 2023\u201d.<\/p>\n\n\n\n<p>Pero con todo eso, igual Uni\u00f3n por la Patria estaba en una encrucijada: no pod\u00eda votar en contra de un proyecto que hab\u00eda presentado Wesner. \u00bfLa salida? La abstenci\u00f3n.<\/p>\n\n\n\n<p>Aguilera habl\u00f3 de que en la formalidad todo estaba cumplido -\u201cdesde el punto de vista t\u00e9cnico y procedimental no se encuentran objeciones\u201d- y se\u00f1al\u00f3 que la \u201cpeculiaridad\u201d era justamente que se trataba de \u201cuna rendici\u00f3n firmada por el actual intendente, pero rindiendo cuentas de una gesti\u00f3n pasada, de otro intendente. Es por eso que no nos encontramos en circunstancias de rechazar o avalar esta rendici\u00f3n\u201d.<\/p>\n\n\n\n<p>Mientras Gamondi hac\u00eda gestos negativos con la cabeza, Guillermo Santell\u00e1n llam\u00f3 a votaci\u00f3n. Ahora Olavarr\u00eda vot\u00f3 en contra, pero los dem\u00e1s levantaron la mano. El actual oficialismo pudo abstenerse. La suerte estaba marcada. Ahora el presidente llam\u00f3 a votaci\u00f3n de la Rendici\u00f3n de Cuentas 2023: los libertarios volvieron a votar en contra. Pero Juntos y UCR dieron la mayor\u00eda y qued\u00f3 aprobada.<\/p>\n\n\n\n<p class=\"has-large-font-size\"><strong>Ocho rendiciones despu\u00e9s<\/strong><\/p>\n\n\n\n<figure class=\"wp-block-image size-full\"><img data-recalc-dims=\"1\" loading=\"lazy\" decoding=\"async\" width=\"800\" height=\"445\" src=\"https:\/\/i0.wp.com\/cdnoticias.com\/wp-content\/uploads\/2024\/05\/HCD-guillermina-amespil.jpg?resize=800%2C445&#038;ssl=1\" alt=\"\" class=\"wp-image-116835\" srcset=\"https:\/\/i0.wp.com\/cdnoticias.com\/wp-content\/uploads\/2024\/05\/HCD-guillermina-amespil.jpg?w=1000&amp;ssl=1 1000w, https:\/\/i0.wp.com\/cdnoticias.com\/wp-content\/uploads\/2024\/05\/HCD-guillermina-amespil.jpg?resize=300%2C167&amp;ssl=1 300w, https:\/\/i0.wp.com\/cdnoticias.com\/wp-content\/uploads\/2024\/05\/HCD-guillermina-amespil.jpg?resize=768%2C427&amp;ssl=1 768w, https:\/\/i0.wp.com\/cdnoticias.com\/wp-content\/uploads\/2024\/05\/HCD-guillermina-amespil.jpg?resize=800%2C445&amp;ssl=1 800w\" sizes=\"auto, (max-width: 800px) 100vw, 800px\" \/><\/figure>\n\n\n\n<p>No termin\u00f3 ah\u00ed el tema. Faltaba un pasaje m\u00e1s. La presidenta de Juntos, Guillermina Amespil, se encarg\u00f3 del cierre: \u201ces la \u00faltima rendici\u00f3n de ocho de nuestra gesti\u00f3n. Todas fueron aprobadas por este Honorable Concejo Deliberante\u201d.<\/p>\n\n\n\n<p>Lo que sigui\u00f3, a primera vista es una respuesta al planteo de Aguilera sobre los \u201cgastos de capital\u201d pero es tambi\u00e9n un complemento de las palabras de Hilario Galli acerca de que los \u201cgastos de funcionamiento fueron superavitarios\u201d. \u201cNunca la obra p\u00fablica va a ser un costo, siempre es una inversi\u00f3n. Es el Estado el que tiene que hacerlo, porque no se mide en rentabilidad, se mide en calidad de vida. No consideramos que haya sido siquiera un error la inversi\u00f3n en bienes de capital del a\u00f1o pasado, m\u00e1s de 3000 millones de pesos, lo volver\u00edamos a hacer. En este contexto hay que sostener la obra p\u00fablica, porque dinamiza la econom\u00eda, porque se la necesita. Olavarr\u00eda siempre se caracteriz\u00f3 por eso\u201d dijo la concejal. Otra vez nos fijamos que no fuera Kicillof ocupando una banca en el HCD, pero ella misma se encarg\u00f3 de citar al gobernador.<\/p>\n\n\n\n<p>Hizo un repaso de los hitos m\u00e1s destacados de la gesti\u00f3n de Ezequiel Galli y sostuvo que \u201cnuestra responsabilidad es darle al vecino lo que el vecino tiene que tener, lo que le corresponde por derecho. Hay que garantizar las oportunidades, la calidad de vida\u201d.<\/p>\n\n\n\n<p>Amespil remarc\u00f3 que la votaci\u00f3n fue m\u00e1s que el tratamiento de un expediente en el Legislativo, fue el cierre de un ciclo para \u201cel gallismo\u201d, fue la \u00faltima vez que actuaron en la formalidad como oficialismo para defender lo hecho: \u201cEscribimos este cap\u00edtulo. Fue un honor y un gran orgullo haber trabajado al servicio de los olavarrienses\u201d. Entonces, lo que sigue es \u2026<\/p>\n\n\n\n<p class=\"has-large-font-size\"><strong>Un cierre y una nueva etapa<\/strong><\/p>\n\n\n\n<figure class=\"wp-block-image size-full\"><img data-recalc-dims=\"1\" loading=\"lazy\" decoding=\"async\" width=\"800\" height=\"493\" src=\"https:\/\/i0.wp.com\/cdnoticias.com\/wp-content\/uploads\/2024\/05\/galli.jpg?resize=800%2C493&#038;ssl=1\" alt=\"\" class=\"wp-image-117100\" srcset=\"https:\/\/i0.wp.com\/cdnoticias.com\/wp-content\/uploads\/2024\/05\/galli.jpg?w=865&amp;ssl=1 865w, https:\/\/i0.wp.com\/cdnoticias.com\/wp-content\/uploads\/2024\/05\/galli.jpg?resize=300%2C185&amp;ssl=1 300w, https:\/\/i0.wp.com\/cdnoticias.com\/wp-content\/uploads\/2024\/05\/galli.jpg?resize=768%2C473&amp;ssl=1 768w\" sizes=\"auto, (max-width: 800px) 100vw, 800px\" \/><\/figure>\n\n\n\n<p>A poco de cumplirse los 6 meses de gesti\u00f3n de Maximiliano Wesner -con todos los asteriscos que ya sabemos, temporal, asunci\u00f3n tard\u00eda y dem\u00e1s- el Pro en Olavarr\u00eda parece haber cerrado su etapa gesti\u00f3n y abrirse a nuevos horizontes, ya desde la oposici\u00f3n y con mucho por definir, entre ellos, su interna nacional y provincial.<\/p>\n\n\n\n<p>Por cierto, la provincial estall\u00f3 por los aires este s\u00e1bado, cuando Cristian Ritondo, Mart\u00edn Yeza, entre otros, salieron a bancar y explicar el \u201cvaciamiento\u201d del Pro bonaerense en su comisi\u00f3n de autoridades. Para resumirlo, la hoy presidenta del partido provincial es Daniela Reich, senadora provincial que integra \u201cLos liberales del Pro\u201d (o Apertura Republicana) una agrupaci\u00f3n que tiene madrinazgo en Patricia Bullrich, ministra de Milei, que busca fusionar al Pro con La Libertad Avanza en todos los niveles. Macri asumi\u00f3 como titular del Pro a nivel nacional\u2026y no quiere esto. Busca adelantar las elecciones del partido para este mismo a\u00f1o y quedarse con la estructura provincial.<\/p>\n\n\n\n<p>\u00bfD\u00f3nde podemos ubicar a Olavarr\u00eda en esta ensalada? En principio en dos lugares puntuales: empecemos por el ex intendente Ezequiel Galli, que siempre tiene como referencia a Diego Santilli y sigue sus pasos. Pasos que por momentos se bifurcan: si bien se sigue mostrando como referencia del Pro, con identidad propia, sus dichos en redes sociales y algunos gestos -como el de asistir al \u201cshow\u201d de Javier Milei en el Luna Park- parece ser que est\u00e1 a la mitad de Macri y Patricia Bullrich. No es casual, de hecho, que ese mismo d\u00eda Galli se viera -en redes sociales- en Casa Rosada. Un mensaje.<\/p>\n\n\n\n<p>El otro lugar puntual es el del diputado provincial Mart\u00edn Endere, que tras algunas consultas de este newsletter se logr\u00f3 saber que empieza a \u201cempoderarse\u201d en la Legislatura por las divisiones inevitables de los legisladores bullrichistas y los que responden a Santilli, Ritondo y hasta Jorge Macri, que quedaron de la misma vereda. \u201cLos legisladores que responden a estos dirigentes son menos que los bullrichistas, pero tienen un mayor trabajo legislativo con otros bloques y cercan\u00eda, adem\u00e1s de ciertos lugares estrat\u00e9gicos en comisiones\u201d indicaron. Por ejemplo, la relaci\u00f3n de Endere con la Justicia es uno de los puntos a tener en cuenta en este nuevo rol.<\/p>\n\n\n\n<p>Con todo ello, llegamos a Olavarr\u00eda. La Rendici\u00f3n de Cuentas -y su defensa, teniendo en cuenta que fueron gesti\u00f3n en 2023- fue un cierre de 8 a\u00f1os de estar al frente de los destinos de la ciudad, y tras salir aprobada, arranca una nueva etapa, un nuevo rol. Si bien hubo disidencias con algunos de los consultados, elegimos llamarla \u201cel kil\u00f3metro 0 del Pro en Olavarr\u00eda\u201d. O volver a empezar, dir\u00eda Alejandro Lerner.<\/p>\n\n\n\n<p>\u201cFue dif\u00edcil armar, qu\u00e9 quer\u00edamos decir, qu\u00e9 quer\u00edamos que quedara. Uno nunca sabe c\u00f3mo terminan esas sesiones y se hizo un muy buen laburo y cerramos la gesti\u00f3n con una gran Rendici\u00f3n de Cuentas. Estamos contentos por eso\u201d dijo Guillermina Amespil a VaF durante el s\u00e1bado.<\/p>\n\n\n\n<p>\u00bfEl futuro del Pro? \u201cNos estamos juntando, con Ezequiel, con todo el equipo, hay proyectos, laburo. Definiciones\u2026el estar juntos y prepar\u00e1ndonos y armados me parece que es una definici\u00f3n en s\u00ed. Estamos transitando esta parte, pensando lo que viene\u201d dijo.<\/p>\n\n\n\n<p>Algunas claves sobre este pensar en lo que viene las dio Hilario Galli esta semana en una entrevista con Mario Coppola en Sapiens. M\u00e1s que nada habl\u00f3 de las formas. Consider\u00f3 que lo que sucede en el Pro se explica como una \u201ccrisis de crecimiento\u201d y que \u201chay discusiones que hay que tenerlas puertas adentro\u201d, incluso propuso \u201caprender del radicalismo\u201d por sus formas de tomar decisiones para mover el tim\u00f3n y para definir liderazgos.<\/p>\n\n\n\n<p>R\u00e1pidamente aclar\u00f3 que en el plano local \u201cel liderazgo del Partido va a seguir siendo de Ezequiel\u201d. Aunque contrast\u00f3 con el lugar que ocupa hoy el ex intendente estando fuera de la ciudad y el manejo del d\u00eda a d\u00eda, \u201cla discusi\u00f3n diaria se toma en una mesa en que somos un mont\u00f3n de los que quedamos trabajando\u201d.<\/p>\n\n\n\n<p>En tanto, otras fuentes consultadas del mismo espacio contaron que luego de la Rendici\u00f3n de Cuentas y m\u00e1s all\u00e1 de ciertas reuniones que hab\u00edan tenido post asunci\u00f3n de Wesner, se sinti\u00f3 el verdadero \u201cpunto de partida\u201d del ser oposici\u00f3n. \u201cHubo seis meses donde se permiti\u00f3 a la actual gesti\u00f3n acomodarse y tener ese tiempo de transici\u00f3n necesario. Ya es tiempo de&nbsp; que la nueva gesti\u00f3n se explique a s\u00ed misma\u201d agreg\u00f3 la fuente consultada. \u00bfTraducido? Probablemente empecemos a ver una oposici\u00f3n m\u00e1s f\u00e9rrea a lo sucedido en este medio a\u00f1o, mientras las cosas se ordenan m\u00e1s arriba.<\/p>\n\n\n\n<p>\u201cEstamos encontrando nuestro lugar en la ciudad desde donde hacemos oposici\u00f3n. No somos una oposici\u00f3n destructiva. Intentaremos ser lo m\u00e1s constructivos posible y para eso necesitamos una mesa grande con mucha gente opinando, con mucha gente diciendo para d\u00f3nde ir\u201d declar\u00f3 Hilario Galli en la entrevista radial.<\/p>\n\n\n\n<p>En lo de arriba, el orden ven\u00eda \u201ccon quilombo\u201d: \u201cse ve\u00eda venir\u201d respondi\u00f3 una fuente provincial ante la consulta. Ahora restar\u00e1 ver el movimiento de Macri y c\u00f3mo queda el espacio de ahora en m\u00e1s: si Pro puro, un mix entre Pro coqueteando con LLA, o el Pro absorbido por LLA. O pasan las tres cosas juntas, como ahora.<\/p>\n\n\n\n<p>Y no olvidemos que el bullrichismo tiene una representaci\u00f3n local. Peque\u00f1a, pero sostenida desde el a\u00f1o pasado. A la ensalada que presentamos al principio, sumemos que la vicepresidenta del Pro a nivel nacional es Soledad Mart\u00ednez (intendenta de Vicente L\u00f3pez) y que el viernes estuvo en Saladillo para un encuentro de la S\u00e9ptima.<\/p>\n\n\n\n<p>\u00bfQui\u00e9n estuvo en esa visita? Andrea Coronel, la misma que estuvo en el lanzamiento de Apertura Republicana la semana pasada.<\/p>\n\n\n\n<p class=\"has-large-font-size\"><strong>La CGT se normaliz\u00f3 y acciona<\/strong><\/p>\n\n\n\n<figure class=\"wp-block-image size-large\"><img data-recalc-dims=\"1\" loading=\"lazy\" decoding=\"async\" width=\"800\" height=\"445\" src=\"https:\/\/i0.wp.com\/cdnoticias.com\/wp-content\/uploads\/2024\/05\/cgt-olavarria-paro1.jpg?resize=800%2C445&#038;ssl=1\" alt=\"\" class=\"wp-image-115657\" srcset=\"https:\/\/i0.wp.com\/cdnoticias.com\/wp-content\/uploads\/2024\/05\/cgt-olavarria-paro1.jpg?resize=1024%2C570&amp;ssl=1 1024w, https:\/\/i0.wp.com\/cdnoticias.com\/wp-content\/uploads\/2024\/05\/cgt-olavarria-paro1.jpg?resize=300%2C167&amp;ssl=1 300w, https:\/\/i0.wp.com\/cdnoticias.com\/wp-content\/uploads\/2024\/05\/cgt-olavarria-paro1.jpg?resize=768%2C427&amp;ssl=1 768w, https:\/\/i0.wp.com\/cdnoticias.com\/wp-content\/uploads\/2024\/05\/cgt-olavarria-paro1.jpg?resize=800%2C445&amp;ssl=1 800w, https:\/\/i0.wp.com\/cdnoticias.com\/wp-content\/uploads\/2024\/05\/cgt-olavarria-paro1.jpg?w=1051&amp;ssl=1 1051w\" sizes=\"auto, (max-width: 800px) 100vw, 800px\" \/><\/figure>\n\n\n\n<p>La central de trabajadores regional Olavarr\u00eda siguen en constante movimiento: buscan crear una multisectorial -y con ello obtener una fuerte foto- para posicionarse en contra de la Ley Bases, que parec\u00eda que estaba lista para la firma del Pacto de Mayo y ac\u00e1 estamos, con mayo y\u00e9ndose sin Ley Bases ni gloria.<\/p>\n\n\n\n<p>La intenci\u00f3n es convocar a \u201cactores sociales, pol\u00edticos y sociales\u201d a una reuni\u00f3n en el Sindicato de Gr\u00e1ficos para \u201cimplementar el planeamiento y organizaci\u00f3n de las pr\u00f3ximas medidas que se compartir\u00e1n\u201d.<\/p>\n\n\n\n<p>Pero no fue una convocatoria as\u00ed nom\u00e1s. Hubo postura y dura: \u201cCada d\u00eda nos volvemos m\u00e1s pobres, con un fuerte aumento del desempleo y niveles de pobreza sin precedentes. Estamos ante un gobierno nacional que eligi\u00f3 a los trabajadores y trabajadoras como enemigos\u201d. Todo esto, con una situaci\u00f3n del empleo local que ya es evidente en varios sectores.<\/p>\n\n\n\n<p>Al momento del paro general, de hecho, uno de los delegados regionales, Carlos Manzur, cont\u00f3 que el sector con m\u00e1s trabajadoras despedidas es el dom\u00e9stico, y le siguen trabajadores de la construcci\u00f3n y servicios de salud.<\/p>\n\n\n\n<p>La intenci\u00f3n es ya, plantarse, para implementar \u201cacciones necesarias para que el rumbo pol\u00edtico, econ\u00f3mico y social sea modificado\u201d cerraron.<\/p>\n\n\n\n<p>Con un Milei cada vez m\u00e1s duro e inflexible -discursivamente- a modificar sus pol\u00edticas, la situaci\u00f3n parece dif\u00edcil. Pero vale el \u201cdiscursivamente\u201d: en las \u00faltimas semanas, se vieron por lo bajo algunas situaciones que evidencian que el gobierno nacional siente la presi\u00f3n.<\/p>\n\n\n\n<p class=\"has-large-font-size\"><strong>Un aumento enga\u00f1oso<\/strong><\/p>\n\n\n\n<figure class=\"wp-block-image size-full\"><img data-recalc-dims=\"1\" loading=\"lazy\" decoding=\"async\" width=\"800\" height=\"445\" src=\"https:\/\/i0.wp.com\/cdnoticias.com\/wp-content\/uploads\/2024\/05\/marcha-universitaria-22-mayo-2024-37.jpg?resize=800%2C445&#038;ssl=1\" alt=\"\" class=\"wp-image-116750\" srcset=\"https:\/\/i0.wp.com\/cdnoticias.com\/wp-content\/uploads\/2024\/05\/marcha-universitaria-22-mayo-2024-37.jpg?w=1000&amp;ssl=1 1000w, https:\/\/i0.wp.com\/cdnoticias.com\/wp-content\/uploads\/2024\/05\/marcha-universitaria-22-mayo-2024-37.jpg?resize=300%2C167&amp;ssl=1 300w, https:\/\/i0.wp.com\/cdnoticias.com\/wp-content\/uploads\/2024\/05\/marcha-universitaria-22-mayo-2024-37.jpg?resize=768%2C427&amp;ssl=1 768w, https:\/\/i0.wp.com\/cdnoticias.com\/wp-content\/uploads\/2024\/05\/marcha-universitaria-22-mayo-2024-37.jpg?resize=800%2C445&amp;ssl=1 800w\" sizes=\"auto, (max-width: 800px) 100vw, 800px\" \/><\/figure>\n\n\n\n<p>Y otra vez, la Unicen march\u00f3 por la educaci\u00f3n p\u00fablica. Otra vez, se mostr\u00f3 en situaci\u00f3n de emergencia. Y otra vez, hubo que aclara anuncios del gobierno que buscan desprestigiar el reclamo y conformar a un sector que se muestra cada vez m\u00e1s unido ante la evidencia de un colapso en su sistema.<\/p>\n\n\n\n<p>Repasemos: las Universidades vienen pidiendo, desde hace meses, una mejora sustancial de los presupuestos no s\u00f3lo para funcionamiento, sino para becas, mejoras salariales, proyectos de investigaci\u00f3n, e incluso proyectar obras y crecer en infraestructura, solo por mencionar algunas cuestiones.<\/p>\n\n\n\n<p>Milei, en esta cruzada \u201canti casta\u201d denunci\u00f3 que las universidades tienen \u201ccurros\u201d de donde se financia la pol\u00edtica y decidi\u00f3 directamente dejar de financiar.<\/p>\n\n\n\n<p>Pues bien, llamativamente la UBA en los \u00faltimos d\u00edas tuvo la actualizaci\u00f3n requerida -tras masivas movilizaciones en todo el pa\u00eds- y \u201csali\u00f3 de la situaci\u00f3n de emergencia-. Con un detalle: fue la \u00fanica. Y con otro detalle\u2026\u00bffue para que legisladores radicales aprobaran la Ley Bases? Esa pregunta ser\u00e1 respondida en su debido momento.<\/p>\n\n\n\n<p>Por lo pronto, el objetivo de estas nuevas jornadas de lucha de la Unicen sede Olavarr\u00eda tuvo un punto importante: aclarar que el anuncio del gobierno de aumento del 270% para mantenimiento es eso, un anuncio -el lunes habr\u00e1 un encuentro- y que es para mantenimiento, literal. Quedan afuera los salarios, las becas, los proyectos de investigaci\u00f3n, lo que ya les contamos.<\/p>\n\n\n\n<p>\u00bfCu\u00e1nto afecta el Presupuesto de Unicen ese 270% de aumento para mantenimiento? Un 8% del total. S\u00f3lo para el pago de luz, gas e internet. \u201cY es importante que esta informaci\u00f3n la tengamos clara. As\u00ed en t\u00e9rminos claros, sencillos, que comuniquemos de esa forma. Seguir trabajando en la divulgaci\u00f3n, en la generaci\u00f3n de la toma de conciencia de por qu\u00e9 necesitamos que toda la sociedad, que todo Olavarr\u00eda siga apoyando y defendiendo la UNICEN\u201d dijo Ludmila Adad, docente y titular de Adunce en la ciudad. Ac\u00e1 un poco lo que pas\u00f3. <a href=\"https:\/\/cdnoticias.com\/index.php\/2024\/05\/22\/la-comunidad-de-unicen-volvio-a-movilizarse-en-defensa-de-la-educacion-publica\/\">https:\/\/cdnoticias.com\/index.php\/2024\/05\/22\/la-comunidad-de-unicen-volvio-a-movilizarse-en-defensa-de-la-educacion-publica\/<\/a><\/p>\n\n\n\n<p class=\"has-large-font-size\"><strong>De irse a Espa\u00f1a al viejo rencor local<\/strong><\/p>\n\n\n\n<figure class=\"wp-block-image size-full\"><img data-recalc-dims=\"1\" loading=\"lazy\" decoding=\"async\" width=\"800\" height=\"445\" src=\"https:\/\/i0.wp.com\/cdnoticias.com\/wp-content\/uploads\/2023\/08\/diego-robbiani-00.jpg?resize=800%2C445&#038;ssl=1\" alt=\"\" class=\"wp-image-93975\" srcset=\"https:\/\/i0.wp.com\/cdnoticias.com\/wp-content\/uploads\/2023\/08\/diego-robbiani-00.jpg?w=800&amp;ssl=1 800w, https:\/\/i0.wp.com\/cdnoticias.com\/wp-content\/uploads\/2023\/08\/diego-robbiani-00.jpg?resize=300%2C167&amp;ssl=1 300w, https:\/\/i0.wp.com\/cdnoticias.com\/wp-content\/uploads\/2023\/08\/diego-robbiani-00.jpg?resize=768%2C427&amp;ssl=1 768w\" sizes=\"auto, (max-width: 800px) 100vw, 800px\" \/><\/figure>\n\n\n\n<p>Lo que ser\u00e1n las casualidades que Diego Robbiani apareci\u00f3 en una foto -tomada por Guillermo Rodriguez Adami para Clar\u00edn- haciendo una cola en el consulado de Espa\u00f1a en momentos donde las relaciones entre Argentina y el pa\u00eds europeo est\u00e1n en su peor momento. \u00bfSe va del pa\u00eds?<a href=\"https:\/\/x.com\/LuquitaRodrigue\/status\/1524008991860215811?lang=es\"> \u00bfA tono con esta broma de Luquita Rodr\u00edguez?<\/a><\/p>\n\n\n\n<p>Pues bien, no, Diego Robbiani no se va del pa\u00eds y as\u00ed lo aclar\u00f3 a En L\u00ednea, quien public\u00f3 la foto y dio cuenta de la presencia del ex funcionario. En realidad estaba con su madre -que aparece delante de \u00e9l en la foto- quien est\u00e1 tramitando la ciudadan\u00eda espa\u00f1ola. Nada m\u00e1s.<\/p>\n\n\n\n<p>El tema es que la foto trajo consigo una fuert\u00edsima pol\u00e9mica con uno de los referentes del MTE local, Emiliano Llorente, quien lo cruz\u00f3 y le record\u00f3 su paso por el Municipio: \u201cm\u00e1s de 4 causas judiciales, causas de las m\u00e1s inhumanas, comida de los humildes y terrenos, sin dar una respuesta y haciendo fila para lavarse las manos, \u201csalvarse solo\u201d, sin dar una explicaci\u00f3n de su desastrosa gesti\u00f3n\u201d dijo en un posteo en donde etiquet\u00f3 a varios medios.<\/p>\n\n\n\n<figure class=\"wp-block-image size-full\"><img data-recalc-dims=\"1\" loading=\"lazy\" decoding=\"async\" width=\"800\" height=\"445\" src=\"https:\/\/i0.wp.com\/cdnoticias.com\/wp-content\/uploads\/2022\/07\/MTE-04a-emiliano-llorente.jpg?resize=800%2C445&#038;ssl=1\" alt=\"\" class=\"wp-image-60077\" srcset=\"https:\/\/i0.wp.com\/cdnoticias.com\/wp-content\/uploads\/2022\/07\/MTE-04a-emiliano-llorente.jpg?w=800&amp;ssl=1 800w, https:\/\/i0.wp.com\/cdnoticias.com\/wp-content\/uploads\/2022\/07\/MTE-04a-emiliano-llorente.jpg?resize=300%2C167&amp;ssl=1 300w, https:\/\/i0.wp.com\/cdnoticias.com\/wp-content\/uploads\/2022\/07\/MTE-04a-emiliano-llorente.jpg?resize=768%2C427&amp;ssl=1 768w\" sizes=\"auto, (max-width: 800px) 100vw, 800px\" \/><\/figure>\n\n\n\n<p>Y la sigui\u00f3, cada vez con mayor dureza: \u201cPagaste m\u00e1s de 800 lucas sin factura en 2014 a un familiar, terrenos, tarjetas alimentar, maltratos, etc\u201d. \u00bfHay m\u00e1s? Hay m\u00e1s. \u201cSos y fueron un desastre, dejaron todo destruido. Te queres ir (no vas a poder por las causas que ten\u00e9s) a lavarte las manos. Le robaste la verdura, los materiales, y todo lo que lleg\u00f3 para las casas, hasta la tierra a los pobres Diego. No tenes cara\u201d.<\/p>\n\n\n\n<p>\u00bfHay m\u00e1s? \u00a1Hay m\u00e1s! Llorente le record\u00f3 la relaci\u00f3n que tuvieron como dirigente del MTE y Secretario de Desarrollo Humano y Calidad de Vida: \u201cme conoces, mil veces te fuimos a pedir dos pesos para los comedores, las cooperativas y siempre chamuyo. Pero hab\u00eda guita para tus funcionarios.\u201d<\/p>\n\n\n\n<p>Lo que nadie se vio venir es que Robbiani, en la misma red social donde Llorente hizo su declarativa, le respondiera con la misma o mayor dureza inicial: primero aclar\u00f3 que \u201cjam\u00e1s se le pag\u00f3 sin factura honorarios por un juicio iniciado por mi padre en el 2004 contra la municipalidad\u201d. Y tambi\u00e9n dijo que no tiene nada que ver con la causa Terrenos y \u201cdenunci\u00e9 a un comunicador y a un abogado que a trav\u00e9s de un audio reconoc\u00edan que me estaban haciendo una cama\u201d.<\/p>\n\n\n\n<p>Agreg\u00f3 que fue \u00e9l mismo el que denunci\u00f3 a Silvana Rosales por el esc\u00e1ndalo de las Tarjetas Alimentar y los vales de alimentos, y que siempre hubo encuentros con el MTE \u201ccon todo respeto\u201d desestimando las acusaciones. Durante la gesti\u00f3n, decimos nosotros desde este lado, siempre hubo tensi\u00f3n de ambas partes por diversos reclamos.<\/p>\n\n\n\n<p>Y cerr\u00f3, como era de esperarse, con acusaci\u00f3n cruzada: \u201cle ped\u00edas guita de los vecinos que laburaban en los planes que tu jefe pol\u00edtico bajaba a Olavarr\u00eda\u201d y \u201cyo no soy el chorro y gracias a dios -repito- voy por esta ciudad con la frente bien alta y orgulloso de la gesti\u00f3n que se llev\u00f3 a cabo durante 8 a\u00f1os\u201d.<\/p>\n\n\n\n<p>Picante. Por ahora, vale la aclaraci\u00f3n, ninguno de los dos tiene imputaci\u00f3n alguna por ninguna de las cosas que se dijeron en el cruce en redes sociales. Y fue, quiz\u00e1s, uno de los primeros cruces fuertes -de verdad- en torno al desarrollo de la gesti\u00f3n Galli, sobre todo de los \u00faltimos 4 a\u00f1os tras la llegada de otro frente pol\u00edtico al Municipio.<\/p>\n\n\n\n<p class=\"has-large-font-size\"><strong>Hay m\u00e1s<\/strong><\/p>\n\n\n\n<p><strong>Cada vez menos Correo Argentino<\/strong>. La semana pasada hablamos de los despidos y retiros de trabajadores en territorio bonaerense y en nuestra regi\u00f3n, y el impacto con el cierre de oficinas. <a href=\"https:\/\/enlineanoticias.com.ar\/correo-argentino-trabajadores-de-olavarria-comenzaron-a-firmar-sus-retiros-voluntarios\/\" target=\"_blank\" rel=\"noreferrer noopener\">Hace unos d\u00edas se confirm\u00f3 que tambi\u00e9n en Olavarr\u00eda -donde hab\u00eda 25 empleados- empezaron a aceptar los retiros voluntarios.<\/a><\/p>\n\n\n\n<p><strong>Radio Olavarr\u00eda vuelve a su potencia<\/strong>. <a href=\"https:\/\/cdnoticias.com\/index.php\/2024\/05\/21\/a-cinco-meses-de-la-caida-por-el-temporal-radio-olavarria-inauguro-su-nueva-antena\/\" target=\"_blank\" rel=\"noreferrer noopener\">En un peque\u00f1o acto, la \u201cradio madre\u201d reinaugur\u00f3 su antena de transmisi\u00f3n, que se hab\u00eda destruido en el temporal del pasado 12 de diciembre de 2023. <\/a>El director del medio, Gabriel Panarace, destac\u00f3 el trabajo de Ferrosur Roca que don\u00f3 la torre, y el \u201csacrificio\u201d por volver a la normalidad tras el desastre del viento y lluvia del a\u00f1o pasado. Un medio important\u00edsimo para la ciudad, que con el cierre del diario El Popular se transform\u00f3 en uno de los de mayor trayectoria para la ciudad, no s\u00f3lo como medio sino tambi\u00e9n como instituci\u00f3n. <\/p>\n\n\n\n<p><strong>Los muebles de El Popular, a remate<\/strong>. Y ya que hablamos del diario en quiebra, la s\u00edndico azule\u00f1a Gabriela Weisburd, debe empezar a liquidar los bienes de la empresa para, con lo recaudado, abonar los juicios, laborales y de otros acreedores. Hay muchos mueble de oficina, equipos de computaci\u00f3n b\u00e1sicos, y tambi\u00e9n, los elementos t\u00e9cnicos de lo que era el Canal Local, la FM 98Pop y la imprenta.<a href=\"https:\/\/lu32.com.ar\/nota\/112656\/bienes-muebles-de-el-popular-salen-a-remate\" target=\"_blank\" rel=\"noreferrer noopener\"> Todos los detalles los dio Mart\u00edn Rodr\u00edguez en esta nota. <\/a><\/p>\n\n\n\n<p class=\"has-large-font-size\"><strong>El newsletter<\/strong><\/p>\n\n\n\n<p><strong>Esta publicaci\u00f3n es la edici\u00f3n de este domingo del newsletter Volver a las Fuentes que escriben Alexis Grierson y Josefina Bargas.<\/strong><a href=\"https:\/\/linktr.ee\/volveralasfuentes\"><strong> Tiene un sistema de suscripci\u00f3n econ\u00f3mica y aportes \u00fanicos al que se puede acceder aqu\u00ed.<\/strong><\/a><\/p>\n","protected":false},"excerpt":{"rendered":"<p>Las estrategias y los que quedaron en offside. Juntos y un cierre a 8 a\u00f1os de gesti\u00f3n: se abre una<\/p>\n","protected":false},"author":2,"featured_media":117099,"comment_status":"closed","ping_status":"closed","sticky":false,"template":"","format":"standard","meta":{"_jetpack_memberships_contains_paid_content":false,"footnotes":""},"categories":[4,1],"tags":[],"class_list":["post-117098","post","type-post","status-publish","format-standard","has-post-thumbnail","hentry","category-politica","category-portada"],"jetpack_featured_media_url":"https:\/\/i0.wp.com\/cdnoticias.com\/wp-content\/uploads\/2024\/05\/DSC_4742.jpg?fit=2464%2C1632&ssl=1","jetpack_sharing_enabled":true,"_links":{"self":[{"href":"https:\/\/cdnoticias.com\/index.php\/wp-json\/wp\/v2\/posts\/117098","targetHints":{"allow":["GET"]}}],"collection":[{"href":"https:\/\/cdnoticias.com\/index.php\/wp-json\/wp\/v2\/posts"}],"about":[{"href":"https:\/\/cdnoticias.com\/index.php\/wp-json\/wp\/v2\/types\/post"}],"author":[{"embeddable":true,"href":"https:\/\/cdnoticias.com\/index.php\/wp-json\/wp\/v2\/users\/2"}],"replies":[{"embeddable":true,"href":"https:\/\/cdnoticias.com\/index.php\/wp-json\/wp\/v2\/comments?post=117098"}],"version-history":[{"count":0,"href":"https:\/\/cdnoticias.com\/index.php\/wp-json\/wp\/v2\/posts\/117098\/revisions"}],"wp:featuredmedia":[{"embeddable":true,"href":"https:\/\/cdnoticias.com\/index.php\/wp-json\/wp\/v2\/media\/117099"}],"wp:attachment":[{"href":"https:\/\/cdnoticias.com\/index.php\/wp-json\/wp\/v2\/media?parent=117098"}],"wp:term":[{"taxonomy":"category","embeddable":true,"href":"https:\/\/cdnoticias.com\/index.php\/wp-json\/wp\/v2\/categories?post=117098"},{"taxonomy":"post_tag","embeddable":true,"href":"https:\/\/cdnoticias.com\/index.php\/wp-json\/wp\/v2\/tags?post=117098"}],"curies":[{"name":"wp","href":"https:\/\/api.w.org\/{rel}","templated":true}]}}