{"id":117088,"date":"2024-05-26T12:04:25","date_gmt":"2024-05-26T15:04:25","guid":{"rendered":"https:\/\/cdnoticias.com\/?p=117088"},"modified":"2024-05-26T12:04:27","modified_gmt":"2024-05-26T15:04:27","slug":"maria-luisa-sosa-viuda-de-mastrillo-pocha-q-e-p-d","status":"publish","type":"post","link":"https:\/\/cdnoticias.com\/index.php\/2024\/05\/26\/maria-luisa-sosa-viuda-de-mastrillo-pocha-q-e-p-d\/","title":{"rendered":"Mar\u00eda Luisa Sosa viuda de Mastrillo \u201cPocha\u201d (Q.E.P.D.)"},"content":{"rendered":"\n<p>Falleci\u00f3 en Olavarr\u00eda el 26 de mayo de 2024 a los 93 a\u00f1os de edad. Sus hijos Marcos Abrisqueta, Eduardo Matei y Juan Carlos Mastrillo. Su nuera Carina Toranzo. Su nieto Juan Ignacio Mastrillo y dem\u00e1s deudos participan su fallecimiento.<\/p>\n\n\n\n<p><br><br>Sus restos no ser\u00e1n velados y ser\u00e1n inhumados en el Cementerio Municipal de Saladillo en d\u00eda y horario a confirmar. Servicio adherido a Coopelectric. Vecina de barrio Roca Merlo. Nacida en Olavarr\u00eda. Jubilada y Pensionada.<br><\/p>\n","protected":false},"excerpt":{"rendered":"<p>Falleci\u00f3 en Olavarr\u00eda el 26 de mayo de 2024 a los 93 a\u00f1os de edad. Sus hijos Marcos Abrisqueta, Eduardo<\/p>\n","protected":false},"author":2,"featured_media":100390,"comment_status":"closed","ping_status":"closed","sticky":false,"template":"","format":"standard","meta":{"_jetpack_memberships_contains_paid_content":false,"footnotes":""},"categories":[10],"tags":[],"class_list":["post-117088","post","type-post","status-publish","format-standard","has-post-thumbnail","hentry","category-necrologicas"],"jetpack_featured_media_url":"https:\/\/i0.wp.com\/cdnoticias.com\/wp-content\/uploads\/2023\/10\/necrologicas-390-x-240.jpg?fit=390%2C240&ssl=1","jetpack_sharing_enabled":true,"_links":{"self":[{"href":"https:\/\/cdnoticias.com\/index.php\/wp-json\/wp\/v2\/posts\/117088","targetHints":{"allow":["GET"]}}],"collection":[{"href":"https:\/\/cdnoticias.com\/index.php\/wp-json\/wp\/v2\/posts"}],"about":[{"href":"https:\/\/cdnoticias.com\/index.php\/wp-json\/wp\/v2\/types\/post"}],"author":[{"embeddable":true,"href":"https:\/\/cdnoticias.com\/index.php\/wp-json\/wp\/v2\/users\/2"}],"replies":[{"embeddable":true,"href":"https:\/\/cdnoticias.com\/index.php\/wp-json\/wp\/v2\/comments?post=117088"}],"version-history":[{"count":0,"href":"https:\/\/cdnoticias.com\/index.php\/wp-json\/wp\/v2\/posts\/117088\/revisions"}],"wp:featuredmedia":[{"embeddable":true,"href":"https:\/\/cdnoticias.com\/index.php\/wp-json\/wp\/v2\/media\/100390"}],"wp:attachment":[{"href":"https:\/\/cdnoticias.com\/index.php\/wp-json\/wp\/v2\/media?parent=117088"}],"wp:term":[{"taxonomy":"category","embeddable":true,"href":"https:\/\/cdnoticias.com\/index.php\/wp-json\/wp\/v2\/categories?post=117088"},{"taxonomy":"post_tag","embeddable":true,"href":"https:\/\/cdnoticias.com\/index.php\/wp-json\/wp\/v2\/tags?post=117088"}],"curies":[{"name":"wp","href":"https:\/\/api.w.org\/{rel}","templated":true}]}}