{"id":117071,"date":"2024-05-25T20:16:41","date_gmt":"2024-05-25T23:16:41","guid":{"rendered":"https:\/\/cdnoticias.com\/?p=117071"},"modified":"2024-05-25T20:16:43","modified_gmt":"2024-05-25T23:16:43","slug":"como-estara-el-tiempo-en-olavarria-este-domingo-26-de-mayo","status":"publish","type":"post","link":"https:\/\/cdnoticias.com\/index.php\/2024\/05\/25\/como-estara-el-tiempo-en-olavarria-este-domingo-26-de-mayo\/","title":{"rendered":"C\u00f3mo estar\u00e1 el tiempo en Olavarr\u00eda este domingo 26 de mayo"},"content":{"rendered":"\n<p>Habr\u00e1 niebla por la ma\u00f1ana y temperaturas fr\u00edas a lo largo del d\u00eda. Aqu\u00ed te dejamos la previsi\u00f3n del tiempo para que puedas planificar tu jornada.<\/p>\n\n\n\n<hr class=\"wp-block-separator aligncenter has-alpha-channel-opacity\"\/>\n\n\n\n<p><strong>En la madrugada de este domingo, se espera la formaci\u00f3n de neblina en la regi\u00f3n. <\/strong>La temperatura ser\u00e1 de alrededor de 2\u00b0C, sin viento.<\/p>\n\n\n\n<p>Durante la ma\u00f1ana, el cielo estar\u00e1 cubierto por niebla. <strong>La temperatura descender\u00e1 a -1\u00b0C, y los vientos cambiar\u00e1n de direcci\u00f3n hacia el noreste (NE), soplando a velocidades entre 7 y 12 km\/h.<\/strong><\/p>\n\n\n\n<p>Entrada la tarde,<strong> el cielo se tornar\u00e1 mayormente nublado. La temperatura subir\u00e1 hasta alcanzar un m\u00e1ximo de 11\u00b0C.<\/strong> Los vientos cambiar\u00e1n nuevamente de direcci\u00f3n hacia el norte (N), soplando entre 13 y 22 km\/h.<\/p>\n\n\n\n<p>Para la noche, el cielo continuar\u00e1 mayormente nublado.<strong> La temperatura descender\u00e1 a unos 6\u00b0C, y los vientos volver\u00e1n a cambiar de direcci\u00f3n hacia el noreste (NE), manteni\u00e9ndose entre 7 y 12 km\/h. <\/strong>La probabilidad de precipitaci\u00f3n ser\u00e1 baja, entre 0% y 10%.<\/p>\n\n\n\n<p>Ser\u00e1 un domingo fr\u00edo y con niebla en Olavarr\u00eda,<strong> ideal para abrigarse bien si vas a salir. La visibilidad puede estar reducida por la ma\u00f1ana debido a la niebla, as\u00ed que conduce con precauci\u00f3n.<\/strong><\/p>\n","protected":false},"excerpt":{"rendered":"<p>Habr\u00e1 niebla por la ma\u00f1ana y temperaturas fr\u00edas a lo largo del d\u00eda. Aqu\u00ed te dejamos la previsi\u00f3n del tiempo<\/p>\n","protected":false},"author":2,"featured_media":112419,"comment_status":"closed","ping_status":"closed","sticky":false,"template":"","format":"standard","meta":{"_jetpack_memberships_contains_paid_content":false,"footnotes":""},"categories":[5],"tags":[],"class_list":["post-117071","post","type-post","status-publish","format-standard","has-post-thumbnail","hentry","category-informacion-general"],"jetpack_featured_media_url":"https:\/\/i0.wp.com\/cdnoticias.com\/wp-content\/uploads\/2024\/03\/niebla-neblina-tiempo-clima-03.jpg?fit=800%2C445&ssl=1","jetpack_sharing_enabled":true,"_links":{"self":[{"href":"https:\/\/cdnoticias.com\/index.php\/wp-json\/wp\/v2\/posts\/117071","targetHints":{"allow":["GET"]}}],"collection":[{"href":"https:\/\/cdnoticias.com\/index.php\/wp-json\/wp\/v2\/posts"}],"about":[{"href":"https:\/\/cdnoticias.com\/index.php\/wp-json\/wp\/v2\/types\/post"}],"author":[{"embeddable":true,"href":"https:\/\/cdnoticias.com\/index.php\/wp-json\/wp\/v2\/users\/2"}],"replies":[{"embeddable":true,"href":"https:\/\/cdnoticias.com\/index.php\/wp-json\/wp\/v2\/comments?post=117071"}],"version-history":[{"count":0,"href":"https:\/\/cdnoticias.com\/index.php\/wp-json\/wp\/v2\/posts\/117071\/revisions"}],"wp:featuredmedia":[{"embeddable":true,"href":"https:\/\/cdnoticias.com\/index.php\/wp-json\/wp\/v2\/media\/112419"}],"wp:attachment":[{"href":"https:\/\/cdnoticias.com\/index.php\/wp-json\/wp\/v2\/media?parent=117071"}],"wp:term":[{"taxonomy":"category","embeddable":true,"href":"https:\/\/cdnoticias.com\/index.php\/wp-json\/wp\/v2\/categories?post=117071"},{"taxonomy":"post_tag","embeddable":true,"href":"https:\/\/cdnoticias.com\/index.php\/wp-json\/wp\/v2\/tags?post=117071"}],"curies":[{"name":"wp","href":"https:\/\/api.w.org\/{rel}","templated":true}]}}