{"id":117017,"date":"2024-05-25T16:59:22","date_gmt":"2024-05-25T19:59:22","guid":{"rendered":"https:\/\/cdnoticias.com\/?p=117017"},"modified":"2024-05-25T18:40:53","modified_gmt":"2024-05-25T21:40:53","slug":"wesner-la-patria-la-soberania-se-construyen-cada-dia-cada-manana","status":"publish","type":"post","link":"https:\/\/cdnoticias.com\/index.php\/2024\/05\/25\/wesner-la-patria-la-soberania-se-construyen-cada-dia-cada-manana\/","title":{"rendered":"Wesner: \u201cLa patria, la soberan\u00eda se construyen cada d\u00eda, cada ma\u00f1ana\u201d"},"content":{"rendered":"\n<p>El Intendente municipal encabez\u00f3 este s\u00e1bado las actividades formales por la conmemoraci\u00f3n de la Revoluci\u00f3n de Mayo. Hubo Tedeum, izado del pabell\u00f3n nacional y acto en el Centro Cultural San Jos\u00e9.<\/p>\n\n\n\n<hr class=\"wp-block-separator aligncenter has-alpha-channel-opacity\"\/>\n\n\n\n<p>En una nueva conmemoraci\u00f3n de la Revoluci\u00f3n de Mayo,<strong> el intendente Maximiliano Wesner encabez\u00f3 las actividades que comenzaron a las 08:00 horas en el Palacio San Mart\u00edn, hubo Tedeum en la Parroquia San Jos\u00e9 y Acto oficial.<\/strong><\/p>\n\n\n\n<p>Todo inici\u00f3 con un <strong>chocolate junto a instituciones y las fuerzas vivas en el hall del Palacio San Mart\u00edn. A las 08:45 horas, los presentes acompa\u00f1aron al Intendente Municipal Maximiliano Wesner a la plaza Coronel Olavarr\u00eda, para realizar el izado del pabell\u00f3n nacional. Posteriormente, se realiz\u00f3 el Tedeum en la Parroquia San Jos\u00e9.<\/strong><\/p>\n\n\n\n<figure class=\"wp-block-image size-large is-resized\"><img data-recalc-dims=\"1\" loading=\"lazy\" decoding=\"async\" width=\"800\" height=\"530\" src=\"https:\/\/i0.wp.com\/cdnoticias.com\/wp-content\/uploads\/2024\/05\/WhatsApp-Image-2024-05-25-at-15.25.24.jpeg?resize=800%2C530&#038;ssl=1\" alt=\"\" class=\"wp-image-117020\" style=\"width:1022px;height:auto\" srcset=\"https:\/\/i0.wp.com\/cdnoticias.com\/wp-content\/uploads\/2024\/05\/WhatsApp-Image-2024-05-25-at-15.25.24.jpeg?resize=1024%2C678&amp;ssl=1 1024w, https:\/\/i0.wp.com\/cdnoticias.com\/wp-content\/uploads\/2024\/05\/WhatsApp-Image-2024-05-25-at-15.25.24.jpeg?resize=300%2C199&amp;ssl=1 300w, https:\/\/i0.wp.com\/cdnoticias.com\/wp-content\/uploads\/2024\/05\/WhatsApp-Image-2024-05-25-at-15.25.24.jpeg?resize=768%2C508&amp;ssl=1 768w, https:\/\/i0.wp.com\/cdnoticias.com\/wp-content\/uploads\/2024\/05\/WhatsApp-Image-2024-05-25-at-15.25.24.jpeg?resize=1536%2C1017&amp;ssl=1 1536w, https:\/\/i0.wp.com\/cdnoticias.com\/wp-content\/uploads\/2024\/05\/WhatsApp-Image-2024-05-25-at-15.25.24.jpeg?w=1600&amp;ssl=1 1600w\" sizes=\"auto, (max-width: 800px) 100vw, 800px\" \/><\/figure>\n\n\n\n<figure class=\"wp-block-image size-large\"><img data-recalc-dims=\"1\" loading=\"lazy\" decoding=\"async\" width=\"800\" height=\"580\" src=\"https:\/\/i0.wp.com\/cdnoticias.com\/wp-content\/uploads\/2024\/05\/WhatsApp-Image-2024-05-25-at-15.25.23-1.jpeg?resize=800%2C580&#038;ssl=1\" alt=\"\" class=\"wp-image-117022\" srcset=\"https:\/\/i0.wp.com\/cdnoticias.com\/wp-content\/uploads\/2024\/05\/WhatsApp-Image-2024-05-25-at-15.25.23-1.jpeg?resize=1024%2C742&amp;ssl=1 1024w, https:\/\/i0.wp.com\/cdnoticias.com\/wp-content\/uploads\/2024\/05\/WhatsApp-Image-2024-05-25-at-15.25.23-1.jpeg?resize=300%2C218&amp;ssl=1 300w, https:\/\/i0.wp.com\/cdnoticias.com\/wp-content\/uploads\/2024\/05\/WhatsApp-Image-2024-05-25-at-15.25.23-1.jpeg?resize=768%2C557&amp;ssl=1 768w, https:\/\/i0.wp.com\/cdnoticias.com\/wp-content\/uploads\/2024\/05\/WhatsApp-Image-2024-05-25-at-15.25.23-1.jpeg?resize=1536%2C1114&amp;ssl=1 1536w, https:\/\/i0.wp.com\/cdnoticias.com\/wp-content\/uploads\/2024\/05\/WhatsApp-Image-2024-05-25-at-15.25.23-1.jpeg?w=1600&amp;ssl=1 1600w\" sizes=\"auto, (max-width: 800px) 100vw, 800px\" \/><\/figure>\n\n\n\n<p>El <strong>acto central comenz\u00f3 a las 11:30 en el Centro Cultural San Jos\u00e9, presidido por el Intendente Maximiliano Wesner, donde participaron un gran n\u00famero de estudiantes que portaron la bandera nacional y bonaerense representando a sus escuelas.<\/strong><\/p>\n\n\n\n<figure class=\"wp-block-image size-large\"><img data-recalc-dims=\"1\" loading=\"lazy\" decoding=\"async\" width=\"800\" height=\"595\" src=\"https:\/\/i0.wp.com\/cdnoticias.com\/wp-content\/uploads\/2024\/05\/WhatsApp-Image-2024-05-25-at-15.25.23.jpeg?resize=800%2C595&#038;ssl=1\" alt=\"\" class=\"wp-image-117021\" srcset=\"https:\/\/i0.wp.com\/cdnoticias.com\/wp-content\/uploads\/2024\/05\/WhatsApp-Image-2024-05-25-at-15.25.23.jpeg?resize=1024%2C762&amp;ssl=1 1024w, https:\/\/i0.wp.com\/cdnoticias.com\/wp-content\/uploads\/2024\/05\/WhatsApp-Image-2024-05-25-at-15.25.23.jpeg?resize=300%2C223&amp;ssl=1 300w, https:\/\/i0.wp.com\/cdnoticias.com\/wp-content\/uploads\/2024\/05\/WhatsApp-Image-2024-05-25-at-15.25.23.jpeg?resize=768%2C572&amp;ssl=1 768w, https:\/\/i0.wp.com\/cdnoticias.com\/wp-content\/uploads\/2024\/05\/WhatsApp-Image-2024-05-25-at-15.25.23.jpeg?resize=1536%2C1143&amp;ssl=1 1536w, https:\/\/i0.wp.com\/cdnoticias.com\/wp-content\/uploads\/2024\/05\/WhatsApp-Image-2024-05-25-at-15.25.23.jpeg?w=1600&amp;ssl=1 1600w\" sizes=\"auto, (max-width: 800px) 100vw, 800px\" \/><\/figure>\n\n\n\n<p>Tambi\u00e9n estuvieron presentes el presidente del Honorable Concejo Deliberante Guillermo Santellan, la jefa de Gabinete del Municipio Mercedes Landivar, acompa\u00f1ados por autoridades municipales, representantes de las diversas instituciones representativas de la ciudad, educativas en sus distintos niveles, fuerzas vivas, concejales de los distintos bloques, colectividades, ex combatientes, entre otras, vecinos y vecinas.<\/p>\n\n\n\n<figure class=\"wp-block-image size-large is-resized\"><img data-recalc-dims=\"1\" loading=\"lazy\" decoding=\"async\" width=\"800\" height=\"587\" src=\"https:\/\/i0.wp.com\/cdnoticias.com\/wp-content\/uploads\/2024\/05\/WhatsApp-Image-2024-05-25-at-15.25.09.jpeg?resize=800%2C587&#038;ssl=1\" alt=\"\" class=\"wp-image-117019\" style=\"width:1032px;height:auto\" srcset=\"https:\/\/i0.wp.com\/cdnoticias.com\/wp-content\/uploads\/2024\/05\/WhatsApp-Image-2024-05-25-at-15.25.09.jpeg?resize=1024%2C751&amp;ssl=1 1024w, https:\/\/i0.wp.com\/cdnoticias.com\/wp-content\/uploads\/2024\/05\/WhatsApp-Image-2024-05-25-at-15.25.09.jpeg?resize=300%2C220&amp;ssl=1 300w, https:\/\/i0.wp.com\/cdnoticias.com\/wp-content\/uploads\/2024\/05\/WhatsApp-Image-2024-05-25-at-15.25.09.jpeg?resize=768%2C564&amp;ssl=1 768w, https:\/\/i0.wp.com\/cdnoticias.com\/wp-content\/uploads\/2024\/05\/WhatsApp-Image-2024-05-25-at-15.25.09.jpeg?resize=1536%2C1127&amp;ssl=1 1536w, https:\/\/i0.wp.com\/cdnoticias.com\/wp-content\/uploads\/2024\/05\/WhatsApp-Image-2024-05-25-at-15.25.09.jpeg?w=1600&amp;ssl=1 1600w\" sizes=\"auto, (max-width: 800px) 100vw, 800px\" \/><\/figure>\n\n\n\n<figure class=\"wp-block-image size-large\"><img data-recalc-dims=\"1\" loading=\"lazy\" decoding=\"async\" width=\"800\" height=\"530\" src=\"https:\/\/i0.wp.com\/cdnoticias.com\/wp-content\/uploads\/2024\/05\/WhatsApp-Image-2024-05-25-at-15.25.24-2.jpeg?resize=800%2C530&#038;ssl=1\" alt=\"\" class=\"wp-image-117018\" srcset=\"https:\/\/i0.wp.com\/cdnoticias.com\/wp-content\/uploads\/2024\/05\/WhatsApp-Image-2024-05-25-at-15.25.24-2.jpeg?resize=1024%2C678&amp;ssl=1 1024w, https:\/\/i0.wp.com\/cdnoticias.com\/wp-content\/uploads\/2024\/05\/WhatsApp-Image-2024-05-25-at-15.25.24-2.jpeg?resize=300%2C199&amp;ssl=1 300w, https:\/\/i0.wp.com\/cdnoticias.com\/wp-content\/uploads\/2024\/05\/WhatsApp-Image-2024-05-25-at-15.25.24-2.jpeg?resize=768%2C508&amp;ssl=1 768w, https:\/\/i0.wp.com\/cdnoticias.com\/wp-content\/uploads\/2024\/05\/WhatsApp-Image-2024-05-25-at-15.25.24-2.jpeg?resize=1536%2C1017&amp;ssl=1 1536w, https:\/\/i0.wp.com\/cdnoticias.com\/wp-content\/uploads\/2024\/05\/WhatsApp-Image-2024-05-25-at-15.25.24-2.jpeg?w=1600&amp;ssl=1 1600w\" sizes=\"auto, (max-width: 800px) 100vw, 800px\" \/><\/figure>\n\n\n\n<p>El primer orador fue el <strong>estudiante de la Escuela Secundaria 22, Uriel Bernal,<\/strong> luego continu\u00f3 el intendente Municipal Maximiliano Wesner.<\/p>\n\n\n\n<p><em>\u201cLa patria, la soberan\u00eda se construyen cada d\u00eda, cada ma\u00f1ana. La patria nos tiene que encontrar en cada lugar, en cada hogar, en cada charla, en el aula, nos tiene que convocar esa identidad que lograron los patriotas. Me parece importante llamar a la reflexi\u00f3n este 25 de mayo. <strong>En esta fecha los invito a trabajar en conjunto, transformar desde el amor<\/strong>\u201d,<\/em> indic\u00f3 el intendente Municipal.<\/p>\n","protected":false},"excerpt":{"rendered":"<p>El Intendente municipal encabez\u00f3 este s\u00e1bado las actividades formales por la conmemoraci\u00f3n de la Revoluci\u00f3n de Mayo. Hubo Tedeum, izado<\/p>\n","protected":false},"author":2,"featured_media":117023,"comment_status":"closed","ping_status":"closed","sticky":false,"template":"","format":"standard","meta":{"_jetpack_memberships_contains_paid_content":false,"footnotes":""},"categories":[5,1],"tags":[],"class_list":["post-117017","post","type-post","status-publish","format-standard","has-post-thumbnail","hentry","category-informacion-general","category-portada"],"jetpack_featured_media_url":"https:\/\/i0.wp.com\/cdnoticias.com\/wp-content\/uploads\/2024\/05\/WhatsApp-Image-2024-05-25-at-15.25.24-1.jpeg?fit=1600%2C1039&ssl=1","jetpack_sharing_enabled":true,"_links":{"self":[{"href":"https:\/\/cdnoticias.com\/index.php\/wp-json\/wp\/v2\/posts\/117017","targetHints":{"allow":["GET"]}}],"collection":[{"href":"https:\/\/cdnoticias.com\/index.php\/wp-json\/wp\/v2\/posts"}],"about":[{"href":"https:\/\/cdnoticias.com\/index.php\/wp-json\/wp\/v2\/types\/post"}],"author":[{"embeddable":true,"href":"https:\/\/cdnoticias.com\/index.php\/wp-json\/wp\/v2\/users\/2"}],"replies":[{"embeddable":true,"href":"https:\/\/cdnoticias.com\/index.php\/wp-json\/wp\/v2\/comments?post=117017"}],"version-history":[{"count":0,"href":"https:\/\/cdnoticias.com\/index.php\/wp-json\/wp\/v2\/posts\/117017\/revisions"}],"wp:featuredmedia":[{"embeddable":true,"href":"https:\/\/cdnoticias.com\/index.php\/wp-json\/wp\/v2\/media\/117023"}],"wp:attachment":[{"href":"https:\/\/cdnoticias.com\/index.php\/wp-json\/wp\/v2\/media?parent=117017"}],"wp:term":[{"taxonomy":"category","embeddable":true,"href":"https:\/\/cdnoticias.com\/index.php\/wp-json\/wp\/v2\/categories?post=117017"},{"taxonomy":"post_tag","embeddable":true,"href":"https:\/\/cdnoticias.com\/index.php\/wp-json\/wp\/v2\/tags?post=117017"}],"curies":[{"name":"wp","href":"https:\/\/api.w.org\/{rel}","templated":true}]}}