{"id":11700,"date":"2021-01-18T12:10:06","date_gmt":"2021-01-18T15:10:06","guid":{"rendered":"http:\/\/www.centraldenoticias.com.ar\/?p=11700"},"modified":"2021-01-18T15:46:41","modified_gmt":"2021-01-18T18:46:41","slug":"artedanza-forma-parte-de-la-red-oficial-de-la-fundacion-julio-bocca","status":"publish","type":"post","link":"https:\/\/cdnoticias.com\/index.php\/2021\/01\/18\/artedanza-forma-parte-de-la-red-oficial-de-la-fundacion-julio-bocca\/","title":{"rendered":"Artedanza forma parte de la red oficial de la Fundaci\u00f3n Julio Bocca"},"content":{"rendered":"<p>El estudio coordinado por la Maestra Valeria Potes fue reconocido como \u201cEstudio Homologado\u201d a partir de este 2021.<!--more--><\/p>\n<hr \/>\n<p>La Fundaci\u00f3n Julio Bocca reconoci\u00f3 al estudio Artedanza, como <strong>\u201cEstudio Homologado\u201d a partir de este a\u00f1o 2021.<\/strong> La distinci\u00f3n posibilita que todos los alumnos certificados por Artedanza formar\u00e1n parte del <strong>proyecto acad\u00e9mico extramuros de la Escuela de Teatro Musical &amp; Danzas.<\/strong><\/p>\n<p>&nbsp;<\/p>\n<p>La Fundaci\u00f3n Julio Bocca, su staff de directivos y maestros <strong>han desarrollado desde hace m\u00e1s de 3 a\u00f1os un programa de monitoreo profesional dentro y fuera del pa\u00eds<\/strong>, dentro del marco de un <strong>campus virtual<\/strong> para ofrecer contenidos y programas acad\u00e9micos a todos los alumnos al igual que en las Escuela de Teatro Musical &amp; danzas, sin importar las distancias f\u00edsicas.<\/p>\n<p>&nbsp;<\/p>\n<blockquote><p>El proyecto est\u00e1 destinado a refortalecer el v\u00ednculo con los estudios, escuelas e institutos dedicados a la ense\u00f1anza de distintas danzas.<\/p><\/blockquote>\n<p>&nbsp;<\/p>\n<p>El programa est\u00e1 adaptado a las posibilidades y necesidades de cada caso en cuanto a las clases, cursos, talleres o disciplinas que disponen del sello de calidad de la Fundaci\u00f3n Julio Bocca por medio de una <strong>membres\u00eda exclusiva para los alumnos que el convocante informe mensualmente.<\/strong><\/p>\n<p>&nbsp;<\/p>\n<p>Una vez terminado el ciclo lectivo, los alumnos extramuros reconocidos y homologados como alumnos de la fundaci\u00f3n se someter\u00e1n a una clase abierta de<strong> confirmaci\u00f3n de conocimientos t\u00e9cnicos<\/strong> acorde a la valoraci\u00f3n del staff de la fundaci\u00f3n.<\/p>\n","protected":false},"excerpt":{"rendered":"<p>El estudio coordinado por la Maestra Valeria Potes fue reconocido como \u201cEstudio Homologado\u201d a partir de este 2021.<\/p>\n","protected":false},"author":5,"featured_media":1068,"comment_status":"closed","ping_status":"closed","sticky":false,"template":"","format":"standard","meta":{"_jetpack_memberships_contains_paid_content":false,"footnotes":""},"categories":[9,1],"tags":[],"class_list":["post-11700","post","type-post","status-publish","format-standard","has-post-thumbnail","hentry","category-cultura","category-portada"],"jetpack_featured_media_url":"https:\/\/i0.wp.com\/cdnoticias.com\/wp-content\/uploads\/2020\/09\/danza2.jpg?fit=1848%2C1224&ssl=1","jetpack_sharing_enabled":true,"_links":{"self":[{"href":"https:\/\/cdnoticias.com\/index.php\/wp-json\/wp\/v2\/posts\/11700","targetHints":{"allow":["GET"]}}],"collection":[{"href":"https:\/\/cdnoticias.com\/index.php\/wp-json\/wp\/v2\/posts"}],"about":[{"href":"https:\/\/cdnoticias.com\/index.php\/wp-json\/wp\/v2\/types\/post"}],"author":[{"embeddable":true,"href":"https:\/\/cdnoticias.com\/index.php\/wp-json\/wp\/v2\/users\/5"}],"replies":[{"embeddable":true,"href":"https:\/\/cdnoticias.com\/index.php\/wp-json\/wp\/v2\/comments?post=11700"}],"version-history":[{"count":0,"href":"https:\/\/cdnoticias.com\/index.php\/wp-json\/wp\/v2\/posts\/11700\/revisions"}],"wp:featuredmedia":[{"embeddable":true,"href":"https:\/\/cdnoticias.com\/index.php\/wp-json\/wp\/v2\/media\/1068"}],"wp:attachment":[{"href":"https:\/\/cdnoticias.com\/index.php\/wp-json\/wp\/v2\/media?parent=11700"}],"wp:term":[{"taxonomy":"category","embeddable":true,"href":"https:\/\/cdnoticias.com\/index.php\/wp-json\/wp\/v2\/categories?post=11700"},{"taxonomy":"post_tag","embeddable":true,"href":"https:\/\/cdnoticias.com\/index.php\/wp-json\/wp\/v2\/tags?post=11700"}],"curies":[{"name":"wp","href":"https:\/\/api.w.org\/{rel}","templated":true}]}}