{"id":116979,"date":"2024-05-24T20:45:45","date_gmt":"2024-05-24T23:45:45","guid":{"rendered":"https:\/\/cdnoticias.com\/?p=116979"},"modified":"2024-05-24T20:45:47","modified_gmt":"2024-05-24T23:45:47","slug":"como-estara-el-tiempo-en-olavarria-este-sabado-25-de-mayo","status":"publish","type":"post","link":"https:\/\/cdnoticias.com\/index.php\/2024\/05\/24\/como-estara-el-tiempo-en-olavarria-este-sabado-25-de-mayo\/","title":{"rendered":"C\u00f3mo estar\u00e1 el tiempo en Olavarr\u00eda este s\u00e1bado 25 de mayo"},"content":{"rendered":"\n<p>Ser\u00e1 uno de los d\u00edas m\u00e1s fr\u00edos del a\u00f1o, en la conmemoraci\u00f3n de la Revoluci\u00f3n de Mayo. Aqu\u00ed te dejamos la previsi\u00f3n del tiempo para que puedas planificar tus actividades patrias.<\/p>\n\n\n\n<hr class=\"wp-block-separator aligncenter has-alpha-channel-opacity\"\/>\n\n\n\n<p>En la <strong>madrugada de este s\u00e1bado, se espera la formaci\u00f3n de neblina en la regi\u00f3n. La temperatura ser\u00e1 bastante baja, alrededor de -1\u00b0C,<\/strong> con vientos provenientes del suroeste (SO) soplando a velocidades entre 13 y 22 km\/h.<\/p>\n\n\n\n<p>Ya<strong> en la ma\u00f1ana, el cielo estar\u00e1 algo nublado pero la temperatura descender\u00e1 a\u00fan m\u00e1s, llegando a -3\u00b0C. <\/strong>Los vientos cambiar\u00e1n de direcci\u00f3n hacia el sur (S), manteni\u00e9ndose entre 13 y 22 km\/h.<\/p>\n\n\n\n<p>Entrada la tarde del s\u00e1bado patrio, el cielo se tornar\u00e1 mayormente nublado. <strong>La temperatura subir\u00e1 hasta alcanzar un m\u00e1ximo de 10\u00b0C. Los vientos cambiar\u00e1n nuevamente de direcci\u00f3n hacia el este (E), soplando entre 13 y 22 km\/h. <\/strong>No se espera ninguna precipitaci\u00f3n.<\/p>\n\n\n\n<p>Para la noche, el cielo continuar\u00e1 mayormente nublado.<strong> La temperatura descender\u00e1 a unos 6\u00b0C, y los vientos seguir\u00e1n soplando desde el este (E) a velocidades entre 7 y 12 km\/h.<\/strong><\/p>\n\n\n\n<p>El s\u00e1bado en Olavarr\u00eda ser\u00e1 un d\u00eda con temperaturas muy fr\u00edas en la madrugada y la ma\u00f1ana, oscilando entre -3\u00b0C y 10\u00b0C a lo largo del d\u00eda<strong>. Se recomienda abrigarse bien debido a las bajas temperaturas, especialmente si vas a participar en los actos conmemorativos del D\u00eda de la Patria.<\/strong><\/p>\n","protected":false},"excerpt":{"rendered":"<p>Ser\u00e1 uno de los d\u00edas m\u00e1s fr\u00edos del a\u00f1o, en la conmemoraci\u00f3n de la Revoluci\u00f3n de Mayo. Aqu\u00ed te dejamos<\/p>\n","protected":false},"author":2,"featured_media":56015,"comment_status":"closed","ping_status":"closed","sticky":false,"template":"","format":"standard","meta":{"_jetpack_memberships_contains_paid_content":false,"footnotes":""},"categories":[5],"tags":[],"class_list":["post-116979","post","type-post","status-publish","format-standard","has-post-thumbnail","hentry","category-informacion-general"],"jetpack_featured_media_url":"https:\/\/i0.wp.com\/cdnoticias.com\/wp-content\/uploads\/2022\/05\/frio04-scaled.jpg?fit=2560%2C1424&ssl=1","jetpack_sharing_enabled":true,"_links":{"self":[{"href":"https:\/\/cdnoticias.com\/index.php\/wp-json\/wp\/v2\/posts\/116979","targetHints":{"allow":["GET"]}}],"collection":[{"href":"https:\/\/cdnoticias.com\/index.php\/wp-json\/wp\/v2\/posts"}],"about":[{"href":"https:\/\/cdnoticias.com\/index.php\/wp-json\/wp\/v2\/types\/post"}],"author":[{"embeddable":true,"href":"https:\/\/cdnoticias.com\/index.php\/wp-json\/wp\/v2\/users\/2"}],"replies":[{"embeddable":true,"href":"https:\/\/cdnoticias.com\/index.php\/wp-json\/wp\/v2\/comments?post=116979"}],"version-history":[{"count":0,"href":"https:\/\/cdnoticias.com\/index.php\/wp-json\/wp\/v2\/posts\/116979\/revisions"}],"wp:featuredmedia":[{"embeddable":true,"href":"https:\/\/cdnoticias.com\/index.php\/wp-json\/wp\/v2\/media\/56015"}],"wp:attachment":[{"href":"https:\/\/cdnoticias.com\/index.php\/wp-json\/wp\/v2\/media?parent=116979"}],"wp:term":[{"taxonomy":"category","embeddable":true,"href":"https:\/\/cdnoticias.com\/index.php\/wp-json\/wp\/v2\/categories?post=116979"},{"taxonomy":"post_tag","embeddable":true,"href":"https:\/\/cdnoticias.com\/index.php\/wp-json\/wp\/v2\/tags?post=116979"}],"curies":[{"name":"wp","href":"https:\/\/api.w.org\/{rel}","templated":true}]}}