{"id":116973,"date":"2024-05-24T20:38:09","date_gmt":"2024-05-24T23:38:09","guid":{"rendered":"https:\/\/cdnoticias.com\/?p=116973"},"modified":"2024-05-25T11:53:48","modified_gmt":"2024-05-25T14:53:48","slug":"fue-detenido-por-graves-hechos-de-violencia-de-genero-y-lo-encontraron-con-cocaina","status":"publish","type":"post","link":"https:\/\/cdnoticias.com\/index.php\/2024\/05\/24\/fue-detenido-por-graves-hechos-de-violencia-de-genero-y-lo-encontraron-con-cocaina\/","title":{"rendered":"Fue detenido por graves hechos de violencia de g\u00e9nero y lo encontraron con coca\u00edna"},"content":{"rendered":"\n<p>El hombre tiene 40 a\u00f1os. Interceptaron el veh\u00edculo que manejaba, tipo furg\u00f3n, y tras requisar encontraron m\u00e1s de 60 gramos de coca\u00edna y elementos vinculados a la comercializaci\u00f3n.<\/p>\n\n\n\n<hr class=\"wp-block-separator aligncenter has-alpha-channel-opacity\"\/>\n\n\n\n<p>Este viernes, <strong>personal de Comisar\u00eda Primera tras un operativo encubierto, detuvo a un hombre de 40 a\u00f1os por varias causas vinculadas a graves hechos de violencia de g\u00e9nero. Al detenerlo, adem\u00e1s, encontraron m\u00e1s de 60 gramos de coca\u00edna en su poder,<\/strong> y elementos vinculados a la venta de estupefacientes.<\/p>\n\n\n\n<figure class=\"wp-block-image size-large\"><img data-recalc-dims=\"1\" loading=\"lazy\" decoding=\"async\" width=\"800\" height=\"472\" src=\"https:\/\/i0.wp.com\/cdnoticias.com\/wp-content\/uploads\/2024\/05\/WhatsApp-Image-2024-05-24-at-18.36.20-1.jpeg?resize=800%2C472&#038;ssl=1\" alt=\"\" class=\"wp-image-116975\" srcset=\"https:\/\/i0.wp.com\/cdnoticias.com\/wp-content\/uploads\/2024\/05\/WhatsApp-Image-2024-05-24-at-18.36.20-1.jpeg?resize=1024%2C604&amp;ssl=1 1024w, https:\/\/i0.wp.com\/cdnoticias.com\/wp-content\/uploads\/2024\/05\/WhatsApp-Image-2024-05-24-at-18.36.20-1.jpeg?resize=300%2C177&amp;ssl=1 300w, https:\/\/i0.wp.com\/cdnoticias.com\/wp-content\/uploads\/2024\/05\/WhatsApp-Image-2024-05-24-at-18.36.20-1.jpeg?resize=768%2C453&amp;ssl=1 768w, https:\/\/i0.wp.com\/cdnoticias.com\/wp-content\/uploads\/2024\/05\/WhatsApp-Image-2024-05-24-at-18.36.20-1.jpeg?w=1200&amp;ssl=1 1200w\" sizes=\"auto, (max-width: 800px) 100vw, 800px\" \/><\/figure>\n\n\n\n<p>Seg\u00fan se logr\u00f3 saber, <strong>el operativo encubierto dio con la interceptaci\u00f3n, en Juan XXIII y Alsina, de un veh\u00edculo tipo furg\u00f3n, marca Citroen, con el que circulaba. <\/strong><\/p>\n\n\n\n<p>All\u00ed, se acat\u00f3 la orden de detenci\u00f3n por <strong><em>\u201cAmenazas, privaci\u00f3n ilegal de la libertad y da\u00f1o en contexto de violencia de g\u00e9nero\u201d.<\/em><\/strong><\/p>\n\n\n\n<p>Al requisar el veh\u00edculo, <strong>encontraron un nylon con 61,40 gramos de coca\u00edna, que fue certificada por los reactivos correspondientes. Adem\u00e1s, hab\u00eda una balanza de precisi\u00f3n con restos de la sustancia y un tel\u00e9fono celular. Todo ello fue secuestrado.<\/strong><\/p>\n\n\n\n<figure class=\"wp-block-image size-large\"><img data-recalc-dims=\"1\" loading=\"lazy\" decoding=\"async\" width=\"800\" height=\"392\" src=\"https:\/\/i0.wp.com\/cdnoticias.com\/wp-content\/uploads\/2024\/05\/WhatsApp-Image-2024-05-24-at-18.36.20-2.jpeg?resize=800%2C392&#038;ssl=1\" alt=\"\" class=\"wp-image-116976\" srcset=\"https:\/\/i0.wp.com\/cdnoticias.com\/wp-content\/uploads\/2024\/05\/WhatsApp-Image-2024-05-24-at-18.36.20-2.jpeg?resize=1024%2C502&amp;ssl=1 1024w, https:\/\/i0.wp.com\/cdnoticias.com\/wp-content\/uploads\/2024\/05\/WhatsApp-Image-2024-05-24-at-18.36.20-2.jpeg?resize=300%2C147&amp;ssl=1 300w, https:\/\/i0.wp.com\/cdnoticias.com\/wp-content\/uploads\/2024\/05\/WhatsApp-Image-2024-05-24-at-18.36.20-2.jpeg?resize=768%2C377&amp;ssl=1 768w, https:\/\/i0.wp.com\/cdnoticias.com\/wp-content\/uploads\/2024\/05\/WhatsApp-Image-2024-05-24-at-18.36.20-2.jpeg?w=1334&amp;ssl=1 1334w\" sizes=\"auto, (max-width: 800px) 100vw, 800px\" \/><\/figure>\n\n\n\n<figure class=\"wp-block-image size-large\"><img data-recalc-dims=\"1\" loading=\"lazy\" decoding=\"async\" width=\"800\" height=\"628\" src=\"https:\/\/i0.wp.com\/cdnoticias.com\/wp-content\/uploads\/2024\/05\/WhatsApp-Image-2024-05-24-at-18.36.20.jpeg?resize=800%2C628&#038;ssl=1\" alt=\"\" class=\"wp-image-116974\" srcset=\"https:\/\/i0.wp.com\/cdnoticias.com\/wp-content\/uploads\/2024\/05\/WhatsApp-Image-2024-05-24-at-18.36.20.jpeg?resize=1024%2C804&amp;ssl=1 1024w, https:\/\/i0.wp.com\/cdnoticias.com\/wp-content\/uploads\/2024\/05\/WhatsApp-Image-2024-05-24-at-18.36.20.jpeg?resize=300%2C236&amp;ssl=1 300w, https:\/\/i0.wp.com\/cdnoticias.com\/wp-content\/uploads\/2024\/05\/WhatsApp-Image-2024-05-24-at-18.36.20.jpeg?resize=768%2C603&amp;ssl=1 768w, https:\/\/i0.wp.com\/cdnoticias.com\/wp-content\/uploads\/2024\/05\/WhatsApp-Image-2024-05-24-at-18.36.20.jpeg?w=1200&amp;ssl=1 1200w\" sizes=\"auto, (max-width: 800px) 100vw, 800px\" \/><\/figure>\n\n\n\n<p>Fue trasladado a la Comisar\u00eda Primera, donde quedar\u00e1 alojado a la espera de nuevas medidas judiciales. <strong>A la causa de violencia de g\u00e9nero \u2013que interviene la UFI N\u00b05, a cargo de la doctora Viceconte- se le form\u00f3 una nueva causa por Infracci\u00f3n a la Ley 23.737 en la que interviene el doctor Lucas Moyano, de la UFI N\u00b019.<\/strong><\/p>\n","protected":false},"excerpt":{"rendered":"<p>El hombre tiene 40 a\u00f1os. Interceptaron el veh\u00edculo que manejaba, tipo furg\u00f3n, y tras requisar encontraron m\u00e1s de 60 gramos<\/p>\n","protected":false},"author":2,"featured_media":116977,"comment_status":"closed","ping_status":"closed","sticky":false,"template":"","format":"standard","meta":{"_jetpack_memberships_contains_paid_content":false,"footnotes":""},"categories":[14,1],"tags":[],"class_list":["post-116973","post","type-post","status-publish","format-standard","has-post-thumbnail","hentry","category-policiales","category-portada"],"jetpack_featured_media_url":"https:\/\/i0.wp.com\/cdnoticias.com\/wp-content\/uploads\/2024\/05\/WhatsApp-Image-2024-05-24-at-18.36.21.jpeg?fit=1600%2C753&ssl=1","jetpack_sharing_enabled":true,"_links":{"self":[{"href":"https:\/\/cdnoticias.com\/index.php\/wp-json\/wp\/v2\/posts\/116973","targetHints":{"allow":["GET"]}}],"collection":[{"href":"https:\/\/cdnoticias.com\/index.php\/wp-json\/wp\/v2\/posts"}],"about":[{"href":"https:\/\/cdnoticias.com\/index.php\/wp-json\/wp\/v2\/types\/post"}],"author":[{"embeddable":true,"href":"https:\/\/cdnoticias.com\/index.php\/wp-json\/wp\/v2\/users\/2"}],"replies":[{"embeddable":true,"href":"https:\/\/cdnoticias.com\/index.php\/wp-json\/wp\/v2\/comments?post=116973"}],"version-history":[{"count":0,"href":"https:\/\/cdnoticias.com\/index.php\/wp-json\/wp\/v2\/posts\/116973\/revisions"}],"wp:featuredmedia":[{"embeddable":true,"href":"https:\/\/cdnoticias.com\/index.php\/wp-json\/wp\/v2\/media\/116977"}],"wp:attachment":[{"href":"https:\/\/cdnoticias.com\/index.php\/wp-json\/wp\/v2\/media?parent=116973"}],"wp:term":[{"taxonomy":"category","embeddable":true,"href":"https:\/\/cdnoticias.com\/index.php\/wp-json\/wp\/v2\/categories?post=116973"},{"taxonomy":"post_tag","embeddable":true,"href":"https:\/\/cdnoticias.com\/index.php\/wp-json\/wp\/v2\/tags?post=116973"}],"curies":[{"name":"wp","href":"https:\/\/api.w.org\/{rel}","templated":true}]}}