{"id":116905,"date":"2024-05-24T11:17:08","date_gmt":"2024-05-24T14:17:08","guid":{"rendered":"https:\/\/cdnoticias.com\/?p=116905"},"modified":"2024-05-24T17:14:29","modified_gmt":"2024-05-24T20:14:29","slug":"dieron-en-olavarria-con-una-camioneta-denunciada-en-un-caso-de-estafa-en-la-pampa","status":"publish","type":"post","link":"https:\/\/cdnoticias.com\/index.php\/2024\/05\/24\/dieron-en-olavarria-con-una-camioneta-denunciada-en-un-caso-de-estafa-en-la-pampa\/","title":{"rendered":"Dieron en Olavarr\u00eda con una camioneta denunciada en un caso de estafa en La Pampa"},"content":{"rendered":"<p>El rodado, una Ford Ranger, hab\u00eda sido denunciado tambi\u00e9n en nuestra ciudad. Lo retuvieron en Celestino Mu\u00f1oz al 2900 y la conductora termin\u00f3 imputada.<!--more--><\/p>\n<hr \/>\n<p><strong>En Olavarr\u00eda<\/strong> fue hallado un <strong>veh\u00edculo denunciado<\/strong> en una causa penal por<strong> estafa<\/strong> que tramita en la <strong>justicia de La Pampa<\/strong> desde el mes pasado.<\/p>\n<p>Seg\u00fan se indic\u00f3, el <strong>Comando de Patrullas<\/strong> avist\u00f3 el mi\u00e9rcoles una <strong>camioneta pick-up, una Ford Ranger XLS 4&#215;2<\/strong> y procedi\u00f3 a <strong>interceptar a su conductora<\/strong>.<\/p>\n<p>Oficialmente se inform\u00f3 que el rodado<strong> hab\u00eda sido denunciado d\u00edas anteriores ya que \u201ccircular\u00eda por la zona en actitud sospechosa\u201d<\/strong>.<\/p>\n<blockquote><p>Al verificar los datos de la camioneta se estableci\u00f3 que ten\u00eda un pedido de secuestro emitido el 3 de abril de este a\u00f1o por la Polic\u00eda de La Pampa y el fiscal general de esa provincia, M\u00e1ximo Paulucci en la causa caratulada \u201cestafa leg 153516\u201d.<\/p><\/blockquote>\n<p>La <strong>conductora de la camioneta, una mujer de 34 a\u00f1os<\/strong>, fue acusada por <strong>\u201cencubrimiento\u201d<\/strong> y se dio intervenci\u00f3n a la Oficina Judicial 1 pampeana.<\/p>\n","protected":false},"excerpt":{"rendered":"<p>El rodado, una Ford Ranger, hab\u00eda sido denunciado tambi\u00e9n en nuestra ciudad. Lo retuvieron en Celestino Mu\u00f1oz al 2900 y<\/p>\n","protected":false},"author":4,"featured_media":116906,"comment_status":"closed","ping_status":"closed","sticky":false,"template":"","format":"standard","meta":{"_jetpack_memberships_contains_paid_content":false,"footnotes":""},"categories":[14,1],"tags":[],"class_list":["post-116905","post","type-post","status-publish","format-standard","has-post-thumbnail","hentry","category-policiales","category-portada"],"jetpack_featured_media_url":"https:\/\/i0.wp.com\/cdnoticias.com\/wp-content\/uploads\/2024\/05\/munoz-al-2900-a.jpg?fit=800%2C446&ssl=1","jetpack_sharing_enabled":true,"_links":{"self":[{"href":"https:\/\/cdnoticias.com\/index.php\/wp-json\/wp\/v2\/posts\/116905","targetHints":{"allow":["GET"]}}],"collection":[{"href":"https:\/\/cdnoticias.com\/index.php\/wp-json\/wp\/v2\/posts"}],"about":[{"href":"https:\/\/cdnoticias.com\/index.php\/wp-json\/wp\/v2\/types\/post"}],"author":[{"embeddable":true,"href":"https:\/\/cdnoticias.com\/index.php\/wp-json\/wp\/v2\/users\/4"}],"replies":[{"embeddable":true,"href":"https:\/\/cdnoticias.com\/index.php\/wp-json\/wp\/v2\/comments?post=116905"}],"version-history":[{"count":0,"href":"https:\/\/cdnoticias.com\/index.php\/wp-json\/wp\/v2\/posts\/116905\/revisions"}],"wp:featuredmedia":[{"embeddable":true,"href":"https:\/\/cdnoticias.com\/index.php\/wp-json\/wp\/v2\/media\/116906"}],"wp:attachment":[{"href":"https:\/\/cdnoticias.com\/index.php\/wp-json\/wp\/v2\/media?parent=116905"}],"wp:term":[{"taxonomy":"category","embeddable":true,"href":"https:\/\/cdnoticias.com\/index.php\/wp-json\/wp\/v2\/categories?post=116905"},{"taxonomy":"post_tag","embeddable":true,"href":"https:\/\/cdnoticias.com\/index.php\/wp-json\/wp\/v2\/tags?post=116905"}],"curies":[{"name":"wp","href":"https:\/\/api.w.org\/{rel}","templated":true}]}}