{"id":116896,"date":"2024-05-24T07:57:28","date_gmt":"2024-05-24T10:57:28","guid":{"rendered":"https:\/\/cdnoticias.com\/?p=116896"},"modified":"2024-05-24T07:57:30","modified_gmt":"2024-05-24T10:57:30","slug":"miguel-angel-caputo-q-e-p-d","status":"publish","type":"post","link":"https:\/\/cdnoticias.com\/index.php\/2024\/05\/24\/miguel-angel-caputo-q-e-p-d\/","title":{"rendered":"Miguel \u00c1ngel Caputo (Q.E.P.D.)"},"content":{"rendered":"\n<p>Falleci\u00f3 en Olavarr\u00eda el 23 de mayo de 2024 a los 70 a\u00f1os de edad. Su esposa Yrma Meza. Su hijo Julio Caputo. Sus hijos en el afecto Patricia, Anal\u00eda, Fabian, Marcos y Cristian C\u00e1ceres. Sus hijos pol\u00edticos Carolina Fern\u00e1ndez, Marisa G\u00f3ngora y Natalia Santiago. Sus nietos Valent\u00edn Caputo. Sus nietos en el afecto Santiago, Luisina, Mateo, Juan, Anita, Agust\u00edn, Alexis, Julieta, Paula, Emilia y Lua. Sus hermanos pol\u00edticos y dem\u00e1s deudos participan su fallecimiento.<\/p>\n\n\n\n<p><\/p>\n\n\n\n<p>Sus restos son velados en Espa\u00f1a 2942 departamento &#8220;B&#8221; y ser\u00e1n inhumados en el cementerio Loma de Paz este viernes a las 14:30, previo responso en la capilla ardiente. Servicio adherido a Coopelectric. Vecino de Barrio San Vicente. Nacido en Azul. Jubilado comerciante.<\/p>\n","protected":false},"excerpt":{"rendered":"<p>Falleci\u00f3 en Olavarr\u00eda el 23 de mayo de 2024 a los 70 a\u00f1os de edad. Su esposa Yrma Meza. Su<\/p>\n","protected":false},"author":2,"featured_media":0,"comment_status":"closed","ping_status":"closed","sticky":false,"template":"","format":"standard","meta":{"_jetpack_memberships_contains_paid_content":false,"footnotes":""},"categories":[10],"tags":[],"class_list":["post-116896","post","type-post","status-publish","format-standard","hentry","category-necrologicas"],"jetpack_featured_media_url":"","jetpack_sharing_enabled":true,"_links":{"self":[{"href":"https:\/\/cdnoticias.com\/index.php\/wp-json\/wp\/v2\/posts\/116896","targetHints":{"allow":["GET"]}}],"collection":[{"href":"https:\/\/cdnoticias.com\/index.php\/wp-json\/wp\/v2\/posts"}],"about":[{"href":"https:\/\/cdnoticias.com\/index.php\/wp-json\/wp\/v2\/types\/post"}],"author":[{"embeddable":true,"href":"https:\/\/cdnoticias.com\/index.php\/wp-json\/wp\/v2\/users\/2"}],"replies":[{"embeddable":true,"href":"https:\/\/cdnoticias.com\/index.php\/wp-json\/wp\/v2\/comments?post=116896"}],"version-history":[{"count":0,"href":"https:\/\/cdnoticias.com\/index.php\/wp-json\/wp\/v2\/posts\/116896\/revisions"}],"wp:attachment":[{"href":"https:\/\/cdnoticias.com\/index.php\/wp-json\/wp\/v2\/media?parent=116896"}],"wp:term":[{"taxonomy":"category","embeddable":true,"href":"https:\/\/cdnoticias.com\/index.php\/wp-json\/wp\/v2\/categories?post=116896"},{"taxonomy":"post_tag","embeddable":true,"href":"https:\/\/cdnoticias.com\/index.php\/wp-json\/wp\/v2\/tags?post=116896"}],"curies":[{"name":"wp","href":"https:\/\/api.w.org\/{rel}","templated":true}]}}