{"id":11688,"date":"2021-01-18T12:14:56","date_gmt":"2021-01-18T15:14:56","guid":{"rendered":"http:\/\/www.centraldenoticias.com.ar\/?p=11688"},"modified":"2021-01-18T12:14:56","modified_gmt":"2021-01-18T15:14:56","slug":"lidia-raquel-muller-calleri-viuda-de-rodriguez-lily-q-e-p-d","status":"publish","type":"post","link":"https:\/\/cdnoticias.com\/index.php\/2021\/01\/18\/lidia-raquel-muller-calleri-viuda-de-rodriguez-lily-q-e-p-d\/","title":{"rendered":"Lidia Raquel M\u00fcller Calleri viuda de Rodr\u00edguez &#8220;Lily&#8221; (Q.E.P.D.)"},"content":{"rendered":"<p>Falleci\u00f3 en Olavarr\u00eda el 16 de enero a los 86 a\u00f1os de edad. Su hermano Alberto Rub\u00e9n Muller; sus hermanos pol\u00edticos; sus sobrinos; sus sobrinos pol\u00edticos; sus sobrinos nietos y dem\u00e1s deudos participan su fallecimiento.<\/p>\n<p>&nbsp;<\/p>\n<p>Sus restos fueron inhumados en el Cementerio Loma de Paz el pasado domingo a las 9:30 horas. Nacida en L\u00edbano, vecina de barrio Hip\u00f3lito Yrigoyen, jubilada y pensionada.<\/p>\n<p>&nbsp;<\/p>\n","protected":false},"excerpt":{"rendered":"<p>Falleci\u00f3 en Olavarr\u00eda el 16 de enero a los 86 a\u00f1os de edad. Su hermano Alberto Rub\u00e9n Muller; sus hermanos<\/p>\n","protected":false},"author":2,"featured_media":0,"comment_status":"closed","ping_status":"closed","sticky":false,"template":"","format":"standard","meta":{"_jetpack_memberships_contains_paid_content":false,"footnotes":""},"categories":[10],"tags":[],"class_list":["post-11688","post","type-post","status-publish","format-standard","hentry","category-necrologicas"],"jetpack_featured_media_url":"","jetpack_sharing_enabled":true,"_links":{"self":[{"href":"https:\/\/cdnoticias.com\/index.php\/wp-json\/wp\/v2\/posts\/11688","targetHints":{"allow":["GET"]}}],"collection":[{"href":"https:\/\/cdnoticias.com\/index.php\/wp-json\/wp\/v2\/posts"}],"about":[{"href":"https:\/\/cdnoticias.com\/index.php\/wp-json\/wp\/v2\/types\/post"}],"author":[{"embeddable":true,"href":"https:\/\/cdnoticias.com\/index.php\/wp-json\/wp\/v2\/users\/2"}],"replies":[{"embeddable":true,"href":"https:\/\/cdnoticias.com\/index.php\/wp-json\/wp\/v2\/comments?post=11688"}],"version-history":[{"count":0,"href":"https:\/\/cdnoticias.com\/index.php\/wp-json\/wp\/v2\/posts\/11688\/revisions"}],"wp:attachment":[{"href":"https:\/\/cdnoticias.com\/index.php\/wp-json\/wp\/v2\/media?parent=11688"}],"wp:term":[{"taxonomy":"category","embeddable":true,"href":"https:\/\/cdnoticias.com\/index.php\/wp-json\/wp\/v2\/categories?post=11688"},{"taxonomy":"post_tag","embeddable":true,"href":"https:\/\/cdnoticias.com\/index.php\/wp-json\/wp\/v2\/tags?post=11688"}],"curies":[{"name":"wp","href":"https:\/\/api.w.org\/{rel}","templated":true}]}}