{"id":116854,"date":"2024-05-23T19:50:03","date_gmt":"2024-05-23T22:50:03","guid":{"rendered":"https:\/\/cdnoticias.com\/?p=116854"},"modified":"2024-05-23T19:50:05","modified_gmt":"2024-05-23T22:50:05","slug":"el-intendente-de-general-pinto-sufrio-un-grave-accidente-y-fue-trasladado-a-caba","status":"publish","type":"post","link":"https:\/\/cdnoticias.com\/index.php\/2024\/05\/23\/el-intendente-de-general-pinto-sufrio-un-grave-accidente-y-fue-trasladado-a-caba\/","title":{"rendered":"El intendente de General Pinto sufri\u00f3 un grave accidente y fue trasladado a CABA"},"content":{"rendered":"\n<p>Alfredo Zavatarelli fue trasladado del Hospital Municipal de Lincoln donde estaba en coma en terapia intensiva, al Italiano de CABA. Anoche sufri\u00f3 heridas muy graves en un choque.<\/p>\n\n\n\n<hr class=\"wp-block-separator aligncenter has-alpha-channel-opacity\"\/>\n\n\n\n<p>El <strong>intendente<\/strong> de la localidad bonaerense de General Pinto,<strong> Alfredo \u201cFreddy\u201d Zavatarelli (UxP)<\/strong>, <strong>fue trasladado por v\u00eda a\u00e9rea desde el Hospital Municipal de Lincoln al Italiano de CABA<\/strong> tras quedar <strong>internado en grave estado<\/strong> luego de protagonizar un <strong>choque en la ruta nacional 188.<\/strong><\/p>\n\n\n\n<p><\/p>\n\n\n\n<p>El \u00faltimo parte del Hospital \u201cRub\u00e9n Miravalle\u201d indic\u00f3 que Zavatarelli <strong>permanece en \u201ccoma farmacol\u00f3gico inducido\u201d <\/strong>debido a la gravedad de las lesiones que sufri\u00f3, que incluyeron \u201c<strong>trauma de cr\u00e1neo leve, trauma de t\u00f3rax cerrado con m\u00faltiples fracturas costales y contusi\u00f3n pulmonar\u201d.<\/strong><\/p>\n\n\n\n<p><\/p>\n\n\n\n<p>En ese parte, el nosocomio hab\u00eda comunicado que el intendente hab\u00eda sido trasladado al Hospital Italiano de la Ciudad Aut\u00f3noma <strong>\u201cdada la complejidad propia de su patolog\u00eda\u201d <\/strong>que complicaba la atenci\u00f3n en Lincoln.<\/p>\n\n\n\n<p><\/p>\n\n\n\n<figure class=\"wp-block-image aligncenter size-full\"><img data-recalc-dims=\"1\" loading=\"lazy\" decoding=\"async\" width=\"800\" height=\"460\" src=\"https:\/\/i0.wp.com\/cdnoticias.com\/wp-content\/uploads\/2024\/05\/indentendete-choque-pinto.png?resize=800%2C460&#038;ssl=1\" alt=\"\" class=\"wp-image-116855\" srcset=\"https:\/\/i0.wp.com\/cdnoticias.com\/wp-content\/uploads\/2024\/05\/indentendete-choque-pinto.png?w=900&amp;ssl=1 900w, https:\/\/i0.wp.com\/cdnoticias.com\/wp-content\/uploads\/2024\/05\/indentendete-choque-pinto.png?resize=300%2C172&amp;ssl=1 300w, https:\/\/i0.wp.com\/cdnoticias.com\/wp-content\/uploads\/2024\/05\/indentendete-choque-pinto.png?resize=768%2C441&amp;ssl=1 768w\" sizes=\"auto, (max-width: 800px) 100vw, 800px\" \/><\/figure>\n\n\n\n<p><\/p>\n\n\n\n<p>Zavatarelli <strong>impact\u00f3 desde atr\u00e1s contra un cami\u00f3n <\/strong>este mi\u00e9rcoles por la noche a bordo de su camioneta Amarok. El impacto se produjo en el kil\u00f3metro 235 de la Ruta Nacional 188, en el llamado cruce de Balsa, cerca de una planta de granos.<\/p>\n\n\n\n<p><\/p>\n\n\n\n<p>Los motivos de choque son materia de investigaci\u00f3n. Una primera versi\u00f3n hizo foco en la posibilidad de que Zavatarelli, que viajaba solo, se haya quedado dormido. Otras, consultadas por esta agencia, hablan de una irrupci\u00f3n del cami\u00f3n de modo imprudente sobre la calzada. <strong>El conductor del cami\u00f3n que transportaba cereales, oriundo de Chavas (Santa Fe) result\u00f3 ileso.<\/strong><\/p>\n\n\n\n<p><\/p>\n\n\n\n<p>Zavatarelli fue reelegido en octubre del a\u00f1o pasado a otros cuatro a\u00f1os m\u00e1s frente a la intendencia de General Pinto por el partido Uni\u00f3n por la Patria.<\/p>\n\n\n\n<p><\/p>\n\n\n\n<p><em>Fuente: DIB<\/em><\/p>\n","protected":false},"excerpt":{"rendered":"<p>Alfredo Zavatarelli fue trasladado del Hospital Municipal de Lincoln donde estaba en coma en terapia intensiva, al Italiano de CABA.<\/p>\n","protected":false},"author":6,"featured_media":116856,"comment_status":"closed","ping_status":"closed","sticky":false,"template":"","format":"standard","meta":{"_jetpack_memberships_contains_paid_content":false,"footnotes":""},"categories":[14,1],"tags":[],"class_list":["post-116854","post","type-post","status-publish","format-standard","has-post-thumbnail","hentry","category-policiales","category-portada"],"jetpack_featured_media_url":"https:\/\/i0.wp.com\/cdnoticias.com\/wp-content\/uploads\/2024\/05\/intendente-choque.pinto_.jpeg?fit=720%2C401&ssl=1","jetpack_sharing_enabled":true,"_links":{"self":[{"href":"https:\/\/cdnoticias.com\/index.php\/wp-json\/wp\/v2\/posts\/116854","targetHints":{"allow":["GET"]}}],"collection":[{"href":"https:\/\/cdnoticias.com\/index.php\/wp-json\/wp\/v2\/posts"}],"about":[{"href":"https:\/\/cdnoticias.com\/index.php\/wp-json\/wp\/v2\/types\/post"}],"author":[{"embeddable":true,"href":"https:\/\/cdnoticias.com\/index.php\/wp-json\/wp\/v2\/users\/6"}],"replies":[{"embeddable":true,"href":"https:\/\/cdnoticias.com\/index.php\/wp-json\/wp\/v2\/comments?post=116854"}],"version-history":[{"count":0,"href":"https:\/\/cdnoticias.com\/index.php\/wp-json\/wp\/v2\/posts\/116854\/revisions"}],"wp:featuredmedia":[{"embeddable":true,"href":"https:\/\/cdnoticias.com\/index.php\/wp-json\/wp\/v2\/media\/116856"}],"wp:attachment":[{"href":"https:\/\/cdnoticias.com\/index.php\/wp-json\/wp\/v2\/media?parent=116854"}],"wp:term":[{"taxonomy":"category","embeddable":true,"href":"https:\/\/cdnoticias.com\/index.php\/wp-json\/wp\/v2\/categories?post=116854"},{"taxonomy":"post_tag","embeddable":true,"href":"https:\/\/cdnoticias.com\/index.php\/wp-json\/wp\/v2\/tags?post=116854"}],"curies":[{"name":"wp","href":"https:\/\/api.w.org\/{rel}","templated":true}]}}