{"id":116849,"date":"2024-05-23T17:41:25","date_gmt":"2024-05-23T20:41:25","guid":{"rendered":"https:\/\/cdnoticias.com\/?p=116849"},"modified":"2024-05-23T18:46:00","modified_gmt":"2024-05-23T21:46:00","slug":"desde-ahora-los-tramites-de-habilitacion-se-realizaran-integramente-en-olavarria","status":"publish","type":"post","link":"https:\/\/cdnoticias.com\/index.php\/2024\/05\/23\/desde-ahora-los-tramites-de-habilitacion-se-realizaran-integramente-en-olavarria\/","title":{"rendered":"Desde ahora, los tr\u00e1mites de habilitaci\u00f3n se realizar\u00e1n \u00edntegramente en Olavarr\u00eda \u00a0\u00a0\u00a0\u00a0\u00a0\u00a0\u00a0\u00a0"},"content":{"rendered":"\n<p>No habr\u00e1 que viajar m\u00e1s a Azul, dado que Bomberos de la vecina ciudad atender\u00e1n en la Direcci\u00f3n de Habilitaciones local. La novedad fue confirmada por el Intendente Wesner. \u00a0\u00a0\u00a0\u00a0<\/p>\n\n\n\n<hr class=\"wp-block-separator aligncenter has-alpha-channel-opacity\"\/>\n\n\n\n<p>Este jueves, <strong>el Municipio de Olavarr\u00eda inform\u00f3 que, a partir de gestiones realizadas por el intendente Maximiliano Wesner ante el Ministerio de Seguridad Bonaerense, Bomberos de Azul atender\u00e1 en Olavarr\u00eda para tr\u00e1mites de habilitaciones, ya sea de comercios, oficinas o establecimientos, como as\u00ed tambi\u00e9n de eventos<\/strong>, enmarcado todo en el Decreto Provincial 12\/05. Es decir, <strong>no se deber\u00e1 viajar m\u00e1s a Azul por temas de habilitaci\u00f3n.<\/strong><\/p>\n\n\n\n<blockquote class=\"wp-block-quote is-layout-flow wp-block-quote-is-layout-flow\">\n<p>El servicio se iniciar\u00e1 a partir del pr\u00f3ximo mi\u00e9rcoles 29 de mayo, en la oficina de la Direcci\u00f3n de Habilitaciones, ubicada en el Palacio Belgrano, de Belgrano 2784.<\/p>\n<\/blockquote>\n\n\n\n<p>La atenci\u00f3n de <strong>profesionales de Bomberos de Azul ser\u00e1 \u00fanicamente los d\u00edas mi\u00e9rcoles, en el horario de 08:00 a 12:00 horas y podr\u00e1n tramitar tanto el asesoramiento como la certificaci\u00f3n final, requisito ineludible precisamente para acceder a la habilitaci\u00f3n.<\/strong><\/p>\n\n\n\n<p>De manera paralela, el Municipio de Olavarr\u00eda recuerda que, en Gobierno Abierto de la p\u00e1gina oficial, en la secci\u00f3n <strong>\u201cTr\u00e1mites y Servicios\u201d, se puede acceder a toda la informaci\u00f3n del \u00e1rea, como por ejemplo documentaci\u00f3n a presentar, pasos a seguir, obligaciones econ\u00f3micas, legislaci\u00f3n y m\u00e1s informaci\u00f3n pertinente.<\/strong><\/p>\n\n\n\n<figure class=\"wp-block-embed is-type-wp-embed is-provider-gobierno-abierto wp-block-embed-gobierno-abierto\"><div class=\"wp-block-embed__wrapper\">\n<blockquote class=\"wp-embedded-content\" data-secret=\"tz3Euxc5tf\"><a href=\"https:\/\/gobiernoabierto.olavarria.gov.ar\/tramites-y-servicios\/\">Tr\u00e1mites y Servicios<\/a><\/blockquote><iframe loading=\"lazy\" class=\"wp-embedded-content\" sandbox=\"allow-scripts\" security=\"restricted\" style=\"position: absolute; clip: rect(1px, 1px, 1px, 1px);\" title=\"&#8220;Tr\u00e1mites y Servicios&#8221; &#8212; Gobierno Abierto\" src=\"https:\/\/gobiernoabierto.olavarria.gov.ar\/tramites-y-servicios\/embed\/#?secret=IdJc223340#?secret=tz3Euxc5tf\" data-secret=\"tz3Euxc5tf\" width=\"600\" height=\"338\" frameborder=\"0\" marginwidth=\"0\" marginheight=\"0\" scrolling=\"no\"><\/iframe>\n<\/div><\/figure>\n\n\n\n<p>Por consultas e inquietudes dirigirse a la <strong>oficina de la Direcci\u00f3n de Habilitaciones, ubicada en el Palacio Belgrano (Belgrano 2784) de lunes a viernes, en el horario de 7 a 13 horas. <\/strong>Tambi\u00e9n se lo puede hacer telef\u00f3nicamente al 2284 440442 (interno 1027), WhatsApp 2284 616995 o correo electr\u00f3nico a habilitaciones@olavarria.gov.ar.<\/p>\n","protected":false},"excerpt":{"rendered":"<p>No habr\u00e1 que viajar m\u00e1s a Azul, dado que Bomberos de la vecina ciudad atender\u00e1n en la Direcci\u00f3n de Habilitaciones<\/p>\n","protected":false},"author":2,"featured_media":111455,"comment_status":"closed","ping_status":"closed","sticky":false,"template":"","format":"standard","meta":{"_jetpack_memberships_contains_paid_content":false,"footnotes":""},"categories":[5,1],"tags":[],"class_list":["post-116849","post","type-post","status-publish","format-standard","has-post-thumbnail","hentry","category-informacion-general","category-portada"],"jetpack_featured_media_url":"https:\/\/i0.wp.com\/cdnoticias.com\/wp-content\/uploads\/2024\/03\/wesner-firma-decreto.jpg?fit=800%2C445&ssl=1","jetpack_sharing_enabled":true,"_links":{"self":[{"href":"https:\/\/cdnoticias.com\/index.php\/wp-json\/wp\/v2\/posts\/116849","targetHints":{"allow":["GET"]}}],"collection":[{"href":"https:\/\/cdnoticias.com\/index.php\/wp-json\/wp\/v2\/posts"}],"about":[{"href":"https:\/\/cdnoticias.com\/index.php\/wp-json\/wp\/v2\/types\/post"}],"author":[{"embeddable":true,"href":"https:\/\/cdnoticias.com\/index.php\/wp-json\/wp\/v2\/users\/2"}],"replies":[{"embeddable":true,"href":"https:\/\/cdnoticias.com\/index.php\/wp-json\/wp\/v2\/comments?post=116849"}],"version-history":[{"count":0,"href":"https:\/\/cdnoticias.com\/index.php\/wp-json\/wp\/v2\/posts\/116849\/revisions"}],"wp:featuredmedia":[{"embeddable":true,"href":"https:\/\/cdnoticias.com\/index.php\/wp-json\/wp\/v2\/media\/111455"}],"wp:attachment":[{"href":"https:\/\/cdnoticias.com\/index.php\/wp-json\/wp\/v2\/media?parent=116849"}],"wp:term":[{"taxonomy":"category","embeddable":true,"href":"https:\/\/cdnoticias.com\/index.php\/wp-json\/wp\/v2\/categories?post=116849"},{"taxonomy":"post_tag","embeddable":true,"href":"https:\/\/cdnoticias.com\/index.php\/wp-json\/wp\/v2\/tags?post=116849"}],"curies":[{"name":"wp","href":"https:\/\/api.w.org\/{rel}","templated":true}]}}