{"id":116834,"date":"2024-05-23T14:42:27","date_gmt":"2024-05-23T17:42:27","guid":{"rendered":"https:\/\/cdnoticias.com\/?p=116834"},"modified":"2024-05-23T18:30:53","modified_gmt":"2024-05-23T21:30:53","slug":"hcd-se-aprobo-por-mayoria-la-rendicion-de-cuentas-2023","status":"publish","type":"post","link":"https:\/\/cdnoticias.com\/index.php\/2024\/05\/23\/hcd-se-aprobo-por-mayoria-la-rendicion-de-cuentas-2023\/","title":{"rendered":"HCD: Se aprob\u00f3 por mayor\u00eda la Rendici\u00f3n de Cuentas 2023"},"content":{"rendered":"<p>Juntos y UCR levantaron las manos para la aprobaci\u00f3n. Al cierre de la votaci\u00f3n habl\u00f3 Guillermina Amespil (Juntos): \u201cNunca la obra p\u00fablica va a ser un costo\u201d.<!--more--><\/p>\n<hr \/>\n<p>Tras la exposici\u00f3n de todas las bancadas, <strong>qued\u00f3 aprobada la Rendici\u00f3n de Cuentas 2023 en el Concejo Deliberante de Olavarr\u00eda<\/strong>.<\/p>\n<blockquote><p>La votaci\u00f3n se dio por mayor\u00eda con los votos positivos de los bloques Juntos y UCR, mientras que Ahora Olavarr\u00eda vot\u00f3 en contra. La bancada de Uni\u00f3n por la Patria se abstuvo de votar.<\/p><\/blockquote>\n<p>Se aprob\u00f3 as\u00ed la <strong>ordenanza 5.371\/24<\/strong> sobre la gesti\u00f3n del \u00faltimo a\u00f1o de mandato de Ezequiel Galli.<\/p>\n<p>Al cierre de la votaci\u00f3n<strong> la presidenta del bloque Juntos, Guillermina Amespil<\/strong>, brind\u00f3 un discurso en el que expres\u00f3 un balance de la salida de la gesti\u00f3n local despu\u00e9s de dos mandatos.<strong> \u201cEs muy valioso que las ocho Rendiciones de Cuentas hayan sido aprobadas\u201d<\/strong> destac\u00f3.<\/p>\n<p><img data-recalc-dims=\"1\" loading=\"lazy\" decoding=\"async\" class=\"size-full wp-image-116835 aligncenter\" src=\"https:\/\/i0.wp.com\/cdnoticias.com\/wp-content\/uploads\/2024\/05\/HCD-guillermina-amespil.jpg?resize=800%2C445&#038;ssl=1\" alt=\"\" width=\"800\" height=\"445\" srcset=\"https:\/\/i0.wp.com\/cdnoticias.com\/wp-content\/uploads\/2024\/05\/HCD-guillermina-amespil.jpg?w=1000&amp;ssl=1 1000w, https:\/\/i0.wp.com\/cdnoticias.com\/wp-content\/uploads\/2024\/05\/HCD-guillermina-amespil.jpg?resize=300%2C167&amp;ssl=1 300w, https:\/\/i0.wp.com\/cdnoticias.com\/wp-content\/uploads\/2024\/05\/HCD-guillermina-amespil.jpg?resize=768%2C427&amp;ssl=1 768w, https:\/\/i0.wp.com\/cdnoticias.com\/wp-content\/uploads\/2024\/05\/HCD-guillermina-amespil.jpg?resize=800%2C445&amp;ssl=1 800w\" sizes=\"auto, (max-width: 800px) 100vw, 800px\" \/><\/p>\n<p><strong>\u201cEs la \u00faltima rendici\u00f3n de ocho de nuestra gesti\u00f3n. Todas fueron aprobadas por este Honorable Concejo Deliberante<\/strong> en los sucesivos per\u00edodos, lo cual es una tranquilidad no solo para quienes formamos parte del equipo, sino tambi\u00e9n para los olavarrienses. Significa que las cuentas se rinden, que se explican\u201d sostuvo.<\/p>\n<blockquote><p>Asimismo dese\u00f3 que \u201cesta discusi\u00f3n de la obra p\u00fablica no prospere demasiado. Nunca la obra p\u00fablica va a ser un costo, siempre es una inversi\u00f3n. Es el Estado el que tiene que hacerlo, porque no se mide en rentabilidad, se mide en calidad de vida. No consideramos que haya sido siquiera un error la inversi\u00f3n en bienes de capital del a\u00f1o pasado, m\u00e1s de 3000 millones de pesos, lo volver\u00edamos a hacer. En este contexto hay que sostener la obra p\u00fablica, porque dinamiza la econom\u00eda, porque se la necesita. Olavarr\u00eda siempre se caracteriz\u00f3 por eso. Son m\u00e1s de 1100 obras las que dejamos para los olavarrienses, nos enorgullece. Han cambiado vidas y seguir\u00e1n cambi\u00e1ndolas\u201d.<\/p><\/blockquote>\n<p>Por otra parte remarc\u00f3 que <strong>\u201cdejamos un transporte p\u00fablico renovado<\/strong>, en funcionamiento, un servicio esencial que modernizamos. Un cambio hist\u00f3rico que llevamos adelante junto con la Facultad de Ingenier\u00eda, con quienes repensamos los recorridos, tanto del urbano como del interurbano. Porque Olavarr\u00eda creci\u00f3, modific\u00f3 sus conductas y hay que acompa\u00f1ar al usuario\u201d.<\/p>\n<blockquote class=\"wp-embedded-content\" data-secret=\"VIAZ0ipvmB\"><p><a href=\"https:\/\/cdnoticias.com\/index.php\/2024\/05\/23\/rendicion-de-cuentas-2023-el-funcionamiento-regular-de-la-municipalidad-fue-superavitario\/\">Rendici\u00f3n de Cuentas 2023: \u201cEl funcionamiento regular de la Municipalidad fue superavitario\u201d<\/a><\/p><\/blockquote>\n<p><iframe loading=\"lazy\" class=\"wp-embedded-content\" sandbox=\"allow-scripts\" security=\"restricted\" style=\"position: absolute; clip: rect(1px, 1px, 1px, 1px);\" title=\"&#8220;Rendici\u00f3n de Cuentas 2023: \u201cEl funcionamiento regular de la Municipalidad fue superavitario\u201d&#8221; &#8212; Central de Noticias | Olavarr\u00eda\" src=\"https:\/\/cdnoticias.com\/index.php\/2024\/05\/23\/rendicion-de-cuentas-2023-el-funcionamiento-regular-de-la-municipalidad-fue-superavitario\/embed\/#?secret=AAh5gVwIo9#?secret=VIAZ0ipvmB\" data-secret=\"VIAZ0ipvmB\" width=\"600\" height=\"338\" frameborder=\"0\" marginwidth=\"0\" marginheight=\"0\" scrolling=\"no\"><\/iframe><\/p>\n<p><strong>\u201cDejamos un Sistema de Salud P\u00fablico con 390 profesionales de m\u00e1s de 42 especialidades.<\/strong> Ese sistema de salud p\u00fablico que hoy sostiene a Olavarr\u00eda y a innumerable cantidad de vecinos olavarrienses y de la regi\u00f3n. <strong>Hay que cuidarlo. Cuesta, pero tampoco es un costo. Es lo que hay que hacer<\/strong> y el Estado tiene que garantizarlo. El Estado Municipal tiene que hacerlo. Sabemos lo que cuesta, pero vale cada peso porque se trata de la salud. Y sin salud no tenemos nada\u201d, agreg\u00f3.<\/p>\n<p>En este sentido tambi\u00e9n dijo que<strong> \u201cacompa\u00f1amos a la educaci\u00f3n desde el lugar que le toca a un Municipio, creo que con un plan de renovaci\u00f3n hist\u00f3rico.<\/strong> M\u00e1s de<strong> 80 escuelas y jardines intervenidos, reconstru\u00eddos, edificios nuevos<\/strong>. Esa educaci\u00f3n p\u00fablica y de calidad est\u00e1 garantizada en Olavarr\u00eda, para los chicos y para quienes la sostienen y hacen a la educaci\u00f3n olavarriense. Obras que quedan y ojal\u00e1 sigan, porque hay m\u00e1s por hacer\u201d.<\/p>\n<p>\u201cDejamos un Gobierno Municipal con <strong>perspectiva ambiental<\/strong>, con programas ambientales que llevan m\u00e1s de 20 a\u00f1os en algunos casos, que ojal\u00e1 sigan. <strong>Olavarr\u00eda es ejemplo en cuestiones ambientales.<\/strong> Hay h\u00e1bitos que hemos sabido incorporar a lo largo de los a\u00f1os y que las generaciones que vienen directamente exigen. La incorporaci\u00f3n de GIRO gener\u00f3 un gran cambio en la conducta de los olavarrienses frente al tratamiento de la basura, ojal\u00e1 siga. <strong>Son pol\u00edticas que llegaron para quedarse, deben sostenerse porque generan siempre una Olavarr\u00eda mejor\u201d<\/strong>, manifest\u00f3.<\/p>\n<blockquote class=\"wp-embedded-content\" data-secret=\"tFeDehLgId\"><p><a href=\"https:\/\/cdnoticias.com\/index.php\/2024\/05\/23\/rendicion-de-cuentas-2023-el-bloque-libertario-adelanto-el-voto-en-contra\/\">Rendici\u00f3n de Cuentas 2023: el bloque libertario adelant\u00f3 el voto en contra<\/a><\/p><\/blockquote>\n<p><iframe loading=\"lazy\" class=\"wp-embedded-content\" sandbox=\"allow-scripts\" security=\"restricted\" style=\"position: absolute; clip: rect(1px, 1px, 1px, 1px);\" title=\"&#8220;Rendici\u00f3n de Cuentas 2023: el bloque libertario adelant\u00f3 el voto en contra&#8221; &#8212; Central de Noticias | Olavarr\u00eda\" src=\"https:\/\/cdnoticias.com\/index.php\/2024\/05\/23\/rendicion-de-cuentas-2023-el-bloque-libertario-adelanto-el-voto-en-contra\/embed\/#?secret=ibBNZ21ylT#?secret=tFeDehLgId\" data-secret=\"tFeDehLgId\" width=\"600\" height=\"338\" frameborder=\"0\" marginwidth=\"0\" marginheight=\"0\" scrolling=\"no\"><\/iframe><\/p>\n<p>Amespil sostuvo que <strong>\u201ctrabajamos por un Municipio con perspectiva de g\u00e9nero.<\/strong> M\u00e1s del 75% del personal est\u00e1 capacitado en materia de g\u00e9nero. Es un n\u00famero hist\u00f3rico. En 2016 incorporamos la Direcci\u00f3n de Pol\u00edticas de G\u00e9nero al organigrama y desde entonces forma parte de la estructura municipal. Son \u00e1reas que la Argentina exige que se trabajen en todos los niveles del Estado, todos los d\u00edas, se refuerce y que nunca se pierda de vista, porque en definitiva son esas mismas las que los vecinos exigen y merecen tener\u201d.<\/p>\n<blockquote><p>En este punto argument\u00f3 que \u201cnuestra responsabilidad es darle al vecino lo que el vecino tiene que tener, lo que le corresponde por derecho. Hay que garantizar las oportunidades, la calidad de vida. Hay que hacer todo lo imposible. y si eso implica presentar un d\u00e9ficit, seguramente se van a encontrar los motivos. Es el Estado el que tiene que poner el cuerpo, antes que el ciudadano, el Estado siempre tiene que aguantar el embate. No nos apartamos ni un metro de nuestra gesti\u00f3n\u201d.<\/p><\/blockquote>\n<p>En el final, la concejal sostuvo que <strong>\u201cel acceso a la informaci\u00f3n p\u00fablica fue un cambio hist\u00f3rico de Olavarr\u00eda<\/strong>, se abri\u00f3 un 100% la informaci\u00f3n municipal. El Estado debe garantizar el acceso a la informaci\u00f3n. Son pol\u00edticas que llegan para quedarse y har\u00e1n de Olavarr\u00eda algo mucho mejor\u201d.<\/p>\n<p>\u201cLa historia de Olavarr\u00eda sigue. <strong>Escribimos este cap\u00edtulo. Fue un honor y un gran orgullo haber trabajado al servicio de los olavarrienses.<\/strong> Lo hicimos con mucha dedicaci\u00f3n, orgullo, trabajo y siempre haciendo lo mejor por Olavarr\u00eda\u201d, concluy\u00f3.<\/p>\n<blockquote class=\"wp-embedded-content\" data-secret=\"sBGAHk1XEa\"><p><a href=\"https:\/\/cdnoticias.com\/index.php\/2024\/05\/23\/rendicion-de-cuentas-2023-sin-objeciones-tecnicas-union-por-la-patria-pidio-la-abstencion\/\">Rendici\u00f3n de Cuentas 2023: Sin \u201cobjeciones t\u00e9cnicas\u201d, Uni\u00f3n por la Patria pidi\u00f3 la abstenci\u00f3n<\/a><\/p><\/blockquote>\n<p><iframe loading=\"lazy\" class=\"wp-embedded-content\" sandbox=\"allow-scripts\" security=\"restricted\" style=\"position: absolute; clip: rect(1px, 1px, 1px, 1px);\" title=\"&#8220;Rendici\u00f3n de Cuentas 2023: Sin \u201cobjeciones t\u00e9cnicas\u201d, Uni\u00f3n por la Patria pidi\u00f3 la abstenci\u00f3n&#8221; &#8212; Central de Noticias | Olavarr\u00eda\" src=\"https:\/\/cdnoticias.com\/index.php\/2024\/05\/23\/rendicion-de-cuentas-2023-sin-objeciones-tecnicas-union-por-la-patria-pidio-la-abstencion\/embed\/#?secret=mog7PfqDSd#?secret=sBGAHk1XEa\" data-secret=\"sBGAHk1XEa\" width=\"600\" height=\"338\" frameborder=\"0\" marginwidth=\"0\" marginheight=\"0\" scrolling=\"no\"><\/iframe><\/p>\n","protected":false},"excerpt":{"rendered":"<p>Juntos y UCR levantaron las manos para la aprobaci\u00f3n. Al cierre de la votaci\u00f3n habl\u00f3 Guillermina Amespil (Juntos): \u201cNunca la<\/p>\n","protected":false},"author":4,"featured_media":116836,"comment_status":"closed","ping_status":"closed","sticky":false,"template":"","format":"standard","meta":{"_jetpack_memberships_contains_paid_content":false,"footnotes":""},"categories":[4,1],"tags":[],"class_list":["post-116834","post","type-post","status-publish","format-standard","has-post-thumbnail","hentry","category-politica","category-portada"],"jetpack_featured_media_url":"https:\/\/i0.wp.com\/cdnoticias.com\/wp-content\/uploads\/2024\/05\/HCD-votacion-RC-00.jpg?fit=1000%2C563&ssl=1","jetpack_sharing_enabled":true,"_links":{"self":[{"href":"https:\/\/cdnoticias.com\/index.php\/wp-json\/wp\/v2\/posts\/116834","targetHints":{"allow":["GET"]}}],"collection":[{"href":"https:\/\/cdnoticias.com\/index.php\/wp-json\/wp\/v2\/posts"}],"about":[{"href":"https:\/\/cdnoticias.com\/index.php\/wp-json\/wp\/v2\/types\/post"}],"author":[{"embeddable":true,"href":"https:\/\/cdnoticias.com\/index.php\/wp-json\/wp\/v2\/users\/4"}],"replies":[{"embeddable":true,"href":"https:\/\/cdnoticias.com\/index.php\/wp-json\/wp\/v2\/comments?post=116834"}],"version-history":[{"count":0,"href":"https:\/\/cdnoticias.com\/index.php\/wp-json\/wp\/v2\/posts\/116834\/revisions"}],"wp:featuredmedia":[{"embeddable":true,"href":"https:\/\/cdnoticias.com\/index.php\/wp-json\/wp\/v2\/media\/116836"}],"wp:attachment":[{"href":"https:\/\/cdnoticias.com\/index.php\/wp-json\/wp\/v2\/media?parent=116834"}],"wp:term":[{"taxonomy":"category","embeddable":true,"href":"https:\/\/cdnoticias.com\/index.php\/wp-json\/wp\/v2\/categories?post=116834"},{"taxonomy":"post_tag","embeddable":true,"href":"https:\/\/cdnoticias.com\/index.php\/wp-json\/wp\/v2\/tags?post=116834"}],"curies":[{"name":"wp","href":"https:\/\/api.w.org\/{rel}","templated":true}]}}