{"id":116817,"date":"2024-05-23T12:47:02","date_gmt":"2024-05-23T15:47:02","guid":{"rendered":"https:\/\/cdnoticias.com\/?p=116817"},"modified":"2024-05-23T14:43:11","modified_gmt":"2024-05-23T17:43:11","slug":"rendicion-de-cuentas-2023-el-bloque-libertario-adelanto-el-voto-en-contra","status":"publish","type":"post","link":"https:\/\/cdnoticias.com\/index.php\/2024\/05\/23\/rendicion-de-cuentas-2023-el-bloque-libertario-adelanto-el-voto-en-contra\/","title":{"rendered":"Rendici\u00f3n de Cuentas 2023: el bloque libertario adelant\u00f3 el voto en contra"},"content":{"rendered":"<p>La bancada de Ahora Olavarr\u00eda expres\u00f3 el rechazo a trav\u00e9s de sus cuatro integrantes, aunque centr\u00f3 las cr\u00edticas en el accionar del intendente Wesner y en el voto a favor de la bancada de Uni\u00f3n por la Patria.<!--more--><\/p>\n<hr \/>\n<p><a href=\"https:\/\/cdnoticias.com\/index.php\/2024\/05\/23\/rendicion-de-cuentas-2023-el-funcionamiento-regular-de-la-municipalidad-fue-superavitario\/\" target=\"_blank\" rel=\"noopener\">El tratamiento de la <strong>Rendici\u00f3n de Cuentas 2023<\/strong> en el Concejo Deliberante<\/a> tuvo las <strong>expresiones de todos los concejales que componen la bancada de Ahora Olavarr\u00eda<\/strong>. El presidente del bloque,<strong> Oliver Gamondi, adelant\u00f3 el voto negativo<\/strong> y perfil\u00f3 una postura que repitieron sus compa\u00f1eros: <strong>sus cr\u00edticas apuntaron al actual oficialismo.<\/strong><\/p>\n<p><strong>\u201cLa rendici\u00f3n pasada, tan cuestionada por nuestro espacio pol\u00edtico como as\u00ed por el espacio pol\u00edtico que hoy preside el Ejecutivo<\/strong>. No solo cuestionada, pesa sobre ella <strong>una denuncia por malversaci\u00f3n de fondos p\u00fablicos\u201d<\/strong> dijo Gamondi. Se\u00f1al\u00f3 el resultado del balance financiero, de 2400 millones de pesos en negativo, y la cifra que expres\u00f3 Maximiliano Wesner en el acto de apertura de sesiones, de 4.000 millones en d\u00e9ficit, <strong>\u201cllama la atenci\u00f3n la diferencia de 2000 millones. \u00bfEl intendente estaba exagerando la cifra y faltando a la verdad?\u201d<\/strong> dijo para cuestionar que <a href=\"https:\/\/cdnoticias.com\/index.php\/2024\/05\/17\/la-secretaria-de-economia-no-ira-al-hcd-a-defender-la-rendicion-de-cuentas\/\" target=\"_blank\" rel=\"noopener\">no se present\u00f3 la secretaria de Hacienda, Eugenia Bezzoni, a la citaci\u00f3n<\/a> de las comisiones ya que \u201cesa y otras dudas nuestro bloque quer\u00eda aclarar en el trabajo en comisiones. Lamentablemente no se pudo\u201d.<\/p>\n<p>Hizo hincapi\u00e9 en que <strong>Wesner mantuvo \u201cel mismo equipo econ\u00f3mico de la gesti\u00f3n anterior\u201d despu\u00e9s de que \u201cla actual gesti\u00f3n critico en duros t\u00e9rminos a la anterior\u201d<\/strong>.<\/p>\n<p><img data-recalc-dims=\"1\" loading=\"lazy\" decoding=\"async\" class=\"size-full wp-image-116813 aligncenter\" src=\"https:\/\/i0.wp.com\/cdnoticias.com\/wp-content\/uploads\/2024\/05\/HCD-marcelo-petehs.jpg?resize=800%2C446&#038;ssl=1\" alt=\"\" width=\"800\" height=\"446\" srcset=\"https:\/\/i0.wp.com\/cdnoticias.com\/wp-content\/uploads\/2024\/05\/HCD-marcelo-petehs.jpg?w=1000&amp;ssl=1 1000w, https:\/\/i0.wp.com\/cdnoticias.com\/wp-content\/uploads\/2024\/05\/HCD-marcelo-petehs.jpg?resize=300%2C167&amp;ssl=1 300w, https:\/\/i0.wp.com\/cdnoticias.com\/wp-content\/uploads\/2024\/05\/HCD-marcelo-petehs.jpg?resize=768%2C428&amp;ssl=1 768w, https:\/\/i0.wp.com\/cdnoticias.com\/wp-content\/uploads\/2024\/05\/HCD-marcelo-petehs.jpg?resize=800%2C445&amp;ssl=1 800w\" sizes=\"auto, (max-width: 800px) 100vw, 800px\" \/><\/p>\n<p>Valor\u00f3 que pudieron enviar preguntas por escrito al \u00e1rea de Hacienda. <strong>\u201cPedimos informe del resultado de <a href=\"https:\/\/cdnoticias.com\/index.php\/2024\/02\/25\/auditoria-de-wesner-en-la-municipalidad-observo-contratos-de-servicios-y-de-asesores-en-la-gestion-galli\/\" target=\"_blank\" rel=\"noopener\">la auditor\u00eda<\/a>. La respuesta fue que no se termin\u00f3<\/strong> ya que estaba en proceso de realizaci\u00f3n. Van cinco meses de gobierno, tiempo suficiente para realizarla\u201d se quej\u00f3 para a\u00f1adir que se desconoce \u201csi es una auditor\u00eda interna o externa\u201d. <strong>\u201cSi es interna no tiene validez, imag\u00ednense al equipo econ\u00f3mico haciendo una autoauditor\u00eda\u201d<\/strong> agreg\u00f3 Gamondi.<\/p>\n<blockquote><p>\u201cNuestro bloque va a votar en contra. No hay auditor\u00eda y por ende no hay claridad en lo presentado. Validar esto ser\u00eda validar las denuncias contra la gesti\u00f3n anterior\u201d determin\u00f3 el concejal libertario.<\/p><\/blockquote>\n<p>M\u00e1s adelante consider\u00f3 que \u201cpara tener las cuentas p\u00fablicas en orden\u201d se debe \u201ctener super\u00e1vit, una estructura acorde a la poblaci\u00f3n y que haya una buena relaci\u00f3n entre la estructura municipal y la poblaci\u00f3n que haga que no se paguen tasas altas, y que haya buena inversi\u00f3n en infraestructura. Estas premisas consideramos que hace por lo menos una d\u00e9cada que no se cumplen\u201d. Con ello,<strong> Gamondi pidi\u00f3 \u201cajustar los gastos y reducir la estructura para el equilibrio fiscal\u201d.<\/strong><\/p>\n<p>A continuaci\u00f3n habl\u00f3 el <strong>concejal Marcelo Petehs<\/strong>, tambi\u00e9n de Ahora Olavarr\u00eda, quien expres\u00f3 que \u201cel resultado financiero a ayer era 5.195 millones de pesos a favor. O sea que<strong> los n\u00fameros ya se acomodaron\u201d. Apunt\u00f3 a que \u201cse est\u00e1 realizando un ajuste encubierto.<\/strong> Tan criticado lo llevado adelante por el presidente Javier Milei, por lo cual <strong>celebramos que se lleve adelante esta f\u00f3rmula de Milei\u201d.<\/strong><\/p>\n<p><img data-recalc-dims=\"1\" loading=\"lazy\" decoding=\"async\" class=\"size-full wp-image-116820 aligncenter\" src=\"https:\/\/i0.wp.com\/cdnoticias.com\/wp-content\/uploads\/2024\/05\/HCD-paola-odello.jpg?resize=800%2C444&#038;ssl=1\" alt=\"\" width=\"800\" height=\"444\" srcset=\"https:\/\/i0.wp.com\/cdnoticias.com\/wp-content\/uploads\/2024\/05\/HCD-paola-odello.jpg?w=1000&amp;ssl=1 1000w, https:\/\/i0.wp.com\/cdnoticias.com\/wp-content\/uploads\/2024\/05\/HCD-paola-odello.jpg?resize=300%2C167&amp;ssl=1 300w, https:\/\/i0.wp.com\/cdnoticias.com\/wp-content\/uploads\/2024\/05\/HCD-paola-odello.jpg?resize=768%2C426&amp;ssl=1 768w, https:\/\/i0.wp.com\/cdnoticias.com\/wp-content\/uploads\/2024\/05\/HCD-paola-odello.jpg?resize=800%2C445&amp;ssl=1 800w\" sizes=\"auto, (max-width: 800px) 100vw, 800px\" \/><\/p>\n<blockquote><p>En su intervenci\u00f3n, Gamondi hab\u00eda criticado la ca\u00edda de la inversi\u00f3n en obras p\u00fablicas de la actual gesti\u00f3n municipal. Petehs profundiz\u00f3 en el tema: &#8220;el gobierno de Jos\u00e9 Eseverri destinaba 21% de la recaudaci\u00f3n total a infraestructura, la gesti\u00f3n anterior el 14% y el actual en lo que va 4,3%. Los concejales del Frente de Todos que hoy ocupan el Ejecutivo, cuestionaban duramente el 14% aplicado y criticaban a la gesti\u00f3n anterior. Nos llama mucho la atenci\u00f3n que hoy ese bloque avala los n\u00fameros que criticaban el a\u00f1o pasado\u201d.<\/p><\/blockquote>\n<p>En el cierre el concejal defini\u00f3: \u201centiendo al bloque Juntos, que defienda lo que hicieron o trataron de hacer, fue su gesti\u00f3n. <strong>Lo que no nos cierra es que gente que cuestionaba los n\u00fameros el a\u00f1o pasado, hoy los est\u00e9 apoyando en esta sesi\u00f3n\u201d.<\/strong><\/p>\n<p><strong>Adela Casamayor<\/strong> us\u00f3 la palabra m\u00e1s adelante para expresarse sobre la<strong> gesti\u00f3n en localidades<\/strong>. \u201cHoy est\u00e1n aprobando una rendici\u00f3n aquellos que levantaron la bandera de la defensa de las localidades y barrios perif\u00e9ricos de una gesti\u00f3n que jug\u00f3 con las localidades, con la falta presupuestaria, como denunci\u00f3 el Frente de Todos y Ahora Olavarr\u00eda en su momento. Y ahora se olvidan de esas denuncias\u201d.<\/p>\n<p><strong>Paola Odello<\/strong> centr\u00f3 su an\u00e1lisis en <strong>Desarrollo Social y en las Viviendas TUVI industrializadas<\/strong>. \u201cLa secretar\u00eda de Diego Robbiani fue denunciada por el Frente de Todos y hoy tenemos un caso en la justicia por malversaci\u00f3n de fondos\u201d dijo para proyectar que<strong> \u201cen caso de aprobar esta rendici\u00f3n hoy avalar\u00edan todo lo que antes denunciaban\u201d.<\/strong><\/p>\n<p><img data-recalc-dims=\"1\" loading=\"lazy\" decoding=\"async\" class=\"size-full wp-image-116812 aligncenter\" src=\"https:\/\/i0.wp.com\/cdnoticias.com\/wp-content\/uploads\/2024\/05\/HCD-sesion-24-05-02.jpg?resize=800%2C446&#038;ssl=1\" alt=\"\" width=\"800\" height=\"446\" srcset=\"https:\/\/i0.wp.com\/cdnoticias.com\/wp-content\/uploads\/2024\/05\/HCD-sesion-24-05-02.jpg?w=1000&amp;ssl=1 1000w, https:\/\/i0.wp.com\/cdnoticias.com\/wp-content\/uploads\/2024\/05\/HCD-sesion-24-05-02.jpg?resize=300%2C167&amp;ssl=1 300w, https:\/\/i0.wp.com\/cdnoticias.com\/wp-content\/uploads\/2024\/05\/HCD-sesion-24-05-02.jpg?resize=768%2C428&amp;ssl=1 768w, https:\/\/i0.wp.com\/cdnoticias.com\/wp-content\/uploads\/2024\/05\/HCD-sesion-24-05-02.jpg?resize=800%2C445&amp;ssl=1 800w\" sizes=\"auto, (max-width: 800px) 100vw, 800px\" \/><\/p>\n","protected":false},"excerpt":{"rendered":"<p>La bancada de Ahora Olavarr\u00eda expres\u00f3 el rechazo a trav\u00e9s de sus cuatro integrantes, aunque centr\u00f3 las cr\u00edticas en el<\/p>\n","protected":false},"author":4,"featured_media":116811,"comment_status":"closed","ping_status":"closed","sticky":false,"template":"","format":"standard","meta":{"_jetpack_memberships_contains_paid_content":false,"footnotes":""},"categories":[4,1],"tags":[],"class_list":["post-116817","post","type-post","status-publish","format-standard","has-post-thumbnail","hentry","category-politica","category-portada"],"jetpack_featured_media_url":"https:\/\/i0.wp.com\/cdnoticias.com\/wp-content\/uploads\/2024\/05\/HCD-oliver-gamondi-02.jpg?fit=1000%2C556&ssl=1","jetpack_sharing_enabled":true,"_links":{"self":[{"href":"https:\/\/cdnoticias.com\/index.php\/wp-json\/wp\/v2\/posts\/116817","targetHints":{"allow":["GET"]}}],"collection":[{"href":"https:\/\/cdnoticias.com\/index.php\/wp-json\/wp\/v2\/posts"}],"about":[{"href":"https:\/\/cdnoticias.com\/index.php\/wp-json\/wp\/v2\/types\/post"}],"author":[{"embeddable":true,"href":"https:\/\/cdnoticias.com\/index.php\/wp-json\/wp\/v2\/users\/4"}],"replies":[{"embeddable":true,"href":"https:\/\/cdnoticias.com\/index.php\/wp-json\/wp\/v2\/comments?post=116817"}],"version-history":[{"count":0,"href":"https:\/\/cdnoticias.com\/index.php\/wp-json\/wp\/v2\/posts\/116817\/revisions"}],"wp:featuredmedia":[{"embeddable":true,"href":"https:\/\/cdnoticias.com\/index.php\/wp-json\/wp\/v2\/media\/116811"}],"wp:attachment":[{"href":"https:\/\/cdnoticias.com\/index.php\/wp-json\/wp\/v2\/media?parent=116817"}],"wp:term":[{"taxonomy":"category","embeddable":true,"href":"https:\/\/cdnoticias.com\/index.php\/wp-json\/wp\/v2\/categories?post=116817"},{"taxonomy":"post_tag","embeddable":true,"href":"https:\/\/cdnoticias.com\/index.php\/wp-json\/wp\/v2\/tags?post=116817"}],"curies":[{"name":"wp","href":"https:\/\/api.w.org\/{rel}","templated":true}]}}