{"id":116805,"date":"2024-05-23T11:29:26","date_gmt":"2024-05-23T14:29:26","guid":{"rendered":"https:\/\/cdnoticias.com\/?p=116805"},"modified":"2024-05-23T14:20:03","modified_gmt":"2024-05-23T17:20:03","slug":"rendicion-de-cuentas-2023-el-funcionamiento-regular-de-la-municipalidad-fue-superavitario","status":"publish","type":"post","link":"https:\/\/cdnoticias.com\/index.php\/2024\/05\/23\/rendicion-de-cuentas-2023-el-funcionamiento-regular-de-la-municipalidad-fue-superavitario\/","title":{"rendered":"Rendici\u00f3n de Cuentas 2023: \u201cEl funcionamiento regular de la Municipalidad fue superavitario\u201d"},"content":{"rendered":"<p>Lo destac\u00f3 el concejal Hilario Galli (Juntos) en la apertura del debate. Centr\u00f3 su argumentaci\u00f3n en el impacto de la inflaci\u00f3n en los gastos y recursos y detall\u00f3 el incremento exponencial de la demanda de prestaciones de salud. Dijo que el balance deficitario \u201cal momento de la presentaci\u00f3n de la rendici\u00f3n de cuentas ya estaba saneado\u201d.<!--more--><\/p>\n<hr \/>\n<p><a href=\"https:\/\/cdnoticias.com\/index.php\/2024\/05\/22\/con-varios-condimentos-y-en-cambio-de-gestion-se-analizara-la-rendicion-de-cuentas-2023\/\" target=\"_blank\" rel=\"noopener\">Este jueves se trata la <strong>Rendici\u00f3n de Cuentas 2023<\/strong> en el Concejo Deliberante<\/a>. La apertura de exposiciones estuvo a cargo del <strong>concejal de Juntos, Hilario Galli<\/strong>, para presentar la postura en<strong> defensa del \u00faltimo a\u00f1o de la gesti\u00f3n del ex intendente Ezequiel Galli<\/strong>. La argumentaci\u00f3n se centr\u00f3 en<strong> presentar el impacto de la inflaci\u00f3n en los gastos y recursos municipales del a\u00f1o pasado<\/strong>, y a su vez detall\u00f3 el<strong> incremento exponencial de la demanda de prestaciones<\/strong> de salud, lo cual result\u00f3 en un <strong>balance deficitario<\/strong>.<\/p>\n<p>Manifest\u00f3 su intenci\u00f3n de<strong> \u201chacer el ejercicio de explicar y exponer los resultados\u201d<\/strong> adem\u00e1s de \u201centenderlos dentro de <strong>una gesti\u00f3n que llev\u00f3 adelante innumerable cantidad de proyectos en pos de la construcci\u00f3n de una gran Olavarr\u00eda\u201d<\/strong>.<\/p>\n<p>El concejal se\u00f1al\u00f3 que se hab\u00eda previsto un presupuesto de 18.900 millones de pesos para 2023, que termin\u00f3 en un <strong>c\u00e1lculo de recursos por 24.700 millones<\/strong>. Se\u00f1al\u00f3 que m\u00e1s de 42% fueron ingresos tributarios y los no tributarios llegaron a 11.000 millones. <strong>La coparticipaci\u00f3n alcanz\u00f3 a 9.245 millones de pesos percibidos<\/strong>, de los cuales los de mayor impacto fueron la <strong>coparticipaci\u00f3n provincial de 8.069 millones -112,7% de aumento en comparaci\u00f3n con 2023<\/strong>&#8211; y el Fondo Educativo por 864 millones de pesos.<\/p>\n<p><img data-recalc-dims=\"1\" loading=\"lazy\" decoding=\"async\" class=\"size-full wp-image-116809 aligncenter\" src=\"https:\/\/i0.wp.com\/cdnoticias.com\/wp-content\/uploads\/2024\/05\/HCD-hilario-galli-02.jpg?resize=800%2C445&#038;ssl=1\" alt=\"\" width=\"800\" height=\"445\" srcset=\"https:\/\/i0.wp.com\/cdnoticias.com\/wp-content\/uploads\/2024\/05\/HCD-hilario-galli-02.jpg?w=1000&amp;ssl=1 1000w, https:\/\/i0.wp.com\/cdnoticias.com\/wp-content\/uploads\/2024\/05\/HCD-hilario-galli-02.jpg?resize=300%2C167&amp;ssl=1 300w, https:\/\/i0.wp.com\/cdnoticias.com\/wp-content\/uploads\/2024\/05\/HCD-hilario-galli-02.jpg?resize=768%2C427&amp;ssl=1 768w, https:\/\/i0.wp.com\/cdnoticias.com\/wp-content\/uploads\/2024\/05\/HCD-hilario-galli-02.jpg?resize=800%2C445&amp;ssl=1 800w\" sizes=\"auto, (max-width: 800px) 100vw, 800px\" \/><\/p>\n<p>En cuanto a las<strong> tasas municipales<\/strong>, Hilario Galli mencion\u00f3 lo recaudado y el \u00edndice de cobrabilidad. Destac\u00f3 que<strong> \u201cen Servicios Urbanos el \u00edndice de cobrabilidad tuvo una ca\u00edda de 6% respecto del a\u00f1o anterior\u201d<\/strong> para bajar al <strong>63% de cobrabilidad<\/strong>. La Tasa de Servicios Rurales y la Tasa de Seguridad e Higiene mantuvieron alta cobrabilidad, cercana a 97%. <strong>El Derecho de Explotaci\u00f3n de Canteras recaud\u00f3 4.676 millones, \u201c108,1% mayor que en 2022\u201d<\/strong>.<\/p>\n<blockquote><p>\u201cEl Municipio tuvo aumento de ingresos totales respecto de 2022 de 102,9%. El dato es muy inferior a la inflaci\u00f3n acumulada registrada que fue de 211,8%, el m\u00e1s alto de los \u00faltimos 30 a\u00f1os\u201d subray\u00f3 Hilario Galli.<\/p><\/blockquote>\n<p>Luego pas\u00f3 a presentar el <strong>detalle de gastos ejecutados en 2023<\/strong>. Indic\u00f3 que del total de gastos devengados por 27.000 millones, <strong>\u201c14.152 millones de pesos fueron destinados a gastos de personal\u201d<\/strong> y que \u201clas secretar\u00edas de Salud, Obras P\u00fablicas y Desarrollo Humano fueron m\u00e1s de 80% de la ejecuci\u00f3n presupuestaria\u201d.<\/p>\n<p><img data-recalc-dims=\"1\" loading=\"lazy\" decoding=\"async\" class=\"size-full wp-image-116806 aligncenter\" src=\"https:\/\/i0.wp.com\/cdnoticias.com\/wp-content\/uploads\/2024\/05\/HCD-sesion-24-05-00.jpg?resize=800%2C450&#038;ssl=1\" alt=\"\" width=\"800\" height=\"450\" srcset=\"https:\/\/i0.wp.com\/cdnoticias.com\/wp-content\/uploads\/2024\/05\/HCD-sesion-24-05-00.jpg?w=1000&amp;ssl=1 1000w, https:\/\/i0.wp.com\/cdnoticias.com\/wp-content\/uploads\/2024\/05\/HCD-sesion-24-05-00.jpg?resize=300%2C169&amp;ssl=1 300w, https:\/\/i0.wp.com\/cdnoticias.com\/wp-content\/uploads\/2024\/05\/HCD-sesion-24-05-00.jpg?resize=768%2C432&amp;ssl=1 768w\" sizes=\"auto, (max-width: 800px) 100vw, 800px\" \/><\/p>\n<blockquote><p>\u201cEl funcionamiento regular de la Municipalidad fue superavitario\u201d dijo despu\u00e9s de exponer los gastos corrientes y para enumerar las \u00e1reas de servicios y funciones. \u201cEl funcionamiento pleno no solo estuvo garantizado sino que fue superavitario en un a\u00f1o muy complejo, donde la ciudad necesit\u00f3 de m\u00e1s estado\u201d reforz\u00f3.<\/p><\/blockquote>\n<p>\u201cMe puedo quedar con una conclusi\u00f3n muy sencilla, dado que tuvimos un super\u00e1vit de ahorro corriente de aproximadamente 550 millones de pesos y una inversi\u00f3n en obras p\u00fablicas de por 3.300 millones. <strong>El d\u00e9ficit financiero podr\u00eda explicarse por la inversi\u00f3n p\u00fablica, obras que se hicieron, est\u00e1n y van a quedar en la ciudad<\/strong>. Si bien es cierto y real, el resultado negativo tiene otros dos grandes anclajes\u201d sostuvo el concejal. Con ello apunt\u00f3 por un lado a un <strong>\u201cmarcado d\u00e9ficit de los ingresos: hubo una evoluci\u00f3n de los ingresos del Municipio en todo concepto de 102,9% respecto del a\u00f1o anterior, mientras que la inflaci\u00f3n acumulada fue de 211,8%\u201d<\/strong>. Se refiri\u00f3 a la tarea realizada para evitar un excesivo aumento de erogaciones, <strong>\u201clogramos posicionar los gastos totales con un aumento superior al de los ingresos, pero inferior a la inflaci\u00f3n, de 124,5%\u201d<\/strong>.<\/p>\n<p>Luego se refiri\u00f3 a la<strong> ca\u00edda del CUD<\/strong> (coeficiente de coparticipaci\u00f3n) durante los ocho a\u00f1os de gesti\u00f3n de Ezequiel Galli que significaron una <strong>baja de 0,11%<\/strong> en el reparto: \u201cen 2023 represent\u00f3 900 millones de pesos\u201d. As\u00ed introdujo otro aspecto del an\u00e1lisis, <strong>\u201cel aumento exponencial de las prestaciones m\u00e9dicas brindadas por el Municipio, que sobre todo se acrecent\u00f3 y marc\u00f3 a la salida de la pandemia\u201d<\/strong>.<\/p>\n<p><img data-recalc-dims=\"1\" loading=\"lazy\" decoding=\"async\" class=\"size-full wp-image-116807 aligncenter\" src=\"https:\/\/i0.wp.com\/cdnoticias.com\/wp-content\/uploads\/2024\/05\/HCD-hilario-galli-00.jpg?resize=800%2C445&#038;ssl=1\" alt=\"\" width=\"800\" height=\"445\" srcset=\"https:\/\/i0.wp.com\/cdnoticias.com\/wp-content\/uploads\/2024\/05\/HCD-hilario-galli-00.jpg?w=1000&amp;ssl=1 1000w, https:\/\/i0.wp.com\/cdnoticias.com\/wp-content\/uploads\/2024\/05\/HCD-hilario-galli-00.jpg?resize=300%2C167&amp;ssl=1 300w, https:\/\/i0.wp.com\/cdnoticias.com\/wp-content\/uploads\/2024\/05\/HCD-hilario-galli-00.jpg?resize=768%2C427&amp;ssl=1 768w, https:\/\/i0.wp.com\/cdnoticias.com\/wp-content\/uploads\/2024\/05\/HCD-hilario-galli-00.jpg?resize=800%2C445&amp;ssl=1 800w\" sizes=\"auto, (max-width: 800px) 100vw, 800px\" \/><\/p>\n<blockquote><p>El concejal inform\u00f3 que durante el a\u00f1o pasado, el servicio de salud municipal brind\u00f3 \u201cm\u00e1s de 1.200.000 prestaciones, 311% m\u00e1s respecto del sistema de salud que recibimos en 2015\u201d. Inform\u00f3 que el \u00e1rea \u201cdej\u00f3 un rojo de 5.993 millones de pesos. Pero volver\u00edamos a invertir cada uno de esos pesos para que los olavarrienses cuenten con el servicio de salud\u201d remarc\u00f3.<\/p><\/blockquote>\n<h3>El d\u00e9ficit<\/h3>\n<p>Un tramo del discurso de concejal del Pro estuvo destinado a explicar el origen y composici\u00f3n del d\u00e9ficit financiero de 2023.<strong> \u201cUna gran falacia que hemos escuchado, que este es el mayor d\u00e9ficit en la historia de la ciudad. Es una mentira.<\/strong> De qu\u00e9 historia hablamos, \u00bfde la real o de la que se pretende reescribir omitiendo informaci\u00f3n?\u201d.<\/p>\n<p>Hizo hincapi\u00e9 en la cifra de 2.400 millones de pesos y <strong>rechaz\u00f3 la extensi\u00f3n a 4.000 millones<\/strong>, que hizo el intendente Wesner en la apertura de sesiones y que repitieron tambi\u00e9n concejales de Ahora Olavarr\u00eda.<\/p>\n<p><img data-recalc-dims=\"1\" loading=\"lazy\" decoding=\"async\" class=\"size-full wp-image-116812 aligncenter\" src=\"https:\/\/i0.wp.com\/cdnoticias.com\/wp-content\/uploads\/2024\/05\/HCD-sesion-24-05-02.jpg?resize=800%2C446&#038;ssl=1\" alt=\"\" width=\"800\" height=\"446\" srcset=\"https:\/\/i0.wp.com\/cdnoticias.com\/wp-content\/uploads\/2024\/05\/HCD-sesion-24-05-02.jpg?w=1000&amp;ssl=1 1000w, https:\/\/i0.wp.com\/cdnoticias.com\/wp-content\/uploads\/2024\/05\/HCD-sesion-24-05-02.jpg?resize=300%2C167&amp;ssl=1 300w, https:\/\/i0.wp.com\/cdnoticias.com\/wp-content\/uploads\/2024\/05\/HCD-sesion-24-05-02.jpg?resize=768%2C428&amp;ssl=1 768w, https:\/\/i0.wp.com\/cdnoticias.com\/wp-content\/uploads\/2024\/05\/HCD-sesion-24-05-02.jpg?resize=800%2C445&amp;ssl=1 800w\" sizes=\"auto, (max-width: 800px) 100vw, 800px\" \/><\/p>\n<p>Galli inform\u00f3 que<strong> \u201cen los \u00faltimos 16 a\u00f1os, la ciudad tuvo 6 d\u00e9ficits financieros<\/strong>, dos en nuestra gesti\u00f3n y cuatro en los ocho a\u00f1os anteriores.<strong> El a\u00f1o en que se incurri\u00f3 mayor d\u00e9ficit fue 2015<\/strong> y este que tratamos hoy ocupa el puesto 5\u201d. Asegur\u00f3 que el cierre del a\u00f1o 2015 con n\u00fameros en negativo <strong>represent\u00f3 \u201c220% m\u00e1s alto que el actual\u201d.<\/strong><\/p>\n<p>Adem\u00e1s, afirm\u00f3 que las cifras en baja del a\u00f1o pasado ya estaban recuperadas en febrero de este a\u00f1o. <strong>\u201cAl momento de la presentaci\u00f3n de la rendici\u00f3n de cuentas ya estaba saneado.<\/strong> Al 29 de febrero de 2024 el Municipio presentaba un ahorro corriente de 2.334 millones de pesos y un resultado financiero de 2.408 millones. <strong>No hay desequilibrio si en menos de 60 d\u00edas las cuentas estaban regularizadas\u201d<\/strong> sostuvo.<\/p>\n<blockquote><p>\u201cNuestra gesti\u00f3n se caracteriz\u00f3 en la transparencia y acceso a la informaci\u00f3n. Gesti\u00f3n de la que estamos orgullosos, no solo por todo lo que hicimos, sino por c\u00f3mo la llevamos adelante, con compromiso, pasi\u00f3n y convicci\u00f3n. Hoy es un d\u00eda muy importante para nosotros, cerramos un gran cap\u00edtulo en la historia de nuestra ciudad. Es momento de que la nueva gesti\u00f3n comience a escribir los propios\u201d cerr\u00f3 el concejal Galli su primera intervenci\u00f3n en la sesi\u00f3n especial.<\/p><\/blockquote>\n","protected":false},"excerpt":{"rendered":"<p>Lo destac\u00f3 el concejal Hilario Galli (Juntos) en la apertura del debate. Centr\u00f3 su argumentaci\u00f3n en el impacto de la<\/p>\n","protected":false},"author":4,"featured_media":116808,"comment_status":"closed","ping_status":"closed","sticky":false,"template":"","format":"standard","meta":{"_jetpack_memberships_contains_paid_content":false,"footnotes":""},"categories":[4,1],"tags":[],"class_list":["post-116805","post","type-post","status-publish","format-standard","has-post-thumbnail","hentry","category-politica","category-portada"],"jetpack_featured_media_url":"https:\/\/i0.wp.com\/cdnoticias.com\/wp-content\/uploads\/2024\/05\/HCD-hilario-galli-01.jpg?fit=862%2C480&ssl=1","jetpack_sharing_enabled":true,"_links":{"self":[{"href":"https:\/\/cdnoticias.com\/index.php\/wp-json\/wp\/v2\/posts\/116805","targetHints":{"allow":["GET"]}}],"collection":[{"href":"https:\/\/cdnoticias.com\/index.php\/wp-json\/wp\/v2\/posts"}],"about":[{"href":"https:\/\/cdnoticias.com\/index.php\/wp-json\/wp\/v2\/types\/post"}],"author":[{"embeddable":true,"href":"https:\/\/cdnoticias.com\/index.php\/wp-json\/wp\/v2\/users\/4"}],"replies":[{"embeddable":true,"href":"https:\/\/cdnoticias.com\/index.php\/wp-json\/wp\/v2\/comments?post=116805"}],"version-history":[{"count":0,"href":"https:\/\/cdnoticias.com\/index.php\/wp-json\/wp\/v2\/posts\/116805\/revisions"}],"wp:featuredmedia":[{"embeddable":true,"href":"https:\/\/cdnoticias.com\/index.php\/wp-json\/wp\/v2\/media\/116808"}],"wp:attachment":[{"href":"https:\/\/cdnoticias.com\/index.php\/wp-json\/wp\/v2\/media?parent=116805"}],"wp:term":[{"taxonomy":"category","embeddable":true,"href":"https:\/\/cdnoticias.com\/index.php\/wp-json\/wp\/v2\/categories?post=116805"},{"taxonomy":"post_tag","embeddable":true,"href":"https:\/\/cdnoticias.com\/index.php\/wp-json\/wp\/v2\/tags?post=116805"}],"curies":[{"name":"wp","href":"https:\/\/api.w.org\/{rel}","templated":true}]}}