{"id":116803,"date":"2024-05-23T16:49:10","date_gmt":"2024-05-23T19:49:10","guid":{"rendered":"https:\/\/cdnoticias.com\/?p=116803"},"modified":"2024-05-23T16:49:13","modified_gmt":"2024-05-23T19:49:13","slug":"defensa-al-consumidor-atendera-en-la-zona-rural","status":"publish","type":"post","link":"https:\/\/cdnoticias.com\/index.php\/2024\/05\/23\/defensa-al-consumidor-atendera-en-la-zona-rural\/","title":{"rendered":"Defensa al Consumidor atender\u00e1 en la zona rural"},"content":{"rendered":"\n<p>Ser\u00e1 la \u00faltima semana de mayo en Recalde, Blanca Grande y Espigas. Brindar\u00e1n informaci\u00f3n y asesoramiento.<\/p>\n\n\n\n<hr class=\"wp-block-separator has-alpha-channel-opacity\"\/>\n\n\n\n<p>Desde la Direcci\u00f3n de Defensa al Consumidor y Asuntos Vecinales de la Municipalidad se inform\u00f3 c\u00f3mo se desarrollar\u00e1 el <strong>programa itinerante de visitas a localidades del Partido de Olavarr\u00eda.<\/strong><\/p>\n\n\n\n<p><\/p>\n\n\n\n<p>En la <strong>\u00faltima semana del mayo <\/strong>el equipo del \u00e1rea brindar\u00e1 asesoramiento a la comunidad de la zona rural en todo lo referido a denuncias en materia de defensa al consumidor o solicitudes de mediaciones vecinales.<\/p>\n\n\n\n<p><\/p>\n\n\n\n<p>El cronograma de atenci\u00f3n se desarrollar\u00e1 de la siguiente manera:<\/p>\n\n\n\n<p><\/p>\n\n\n\n<p><strong>Martes 28 de mayo<\/strong><\/p>\n\n\n\n<p>\u2013 09:30 horas<br>Recalde<br>Delegaci\u00f3n Municipal de Recalde<\/p>\n\n\n\n<p>\u2013 10:30 horas<br>Blanca Grande<br>Centro de Atenci\u00f3n Primaria de la Salud N\u00ba 13 (Calle 5 y Calle 6)<\/p>\n\n\n\n<p>\u2013 11:30 horas<br>Espigas<br>Centro de Jubilados<\/p>\n\n\n\n<p><\/p>\n\n\n\n<p>Cabe recordar que en el marco de la implementaci\u00f3n del programa <strong>ya se han realizado visitas a<\/strong> <strong>Colonia Hinojo, Hinojo, Loma Negra, Sierras Bayas y Colonia San Miguel.<\/strong><\/p>\n\n\n\n<p><\/p>\n\n\n\n<p>El<strong> titular de la dependencia municipal Jorge Garaiz<\/strong> explic\u00f3 que el servicio consiste en brindar<strong> informaci\u00f3n y asesoramiento en cuestiones vinculadas con la defensa de los derechos del consumidor, lo cual comprende tanto a personas f\u00edsicas como jur\u00eddicas, que adquieren bienes o servicios <\/strong>para consumo.<\/p>\n\n\n\n<p><\/p>\n\n\n\n<p>Al respecto, aclar\u00f3 que Defensa del Consumidor <strong>puede actuar en casos en los que la compra del producto o servicio se realiz\u00f3 dentro de los l\u00edmites del Partido de Olavarr\u00eda<\/strong>, ya sea en forma domiciliaria, internet, en forma telef\u00f3nica o puerta a puerta.<\/p>\n\n\n\n<p><\/p>\n\n\n\n<blockquote class=\"wp-block-quote is-layout-flow wp-block-quote-is-layout-flow\">\n<p>Tambi\u00e9n abarca, por ejemplo, incumplimientos de contratos, ofertas, baja de servicio, cambio de producto o tipo de servicio, d\u00e9bito indebido, anulaci\u00f3n de compra, error de facturaci\u00f3n, fallas en la calidad de productos o servicios, extrav\u00edo de encomienda, mala atenci\u00f3n entre otros.<\/p>\n<\/blockquote>\n\n\n\n<p><\/p>\n\n\n\n<p>En tanto que <strong>desde el \u00e1rea de Relaciones Vecinales se hace hincapi\u00e9 en la importancia de la mediaci\u00f3n comunitaria <\/strong>para promover reflexiones sobre la forma de relaci\u00f3n habitual y la importancia del di\u00e1logo constructivo para una sana convivencia entre vecinos. En el servicio de Mediaci\u00f3n Comunitaria se tratan, por ejemplo: desavenencias por filtraciones, medianeras, \u00e1rboles, ruidos molestos y de convivencia en general.<\/p>\n","protected":false},"excerpt":{"rendered":"<p>Ser\u00e1 la \u00faltima semana de mayo en Recalde, Blanca Grande y Espigas. Brindar\u00e1n informaci\u00f3n y asesoramiento. Desde la Direcci\u00f3n de<\/p>\n","protected":false},"author":2,"featured_media":116315,"comment_status":"closed","ping_status":"closed","sticky":false,"template":"","format":"standard","meta":{"_jetpack_memberships_contains_paid_content":false,"footnotes":""},"categories":[5,1],"tags":[],"class_list":["post-116803","post","type-post","status-publish","format-standard","has-post-thumbnail","hentry","category-informacion-general","category-portada"],"jetpack_featured_media_url":"https:\/\/i0.wp.com\/cdnoticias.com\/wp-content\/uploads\/2024\/05\/defensa-del-consumidor-juzgado-de-faltas-01.jpg?fit=1000%2C556&ssl=1","jetpack_sharing_enabled":true,"_links":{"self":[{"href":"https:\/\/cdnoticias.com\/index.php\/wp-json\/wp\/v2\/posts\/116803","targetHints":{"allow":["GET"]}}],"collection":[{"href":"https:\/\/cdnoticias.com\/index.php\/wp-json\/wp\/v2\/posts"}],"about":[{"href":"https:\/\/cdnoticias.com\/index.php\/wp-json\/wp\/v2\/types\/post"}],"author":[{"embeddable":true,"href":"https:\/\/cdnoticias.com\/index.php\/wp-json\/wp\/v2\/users\/2"}],"replies":[{"embeddable":true,"href":"https:\/\/cdnoticias.com\/index.php\/wp-json\/wp\/v2\/comments?post=116803"}],"version-history":[{"count":0,"href":"https:\/\/cdnoticias.com\/index.php\/wp-json\/wp\/v2\/posts\/116803\/revisions"}],"wp:featuredmedia":[{"embeddable":true,"href":"https:\/\/cdnoticias.com\/index.php\/wp-json\/wp\/v2\/media\/116315"}],"wp:attachment":[{"href":"https:\/\/cdnoticias.com\/index.php\/wp-json\/wp\/v2\/media?parent=116803"}],"wp:term":[{"taxonomy":"category","embeddable":true,"href":"https:\/\/cdnoticias.com\/index.php\/wp-json\/wp\/v2\/categories?post=116803"},{"taxonomy":"post_tag","embeddable":true,"href":"https:\/\/cdnoticias.com\/index.php\/wp-json\/wp\/v2\/tags?post=116803"}],"curies":[{"name":"wp","href":"https:\/\/api.w.org\/{rel}","templated":true}]}}