{"id":116800,"date":"2024-05-23T09:43:32","date_gmt":"2024-05-23T12:43:32","guid":{"rendered":"https:\/\/cdnoticias.com\/?p=116800"},"modified":"2024-05-23T12:47:26","modified_gmt":"2024-05-23T15:47:26","slug":"estiman-que-entre-diciembre-y-marzo-se-perdieron-mas-de-100-000-empleos-privados-y-publicos","status":"publish","type":"post","link":"https:\/\/cdnoticias.com\/index.php\/2024\/05\/23\/estiman-que-entre-diciembre-y-marzo-se-perdieron-mas-de-100-000-empleos-privados-y-publicos\/","title":{"rendered":"Estiman que entre diciembre y marzo se perdieron m\u00e1s de 100.000 empleos privados y p\u00fablicos"},"content":{"rendered":"\n<p>Lo afirman indicadores oficiales y presunciones privadas. \u201cEl discurso oficialista sostiene que el sector privado absorber\u00e1 la oferta de trabajo resultante de los despidos masivos en el Estado, pero el desplome se profundiza\u201d.<\/p>\n\n\n\n<hr class=\"wp-block-separator has-alpha-channel-opacity\"\/>\n\n\n\n<p>La crisis econ\u00f3mica que afecta a la Argentina se muestra, adem\u00e1s de la ca\u00edda en sectores como industria y construcci\u00f3n, en las p\u00e9rdidas de puestos de trabajo. Solo en <strong>febrero<\/strong>, seg\u00fan afirman las \u00faltimas cifras oficiales, <strong>se perdieron unos 20.000 empleos privados, pero desde el 10 de diciembre esa ca\u00edda asciende a casi 70.000.<\/strong><\/p>\n\n\n\n<p><\/p>\n\n\n\n<p>Mientras que en el mismo per\u00edodo <strong>diciembre-febrero se perdieron cerca de 21.400 empleos p\u00fablicos.<\/strong> A esta <strong>cifra total de 91.400 personas <\/strong>que quedaron sin trabajo desde la asunci\u00f3n del Gobierno de Javier Milei se suman otras presunciones de que <strong>durante marzo se perdieron unos 34.000 puestos de trabajo.<\/strong><\/p>\n\n\n\n<p><\/p>\n\n\n\n<blockquote class=\"wp-block-quote is-layout-flow wp-block-quote-is-layout-flow\">\n<p>Los datos oficiales se desprenden de la \u00faltima publicaci\u00f3n del Ministerio de Trabajo, que posee datos de febrero (del Sistema Integrado Provisional Argentino, SIPA), ya que el informe de mercado de fuerza de trabajo del INDEC corresponde al cuarto trimestre de 2023.<\/p>\n<\/blockquote>\n\n\n\n<p><\/p>\n\n\n\n<p><strong>Los indicadores privados son a\u00fan m\u00e1s severos que el reporte oficial. <\/strong>El estudio del <strong>Instituto de Estudios y Formaci\u00f3n (IEF-CTA AUT\u00d3NOMA) <\/strong>retoma la p\u00e9rdida de puestos de trabajo <strong>desde agosto de 2023 a febrero de 2024, donde la destrucci\u00f3n de los empleos asciende a 94.070 (-1,5%).<\/strong> \u201cSi bien se trata de una ca\u00edda muy importante, todav\u00eda est\u00e1 en magnitudes inferiores a las de fines de 2018 y 2019\u201d, destaca su informe.<\/p>\n\n\n\n<p><\/p>\n\n\n\n<p>\u201cA contramano del discurso oficialista, que sostiene que el sector privado absorber\u00e1 la oferta de trabajo resultante de los despidos masivos en el Estado, <strong>el desplome se profundiza\u201d, precis\u00f3 por su parte el Centro de Econom\u00eda Pol\u00edtica Argentina (CEPA).<\/strong><\/p>\n\n\n\n<p><\/p>\n\n\n\n<p><strong>Retrocesos<\/strong><\/p>\n\n\n\n<p>En marzo, la<strong> industria<\/strong> retrocedi\u00f3 un 21% interanual y, la capacidad instalada se derrumb\u00f3 al 53,4%, mientras la<strong> construcci\u00f3n<\/strong> cay\u00f3 un 33% interanual, sobre todo por el freno de la obra p\u00fablica. El \u00edndice general de la actividad se retrajo un 9,7% interanual en marzo, seg\u00fan la medici\u00f3n de Orlando Ferreres &amp; Asociados.<\/p>\n\n\n\n<p><\/p>\n\n\n\n<p>En ese contexto, <strong>el panorama del empleo para marzo no mejora. <\/strong>De hecho, la Encuesta de Indicadores Laborales (EIL), que releva el nivel de empleo en unas 3.500 empresas los aglomerados urbanos, <strong>estima una ca\u00edda de otros 34.166 puestos en el sector privado durante el tercer mes del a\u00f1o.<\/strong><\/p>\n\n\n\n<p><\/p>\n\n\n\n<p><strong>Por rubro<\/strong><\/p>\n\n\n\n<p>Dentro de los rubros m\u00e1s golpeados por el desempleo se encuentra la <strong>construcci\u00f3n<\/strong>, que desde la paralizaci\u00f3n de la obra p\u00fablica,<strong> ya perdi\u00f3 100.000 puestos de trabajo, seg\u00fan precis\u00f3 Gustavo Weiss, presidente de la C\u00e1mara Argentina de la Construcci\u00f3n (CAC).<\/strong> Solo en febrero, seg\u00fan el informe de CEPA, perdi\u00f3 12.949 trabajadores, siendo el sector con mayor ca\u00edda de empleo.<\/p>\n\n\n\n<p><\/p>\n\n\n\n<p>Los dos sectores m\u00e1s importantes en materia de generaci\u00f3n de empleo son<strong> comercio e industria<\/strong>, que poseen un 19,5% y 18,8% del total del universo de empleados privados, respectivamente. Seg\u00fan precis\u00f3 CEPA, el sector industrial perdi\u00f3 5.520 puestos entre diciembre y febrero.<\/p>\n\n\n\n<p><\/p>\n\n\n\n<p><em>Fuente: DIB.<\/em><\/p>\n","protected":false},"excerpt":{"rendered":"<p>Lo afirman indicadores oficiales y presunciones privadas. \u201cEl discurso oficialista sostiene que el sector privado absorber\u00e1 la oferta de trabajo<\/p>\n","protected":false},"author":2,"featured_media":116801,"comment_status":"closed","ping_status":"closed","sticky":false,"template":"","format":"standard","meta":{"_jetpack_memberships_contains_paid_content":false,"footnotes":""},"categories":[6,1],"tags":[],"class_list":["post-116800","post","type-post","status-publish","format-standard","has-post-thumbnail","hentry","category-nacionales","category-portada"],"jetpack_featured_media_url":"https:\/\/i0.wp.com\/cdnoticias.com\/wp-content\/uploads\/2024\/05\/desempleo.jpg?fit=800%2C445&ssl=1","jetpack_sharing_enabled":true,"_links":{"self":[{"href":"https:\/\/cdnoticias.com\/index.php\/wp-json\/wp\/v2\/posts\/116800","targetHints":{"allow":["GET"]}}],"collection":[{"href":"https:\/\/cdnoticias.com\/index.php\/wp-json\/wp\/v2\/posts"}],"about":[{"href":"https:\/\/cdnoticias.com\/index.php\/wp-json\/wp\/v2\/types\/post"}],"author":[{"embeddable":true,"href":"https:\/\/cdnoticias.com\/index.php\/wp-json\/wp\/v2\/users\/2"}],"replies":[{"embeddable":true,"href":"https:\/\/cdnoticias.com\/index.php\/wp-json\/wp\/v2\/comments?post=116800"}],"version-history":[{"count":0,"href":"https:\/\/cdnoticias.com\/index.php\/wp-json\/wp\/v2\/posts\/116800\/revisions"}],"wp:featuredmedia":[{"embeddable":true,"href":"https:\/\/cdnoticias.com\/index.php\/wp-json\/wp\/v2\/media\/116801"}],"wp:attachment":[{"href":"https:\/\/cdnoticias.com\/index.php\/wp-json\/wp\/v2\/media?parent=116800"}],"wp:term":[{"taxonomy":"category","embeddable":true,"href":"https:\/\/cdnoticias.com\/index.php\/wp-json\/wp\/v2\/categories?post=116800"},{"taxonomy":"post_tag","embeddable":true,"href":"https:\/\/cdnoticias.com\/index.php\/wp-json\/wp\/v2\/tags?post=116800"}],"curies":[{"name":"wp","href":"https:\/\/api.w.org\/{rel}","templated":true}]}}