{"id":116712,"date":"2024-05-22T19:31:31","date_gmt":"2024-05-22T22:31:31","guid":{"rendered":"https:\/\/cdnoticias.com\/?p=116712"},"modified":"2024-05-22T20:19:03","modified_gmt":"2024-05-22T23:19:03","slug":"importantisimo-incendio-en-una-vivienda-de-barrio-ceco","status":"publish","type":"post","link":"https:\/\/cdnoticias.com\/index.php\/2024\/05\/22\/importantisimo-incendio-en-una-vivienda-de-barrio-ceco\/","title":{"rendered":"Important\u00edsimo incendio en una vivienda de barrio CECO"},"content":{"rendered":"\n<p>Fue en el atardecer de este mi\u00e9rcoles. Trabajaron tres dotaciones de Bomberos. El hecho comenz\u00f3 en una churrasquera, y hubo preocupaci\u00f3n por la expansi\u00f3n a viviendas linderas.<\/p>\n\n\n\n<hr class=\"wp-block-separator aligncenter has-alpha-channel-opacity\"\/>\n\n\n\n<p>Este mi\u00e9rcoles, <strong>al menos tres dotaciones de Bomberos Voluntarios trabajaron en un importante incendio de una vivienda en Barrio CECO. Hubo graves da\u00f1os y preocupaci\u00f3n por los posibles da\u00f1os en viviendas linderas.<\/strong><\/p>\n\n\n\n<p>El hecho se produjo en la <strong>vivienda 125, ubicada en Calle 20 casi Santa Cruz.<\/strong> Seg\u00fan las primeras versiones de vecinos en el lugar, el hecho se habr\u00eda originado en la churrasquera de la vivienda, con un cortocircuito.<\/p>\n\n\n\n<figure class=\"wp-block-image size-large\"><img data-recalc-dims=\"1\" loading=\"lazy\" decoding=\"async\" width=\"800\" height=\"450\" src=\"https:\/\/i0.wp.com\/cdnoticias.com\/wp-content\/uploads\/2024\/05\/incendio-ceco3.jpg?resize=800%2C450&#038;ssl=1\" alt=\"\" class=\"wp-image-116761\" srcset=\"https:\/\/i0.wp.com\/cdnoticias.com\/wp-content\/uploads\/2024\/05\/incendio-ceco3-scaled.jpg?resize=1024%2C576&amp;ssl=1 1024w, https:\/\/i0.wp.com\/cdnoticias.com\/wp-content\/uploads\/2024\/05\/incendio-ceco3-scaled.jpg?resize=300%2C169&amp;ssl=1 300w, https:\/\/i0.wp.com\/cdnoticias.com\/wp-content\/uploads\/2024\/05\/incendio-ceco3-scaled.jpg?resize=768%2C432&amp;ssl=1 768w, https:\/\/i0.wp.com\/cdnoticias.com\/wp-content\/uploads\/2024\/05\/incendio-ceco3-scaled.jpg?resize=1536%2C864&amp;ssl=1 1536w, https:\/\/i0.wp.com\/cdnoticias.com\/wp-content\/uploads\/2024\/05\/incendio-ceco3-scaled.jpg?resize=2048%2C1153&amp;ssl=1 2048w, https:\/\/i0.wp.com\/cdnoticias.com\/wp-content\/uploads\/2024\/05\/incendio-ceco3-scaled.jpg?w=1600&amp;ssl=1 1600w, https:\/\/i0.wp.com\/cdnoticias.com\/wp-content\/uploads\/2024\/05\/incendio-ceco3-scaled.jpg?w=2400&amp;ssl=1 2400w\" sizes=\"auto, (max-width: 800px) 100vw, 800px\" \/><\/figure>\n\n\n\n<p><strong>Esto moviliz\u00f3 en principio a una dotaci\u00f3n de Bomberos que al observar las importantes llamas r\u00e1pidamente pidieron refuerzos y llegaron dos dotaciones m\u00e1s para trabajar en el lugar.<\/strong><\/p>\n\n\n\n<figure class=\"wp-block-image size-large\"><img data-recalc-dims=\"1\" loading=\"lazy\" decoding=\"async\" width=\"800\" height=\"445\" src=\"https:\/\/i0.wp.com\/cdnoticias.com\/wp-content\/uploads\/2024\/05\/incendio-ceco2.jpg?resize=800%2C445&#038;ssl=1\" alt=\"\" class=\"wp-image-116762\" srcset=\"https:\/\/i0.wp.com\/cdnoticias.com\/wp-content\/uploads\/2024\/05\/incendio-ceco2-scaled.jpg?resize=1024%2C570&amp;ssl=1 1024w, https:\/\/i0.wp.com\/cdnoticias.com\/wp-content\/uploads\/2024\/05\/incendio-ceco2-scaled.jpg?resize=300%2C167&amp;ssl=1 300w, https:\/\/i0.wp.com\/cdnoticias.com\/wp-content\/uploads\/2024\/05\/incendio-ceco2-scaled.jpg?resize=768%2C427&amp;ssl=1 768w, https:\/\/i0.wp.com\/cdnoticias.com\/wp-content\/uploads\/2024\/05\/incendio-ceco2-scaled.jpg?resize=1536%2C855&amp;ssl=1 1536w, https:\/\/i0.wp.com\/cdnoticias.com\/wp-content\/uploads\/2024\/05\/incendio-ceco2-scaled.jpg?resize=2048%2C1139&amp;ssl=1 2048w, https:\/\/i0.wp.com\/cdnoticias.com\/wp-content\/uploads\/2024\/05\/incendio-ceco2-scaled.jpg?resize=800%2C445&amp;ssl=1 800w, https:\/\/i0.wp.com\/cdnoticias.com\/wp-content\/uploads\/2024\/05\/incendio-ceco2-scaled.jpg?w=1600&amp;ssl=1 1600w, https:\/\/i0.wp.com\/cdnoticias.com\/wp-content\/uploads\/2024\/05\/incendio-ceco2-scaled.jpg?w=2400&amp;ssl=1 2400w\" sizes=\"auto, (max-width: 800px) 100vw, 800px\" \/><\/figure>\n\n\n\n<p>Afortunadamente, <strong>los moradores de la vivienda lograron salir sin heridas y un grupo de vecinos ayud\u00f3, en el momento del hecho, a retirar algunos muebles y objetos importantes para no sufrir los da\u00f1os de las llamas.<\/strong><\/p>\n\n\n\n<p>El secretario de Desarrollo de la Comunidad, Cristian Delpiani, como as\u00ed tambi\u00e9n el director de Defensa Civil, Adri\u00e1n Guevara, trabajaron en el lugar para asistir a las v\u00edctimas y ponerse a disposici\u00f3n.<\/p>\n\n\n\n<figure class=\"wp-block-image size-large\"><img data-recalc-dims=\"1\" loading=\"lazy\" decoding=\"async\" width=\"800\" height=\"445\" src=\"https:\/\/i0.wp.com\/cdnoticias.com\/wp-content\/uploads\/2024\/05\/incendio-ceco1.jpg?resize=800%2C445&#038;ssl=1\" alt=\"\" class=\"wp-image-116763\" srcset=\"https:\/\/i0.wp.com\/cdnoticias.com\/wp-content\/uploads\/2024\/05\/incendio-ceco1.jpg?resize=1024%2C570&amp;ssl=1 1024w, https:\/\/i0.wp.com\/cdnoticias.com\/wp-content\/uploads\/2024\/05\/incendio-ceco1.jpg?resize=300%2C167&amp;ssl=1 300w, https:\/\/i0.wp.com\/cdnoticias.com\/wp-content\/uploads\/2024\/05\/incendio-ceco1.jpg?resize=768%2C427&amp;ssl=1 768w, https:\/\/i0.wp.com\/cdnoticias.com\/wp-content\/uploads\/2024\/05\/incendio-ceco1.jpg?resize=1536%2C854&amp;ssl=1 1536w, https:\/\/i0.wp.com\/cdnoticias.com\/wp-content\/uploads\/2024\/05\/incendio-ceco1.jpg?resize=2048%2C1139&amp;ssl=1 2048w, https:\/\/i0.wp.com\/cdnoticias.com\/wp-content\/uploads\/2024\/05\/incendio-ceco1.jpg?resize=800%2C445&amp;ssl=1 800w, https:\/\/i0.wp.com\/cdnoticias.com\/wp-content\/uploads\/2024\/05\/incendio-ceco1.jpg?w=1600&amp;ssl=1 1600w, https:\/\/i0.wp.com\/cdnoticias.com\/wp-content\/uploads\/2024\/05\/incendio-ceco1.jpg?w=2400&amp;ssl=1 2400w\" sizes=\"auto, (max-width: 800px) 100vw, 800px\" \/><\/figure>\n\n\n\n<p><strong>Por estas horas a\u00fan trabajaban en el lugar para enfriar las paredes y evitar nuevos focos \u00edgneos sumado a evacuar todo tipo de preocupaci\u00f3n en viviendas vecinas <\/strong>dado que se encuentran muy cercanas. Se evaluaban, en este sentido, algunos da\u00f1os en otras casas.<\/p>\n\n\n\n<p>Tambi\u00e9n trabaj\u00f3 <strong>personal de Comando de Patrullas con un fuerte operativo de corte de calles para garantizar el trabajo de Bomberos. <\/strong>Tambi\u00e9n se acerc\u00f3 personal de guardia de Camuzzi Gas Pampeana para colaborar en las instalaciones.<\/p>\n","protected":false},"excerpt":{"rendered":"<p>Fue en el atardecer de este mi\u00e9rcoles. Trabajaron tres dotaciones de Bomberos. El hecho comenz\u00f3 en una churrasquera, y hubo<\/p>\n","protected":false},"author":2,"featured_media":116760,"comment_status":"closed","ping_status":"closed","sticky":false,"template":"","format":"standard","meta":{"_jetpack_memberships_contains_paid_content":false,"footnotes":""},"categories":[14,1],"tags":[],"class_list":["post-116712","post","type-post","status-publish","format-standard","has-post-thumbnail","hentry","category-policiales","category-portada"],"jetpack_featured_media_url":"https:\/\/i0.wp.com\/cdnoticias.com\/wp-content\/uploads\/2024\/05\/incendio-ceco4-scaled.jpg?fit=2560%2C1441&ssl=1","jetpack_sharing_enabled":true,"_links":{"self":[{"href":"https:\/\/cdnoticias.com\/index.php\/wp-json\/wp\/v2\/posts\/116712","targetHints":{"allow":["GET"]}}],"collection":[{"href":"https:\/\/cdnoticias.com\/index.php\/wp-json\/wp\/v2\/posts"}],"about":[{"href":"https:\/\/cdnoticias.com\/index.php\/wp-json\/wp\/v2\/types\/post"}],"author":[{"embeddable":true,"href":"https:\/\/cdnoticias.com\/index.php\/wp-json\/wp\/v2\/users\/2"}],"replies":[{"embeddable":true,"href":"https:\/\/cdnoticias.com\/index.php\/wp-json\/wp\/v2\/comments?post=116712"}],"version-history":[{"count":0,"href":"https:\/\/cdnoticias.com\/index.php\/wp-json\/wp\/v2\/posts\/116712\/revisions"}],"wp:featuredmedia":[{"embeddable":true,"href":"https:\/\/cdnoticias.com\/index.php\/wp-json\/wp\/v2\/media\/116760"}],"wp:attachment":[{"href":"https:\/\/cdnoticias.com\/index.php\/wp-json\/wp\/v2\/media?parent=116712"}],"wp:term":[{"taxonomy":"category","embeddable":true,"href":"https:\/\/cdnoticias.com\/index.php\/wp-json\/wp\/v2\/categories?post=116712"},{"taxonomy":"post_tag","embeddable":true,"href":"https:\/\/cdnoticias.com\/index.php\/wp-json\/wp\/v2\/tags?post=116712"}],"curies":[{"name":"wp","href":"https:\/\/api.w.org\/{rel}","templated":true}]}}